{"id":114842,"date":"2024-05-01T13:26:00","date_gmt":"2024-05-01T13:26:00","guid":{"rendered":"https:\/\/enolife.com.ar\/es\/?p=114842"},"modified":"2024-05-02T13:47:56","modified_gmt":"2024-05-02T13:47:56","slug":"salud-laburantes-que-no-falte-el-trabajo-ni-el-vino-en-el-hogar-argentino","status":"publish","type":"post","link":"https:\/\/enolife.com.ar\/es\/salud-laburantes-que-no-falte-el-trabajo-ni-el-vino-en-el-hogar-argentino\/","title":{"rendered":"\u00a1Salud laburantes! \u00a1Que no falte el trabajo ni el vino en el hogar argentino!"},"content":{"rendered":"\n<h4 class=\"wp-block-heading\"><em><strong>Hoy 1 de mayo, en el D\u00eda Internacional de los Trabajadores, el Fondo Vitivin\u00edcola de Mendoza y la Corporaci\u00f3n Vitivin\u00edcola Argentina (Coviar) hicieron p\u00fablico su abrazo a todos los laburantes del vino, poniendo de relieve algunos n\u00fameros que demuestran la importancia de la industria vitivin\u00edcola como generadora de empleos. Tambi\u00e9n publicaron en su web un video alusivo que incluimos en este saludo.<\/strong><\/em><\/h4>\n\n\n\n<div style=\"height:35px\" aria-hidden=\"true\" class=\"wp-block-spacer\"><\/div>\n\n\n\n\n\n<div style=\"height:45px\" aria-hidden=\"true\" class=\"wp-block-spacer\"><\/div>\n\n\n\n<p>En su comunicado de salutaci\u00f3n, el Fondo Vitivin\u00edcola de Mendoza y la Corporaci\u00f3n Vitivin\u00edcola Argentina (Coviar) destacaron la relevancia de la industria vitivin\u00edcola dentro de la cadena agroindustrial: <\/p>\n\n\n\n<p><em>\u00abEn el D\u00eda de las y los Trabajadores, es necesario destacar a la cadena productiva de la uva, la gran generadora de empleos del sector agroindustrial.<\/em><\/p>\n\n\n\n<p><em>\u00abPor cada 100 ha cultivadas se generan 73 puestos de trabajo directos. En comparaci\u00f3n con otros complejos, la diferencia es inigualable: en la misma \u00e1rea, por ejemplo, el complejo triguero genera 3 puestos de trabajo y, el de la soja, s\u00f3lo 2. Esta abismal diferencia convierte a la cadena productiva de la uva en la mayor generadora de empleos del sector agroindustrial.<\/em><\/p>\n\n\n\n<div style=\"height:35px\" aria-hidden=\"true\" class=\"wp-block-spacer\"><\/div>\n\n\n\n<figure class=\"wp-block-embed is-type-video is-provider-youtube wp-block-embed-youtube wp-embed-aspect-4-3 wp-has-aspect-ratio\"><div class=\"wp-block-embed__wrapper\">\n<iframe loading=\"lazy\" title=\"Que no falte el Trabajo ni el Vino en el Hogar argentino\" width=\"1170\" height=\"878\" src=\"https:\/\/www.youtube.com\/embed\/NIHnpCpD-wM?feature=oembed\" frameborder=\"0\" allow=\"accelerometer; autoplay; clipboard-write; encrypted-media; gyroscope; picture-in-picture; web-share\" referrerpolicy=\"strict-origin-when-cross-origin\" allowfullscreen><\/iframe>\n<\/div><\/figure>\n\n\n\n<div style=\"height:35px\" aria-hidden=\"true\" class=\"wp-block-spacer\"><\/div>\n\n\n\n<p><em>\u00abLos datos surgen del Observatorio Vitivin\u00edcola Argentino, en base a informaci\u00f3n de Bolsa de Comercio de Rosario y Fundaci\u00f3n Agropecuaria para el Desarrollo de Argentina.<\/em><\/p>\n\n\n\n<p><em>\u00abCabe destacar que estos n\u00fameros corresponden a puestos de trabajo en vi\u00f1a y bodega. El empleo se multiplica incluso si se tiene en cuenta el empleo estacional (cosechadores) y el que se genera de manera indirecta, especialmente en \u00e1reas de bienes y servicios.\u00bb<\/em><\/p>\n\n\n\n<div style=\"height:25px\" aria-hidden=\"true\" class=\"wp-block-spacer\"><\/div>\n","protected":false},"excerpt":{"rendered":"<p>Hoy 1 de mayo, en el D\u00eda Internacional de los Trabajadores, el Fondo Vitivin\u00edcola de&hellip;<\/p>\n","protected":false},"author":3,"featured_media":114898,"comment_status":"open","ping_status":"open","sticky":false,"template":"","format":"standard","meta":{"footnotes":""},"categories":[14],"tags":[],"class_list":["post-114842","post","type-post","status-publish","format-standard","has-post-thumbnail","hentry","category-news"],"_links":{"self":[{"href":"https:\/\/enolife.com.ar\/es\/wp-json\/wp\/v2\/posts\/114842","targetHints":{"allow":["GET"]}}],"collection":[{"href":"https:\/\/enolife.com.ar\/es\/wp-json\/wp\/v2\/posts"}],"about":[{"href":"https:\/\/enolife.com.ar\/es\/wp-json\/wp\/v2\/types\/post"}],"author":[{"embeddable":true,"href":"https:\/\/enolife.com.ar\/es\/wp-json\/wp\/v2\/users\/3"}],"replies":[{"embeddable":true,"href":"https:\/\/enolife.com.ar\/es\/wp-json\/wp\/v2\/comments?post=114842"}],"version-history":[{"count":0,"href":"https:\/\/enolife.com.ar\/es\/wp-json\/wp\/v2\/posts\/114842\/revisions"}],"wp:featuredmedia":[{"embeddable":true,"href":"https:\/\/enolife.com.ar\/es\/wp-json\/wp\/v2\/media\/114898"}],"wp:attachment":[{"href":"https:\/\/enolife.com.ar\/es\/wp-json\/wp\/v2\/media?parent=114842"}],"wp:term":[{"taxonomy":"category","embeddable":true,"href":"https:\/\/enolife.com.ar\/es\/wp-json\/wp\/v2\/categories?post=114842"},{"taxonomy":"post_tag","embeddable":true,"href":"https:\/\/enolife.com.ar\/es\/wp-json\/wp\/v2\/tags?post=114842"}],"curies":[{"name":"wp","href":"https:\/\/api.w.org\/{rel}","templated":true}]}}