{"id":114747,"date":"2024-04-29T12:56:44","date_gmt":"2024-04-29T12:56:44","guid":{"rendered":"https:\/\/enolife.com.ar\/es\/?p=114747"},"modified":"2024-04-30T21:54:05","modified_gmt":"2024-04-30T21:54:05","slug":"por-la-fuerte-demanda-el-curso-de-encargados-de-finca-de-agrarias-se-repetira-el-2do-semestre","status":"publish","type":"post","link":"https:\/\/enolife.com.ar\/es\/por-la-fuerte-demanda-el-curso-de-encargados-de-finca-de-agrarias-se-repetira-el-2do-semestre\/","title":{"rendered":"Por la fuerte demanda, el curso de Encargados de Finca de Agrarias se repetir\u00e1 el 2do. semestre"},"content":{"rendered":"\n<h4 class=\"wp-block-heading\"><em><strong>Con 30 participantes de 17 empresas y una segunda edici\u00f3n ya confirmada, comenz\u00f3 el martes 23 de abril el curso de capacitaci\u00f3n para Encargados de finca de la Escuela de Oficios de la Facultad de Ciencias Agrarias (FCA) de la Universidad Nacional de Cuyo (UNCuyo).<\/strong><\/em><\/h4>\n\n\n\n<div style=\"height:35px\" aria-hidden=\"true\" class=\"wp-block-spacer\"><\/div>\n\n\n<a href=\"https:\/\/www.facebook.com\/SindicatoContratitas\/\" aria-label=\"banner contratistas 1700&#215;500\"><img loading=\"lazy\" decoding=\"async\" src=\"https:\/\/enolife.com.ar\/es\/wp-content\/uploads\/2020\/08\/banner-contratistas-1700x500-1.jpg\" alt=\"\"  srcset=\"https:\/\/enolife.com.ar\/es\/wp-content\/uploads\/2020\/08\/banner-contratistas-1700x500-1.jpg 1700w, https:\/\/enolife.com.ar\/es\/wp-content\/uploads\/2020\/08\/banner-contratistas-1700x500-1-300x88.jpg 300w, https:\/\/enolife.com.ar\/es\/wp-content\/uploads\/2020\/08\/banner-contratistas-1700x500-1-1024x301.jpg 1024w, https:\/\/enolife.com.ar\/es\/wp-content\/uploads\/2020\/08\/banner-contratistas-1700x500-1-768x226.jpg 768w, https:\/\/enolife.com.ar\/es\/wp-content\/uploads\/2020\/08\/banner-contratistas-1700x500-1-1536x452.jpg 1536w, https:\/\/enolife.com.ar\/es\/wp-content\/uploads\/2020\/08\/banner-contratistas-1700x500-1-1170x344.jpg 1170w, https:\/\/enolife.com.ar\/es\/wp-content\/uploads\/2020\/08\/banner-contratistas-1700x500-1-585x172.jpg 585w\" sizes=\"auto, (max-width: 1700px) 100vw, 1700px\" width=\"1700\" height=\"500\"   \/><\/a>\n\n\n<div style=\"height:45px\" aria-hidden=\"true\" class=\"wp-block-spacer\"><\/div>\n\n\n\n<p>La&nbsp;<strong>Facultad de Ciencias Agrarias (FCA) de la Universidad Nacional de Cuyo (UNCuyo)<\/strong>,&nbsp;mediante su&nbsp;<strong>Escuela de Oficios<\/strong>&nbsp;dio inicio a la primera jornada de la&nbsp;<strong>Escuela de Encargados<\/strong>,&nbsp;con la presencia de la&nbsp;decana de la Facultad,<strong> Mar\u00eda Flavia Filippini<\/strong>, el&nbsp;director de Agricultura del Ministerio&nbsp;de Producci\u00f3n de Mendoza, <strong>Alfredo Draque<\/strong>, la&nbsp;secretaria de Vinculaci\u00f3n de la FCA,<strong> Jimena Estrella,&nbsp;<\/strong>y los&nbsp;coordinadores de la escuela <strong>Marcos Montoya <\/strong>y<strong> Pamela Federici<\/strong>. Los asistentes son&nbsp;encargados de fincas vit\u00edcolas, frut\u00edcolas y hort\u00edcolas de<strong> Eugenio Bustos, La Consulta, Rivadavia, Montecaseros, Ugarteche <\/strong>y<strong> Perdriel<\/strong>, todas localidades mendocinas donde las actividades agr\u00edcolas tienen fuerte impacto y generan trabajo.<\/p>\n\n\n\n<div style=\"height:25px\" aria-hidden=\"true\" class=\"wp-block-spacer\"><\/div>\n\n\n\n<p class=\"has-pale-cyan-blue-background-color has-background\">Se trata de una propuesta de formaci\u00f3n destinada a <strong>encargados de fincas frut\u00edcolas, hort\u00edcolas y vit\u00edcolas.<\/strong> En&nbsp;<strong>10 jornadas de 5 horas&nbsp;<\/strong>se brindan conocimientos actualizados y especializados en la gesti\u00f3n y mantenimiento de fincas agr\u00edcolas, contribuyendo as\u00ed al fortalecimiento del sector productivo de la regi\u00f3n.<\/p>\n\n\n\n<div style=\"height:21px\" aria-hidden=\"true\" class=\"wp-block-spacer\"><\/div>\n\n\n\n<p>La formaci\u00f3n<strong>&nbsp;incluye instancias de aprendizajes te\u00f3ricas y pr\u00e1cticas&nbsp;<\/strong>que se realizan en las instalaciones de la FCA, y es dicatada por docentes junto a egresados de esta casa de estudios.<\/p>\n\n\n\n<p>La propuesta es acompa\u00f1ada por la empresa&nbsp;<strong>Luj\u00e1n Agr\u00edcola<\/strong>, como principal sponsor. <\/p>\n\n\n\n<p>Debido a la gran aceptaci\u00f3n de la propuesta en el medio, es que se ha elaborado una lista de espera con empresas y personas interesadas en realizar la formaci\u00f3n en el segundo semestre.<\/p>\n\n\n\n<div style=\"height:26px\" aria-hidden=\"true\" class=\"wp-block-spacer\"><\/div>\n","protected":false},"excerpt":{"rendered":"<p>Con 30 participantes de 17 empresas y una segunda edici\u00f3n ya confirmada, comenz\u00f3 el martes&hellip;<\/p>\n","protected":false},"author":3,"featured_media":114748,"comment_status":"open","ping_status":"open","sticky":false,"template":"","format":"standard","meta":{"footnotes":""},"categories":[14],"tags":[],"class_list":["post-114747","post","type-post","status-publish","format-standard","has-post-thumbnail","hentry","category-news"],"_links":{"self":[{"href":"https:\/\/enolife.com.ar\/es\/wp-json\/wp\/v2\/posts\/114747","targetHints":{"allow":["GET"]}}],"collection":[{"href":"https:\/\/enolife.com.ar\/es\/wp-json\/wp\/v2\/posts"}],"about":[{"href":"https:\/\/enolife.com.ar\/es\/wp-json\/wp\/v2\/types\/post"}],"author":[{"embeddable":true,"href":"https:\/\/enolife.com.ar\/es\/wp-json\/wp\/v2\/users\/3"}],"replies":[{"embeddable":true,"href":"https:\/\/enolife.com.ar\/es\/wp-json\/wp\/v2\/comments?post=114747"}],"version-history":[{"count":0,"href":"https:\/\/enolife.com.ar\/es\/wp-json\/wp\/v2\/posts\/114747\/revisions"}],"wp:featuredmedia":[{"embeddable":true,"href":"https:\/\/enolife.com.ar\/es\/wp-json\/wp\/v2\/media\/114748"}],"wp:attachment":[{"href":"https:\/\/enolife.com.ar\/es\/wp-json\/wp\/v2\/media?parent=114747"}],"wp:term":[{"taxonomy":"category","embeddable":true,"href":"https:\/\/enolife.com.ar\/es\/wp-json\/wp\/v2\/categories?post=114747"},{"taxonomy":"post_tag","embeddable":true,"href":"https:\/\/enolife.com.ar\/es\/wp-json\/wp\/v2\/tags?post=114747"}],"curies":[{"name":"wp","href":"https:\/\/api.w.org\/{rel}","templated":true}]}}