{"id":114667,"date":"2024-04-27T22:43:23","date_gmt":"2024-04-27T22:43:23","guid":{"rendered":"https:\/\/enolife.com.ar\/es\/?p=114667"},"modified":"2024-04-28T22:53:24","modified_gmt":"2024-04-28T22:53:24","slug":"fecovita-coviar-y-la-camara-de-granel-invitan-a-una-jornada-gratuita-de-desarrollo-sostenible-el-3-5","status":"publish","type":"post","link":"https:\/\/enolife.com.ar\/es\/fecovita-coviar-y-la-camara-de-granel-invitan-a-una-jornada-gratuita-de-desarrollo-sostenible-el-3-5\/","title":{"rendered":"Fecovita, Coviar y la C\u00e1mara de Granel invitan a una jornada gratuita de desarrollo sostenible, el 3\/5"},"content":{"rendered":"\n<h4 class=\"wp-block-heading\"><em><strong>La C\u00e1mara Argentina de Vinos a Granel y la Corporaci\u00f3n Vitivin\u00edcola Argentina (Coviar) invitan a la \u00abJornada de desarrollo sostenible en la industria vitivin\u00edcola\u00bb. La actividad ser\u00e1 en la casa matriz de Fecovita, en Maip\u00fa, Mendoza, el  viernes 3\/5 de 9 a 12.30 hs. La participaci\u00f3n es gratuita con previa inscripci\u00f3n.<\/strong><\/em><\/h4>\n\n\n\n<div style=\"height:35px\" aria-hidden=\"true\" class=\"wp-block-spacer\"><\/div>\n\n\n<a href=\"https:\/\/estanciamendoza.com.ar\/es\/\" aria-label=\"Copia de BEM &#8211; Banner adaptaciones diario digital_BEM &#8211; Banner Enolife &#8211; 1700&#215;500\"><img loading=\"lazy\" decoding=\"async\" src=\"https:\/\/enolife.com.ar\/es\/wp-content\/uploads\/2019\/07\/Copia-de-BEM-Banner-adaptaciones-diario-digital_BEM-Banner-Enolife-1700x500-1.jpg\" alt=\"\"  srcset=\"https:\/\/enolife.com.ar\/es\/wp-content\/uploads\/2019\/07\/Copia-de-BEM-Banner-adaptaciones-diario-digital_BEM-Banner-Enolife-1700x500-1.jpg 1700w, https:\/\/enolife.com.ar\/es\/wp-content\/uploads\/2019\/07\/Copia-de-BEM-Banner-adaptaciones-diario-digital_BEM-Banner-Enolife-1700x500-1-300x88.jpg 300w, https:\/\/enolife.com.ar\/es\/wp-content\/uploads\/2019\/07\/Copia-de-BEM-Banner-adaptaciones-diario-digital_BEM-Banner-Enolife-1700x500-1-1024x301.jpg 1024w, https:\/\/enolife.com.ar\/es\/wp-content\/uploads\/2019\/07\/Copia-de-BEM-Banner-adaptaciones-diario-digital_BEM-Banner-Enolife-1700x500-1-768x226.jpg 768w, https:\/\/enolife.com.ar\/es\/wp-content\/uploads\/2019\/07\/Copia-de-BEM-Banner-adaptaciones-diario-digital_BEM-Banner-Enolife-1700x500-1-1536x452.jpg 1536w, https:\/\/enolife.com.ar\/es\/wp-content\/uploads\/2019\/07\/Copia-de-BEM-Banner-adaptaciones-diario-digital_BEM-Banner-Enolife-1700x500-1-1170x344.jpg 1170w, https:\/\/enolife.com.ar\/es\/wp-content\/uploads\/2019\/07\/Copia-de-BEM-Banner-adaptaciones-diario-digital_BEM-Banner-Enolife-1700x500-1-585x172.jpg 585w\" sizes=\"auto, (max-width: 1700px) 100vw, 1700px\" width=\"1700\" height=\"500\"   \/><\/a>\n\n\n<div style=\"height:50px\" aria-hidden=\"true\" class=\"wp-block-spacer\"><\/div>\n\n\n<div class=\"wp-block-image\">\n<figure class=\"alignleft size-full is-resized\"><a href=\"https:\/\/enolife.com.ar\/es\/wp-content\/uploads\/2024\/04\/3581eeea-d94f-495b-9e62-161ac7a55c9c.jpg\" data-rel=\"penci-gallery-image-content\" ><img loading=\"lazy\" decoding=\"async\" src=\"https:\/\/enolife.com.ar\/es\/wp-content\/uploads\/2024\/04\/3581eeea-d94f-495b-9e62-161ac7a55c9c.jpg\" alt=\"\" class=\"wp-image-114668\" width=\"428\" height=\"425\" srcset=\"https:\/\/enolife.com.ar\/es\/wp-content\/uploads\/2024\/04\/3581eeea-d94f-495b-9e62-161ac7a55c9c.jpg 504w, https:\/\/enolife.com.ar\/es\/wp-content\/uploads\/2024\/04\/3581eeea-d94f-495b-9e62-161ac7a55c9c-300x298.jpg 300w, https:\/\/enolife.com.ar\/es\/wp-content\/uploads\/2024\/04\/3581eeea-d94f-495b-9e62-161ac7a55c9c-150x150.jpg 150w\" sizes=\"auto, (max-width: 428px) 100vw, 428px\" \/><\/a><\/figure><\/div>\n\n\n<p>Con la finalidad de dialogar sobre la <strong>Gu\u00eda de Sostenibilidad de la Vitivinicultura Argentina<\/strong> y su implementaci\u00f3n, la <strong>Corporaci\u00f3n Vitivin\u00edcola Argentina (Coviar<\/strong>) junto a la <strong>C\u00e1mara Argentina de Vino a Granel<\/strong> invitan a participar de una jornada en la que se tratar\u00e1n los siguientes temas:<\/p>\n\n\n\n<ul class=\"wp-block-list\">\n<li><strong>Gu\u00eda de Sostenibilidad de la Vitivinicultura Argentina:<\/strong> Expone <strong>Alfredo Fonzar<\/strong>, de Coviar<\/li>\n\n\n\n<li><strong>Casos pr\u00e1cticos de implementaci\u00f3n en bodegas: <\/strong>Exponen <strong>Lucas Frissolo<\/strong> de Bodega Clement y <strong>Gianina Guardatti<\/strong> de Fecovita.<\/li>\n<\/ul>\n\n\n\n<p class=\"has-background\" style=\"background-color:#abb7c247\"><strong>Datos de inter\u00e9s<\/strong><br><strong>Fecha<\/strong>: Viernes 3 de mayo<br><strong>Horario<\/strong>: 9 a 12.30 hs<br><strong>Lugar<\/strong>: Fecovita, Adriano G\u00f3mez 265, Maip\u00fa, Mendoza.<br><strong>La actividad es gratuita con previa inscripci\u00f3n a: <a href=\"mailto:abc@bulkwines.info\">abc@bulkwines.info<\/a><\/strong><\/p>\n\n\n\n<div style=\"height:30px\" aria-hidden=\"true\" class=\"wp-block-spacer\"><\/div>\n","protected":false},"excerpt":{"rendered":"<p>La C\u00e1mara Argentina de Vinos a Granel y la Corporaci\u00f3n Vitivin\u00edcola Argentina (Coviar) invitan a&hellip;<\/p>\n","protected":false},"author":3,"featured_media":114670,"comment_status":"open","ping_status":"open","sticky":false,"template":"","format":"standard","meta":{"footnotes":""},"categories":[47],"tags":[],"class_list":["post-114667","post","type-post","status-publish","format-standard","has-post-thumbnail","hentry","category-agenda"],"_links":{"self":[{"href":"https:\/\/enolife.com.ar\/es\/wp-json\/wp\/v2\/posts\/114667","targetHints":{"allow":["GET"]}}],"collection":[{"href":"https:\/\/enolife.com.ar\/es\/wp-json\/wp\/v2\/posts"}],"about":[{"href":"https:\/\/enolife.com.ar\/es\/wp-json\/wp\/v2\/types\/post"}],"author":[{"embeddable":true,"href":"https:\/\/enolife.com.ar\/es\/wp-json\/wp\/v2\/users\/3"}],"replies":[{"embeddable":true,"href":"https:\/\/enolife.com.ar\/es\/wp-json\/wp\/v2\/comments?post=114667"}],"version-history":[{"count":0,"href":"https:\/\/enolife.com.ar\/es\/wp-json\/wp\/v2\/posts\/114667\/revisions"}],"wp:featuredmedia":[{"embeddable":true,"href":"https:\/\/enolife.com.ar\/es\/wp-json\/wp\/v2\/media\/114670"}],"wp:attachment":[{"href":"https:\/\/enolife.com.ar\/es\/wp-json\/wp\/v2\/media?parent=114667"}],"wp:term":[{"taxonomy":"category","embeddable":true,"href":"https:\/\/enolife.com.ar\/es\/wp-json\/wp\/v2\/categories?post=114667"},{"taxonomy":"post_tag","embeddable":true,"href":"https:\/\/enolife.com.ar\/es\/wp-json\/wp\/v2\/tags?post=114667"}],"curies":[{"name":"wp","href":"https:\/\/api.w.org\/{rel}","templated":true}]}}