{"id":114327,"date":"2024-04-24T22:34:08","date_gmt":"2024-04-24T22:34:08","guid":{"rendered":"https:\/\/enolife.com.ar\/es\/?p=114327"},"modified":"2024-04-26T15:28:16","modified_gmt":"2024-04-26T15:28:16","slug":"un-economista-del-mit-dictara-talleres-para-estudiantes-y-emprendedores-en-mendoza","status":"publish","type":"post","link":"https:\/\/enolife.com.ar\/es\/un-economista-del-mit-dictara-talleres-para-estudiantes-y-emprendedores-en-mendoza\/","title":{"rendered":"Un economista del MIT dictar\u00e1 talleres para estudiantes y emprendedores en Mendoza"},"content":{"rendered":"\n<h4 class=\"wp-block-heading\"><em><strong>De la mano de Merovingian Data, la Facultad de Ciencias Agrarias, y con el apoyo de varias instituciones de la provincia de Mendoza, el economista espa\u00f1ol Pedro Jos\u00e9 Mateos Felipe, director para Am\u00e9rica Latina del Massachusetts Institute of Technology (MIT) brindar\u00e1 una serie de capacitaciones y charlas del 1 al 10 de mayo, actividades destinadas a apoyar el ecosistema emprendedor.<\/strong><\/em><\/h4>\n\n\n\n<div style=\"height:35px\" aria-hidden=\"true\" class=\"wp-block-spacer\"><\/div>\n\n\n<a href=\"https:\/\/www.instagram.com\/agroconciencia_\" aria-label=\"BANNER AGROCONCIENCIA 1700X500\"><img loading=\"lazy\" decoding=\"async\" src=\"https:\/\/enolife.com.ar\/es\/wp-content\/uploads\/2019\/07\/BANNER-AGROCONCIENCIA-1700X500-1.jpg\" alt=\"\"  srcset=\"https:\/\/enolife.com.ar\/es\/wp-content\/uploads\/2019\/07\/BANNER-AGROCONCIENCIA-1700X500-1.jpg 1700w, https:\/\/enolife.com.ar\/es\/wp-content\/uploads\/2019\/07\/BANNER-AGROCONCIENCIA-1700X500-1-300x88.jpg 300w, https:\/\/enolife.com.ar\/es\/wp-content\/uploads\/2019\/07\/BANNER-AGROCONCIENCIA-1700X500-1-1024x301.jpg 1024w, https:\/\/enolife.com.ar\/es\/wp-content\/uploads\/2019\/07\/BANNER-AGROCONCIENCIA-1700X500-1-768x226.jpg 768w, https:\/\/enolife.com.ar\/es\/wp-content\/uploads\/2019\/07\/BANNER-AGROCONCIENCIA-1700X500-1-1536x452.jpg 1536w, https:\/\/enolife.com.ar\/es\/wp-content\/uploads\/2019\/07\/BANNER-AGROCONCIENCIA-1700X500-1-1170x344.jpg 1170w, https:\/\/enolife.com.ar\/es\/wp-content\/uploads\/2019\/07\/BANNER-AGROCONCIENCIA-1700X500-1-585x172.jpg 585w\" sizes=\"auto, (max-width: 1700px) 100vw, 1700px\" width=\"1700\" height=\"500\"   \/><\/a>\n\n\n<div style=\"height:45px\" aria-hidden=\"true\" class=\"wp-block-spacer\"><\/div>\n\n\n\n<p>En el marco del<strong>&nbsp;Premio MIT Technology Review Innovator Under 35 LATAM<\/strong>,<strong>&nbsp;<\/strong>Pedro Mateos visitar\u00e1 la provincia de Mendoza y tendr\u00e1 una semana intensa de actividades destinadas a estudiantes y emprendedores, a gestores de desarrollo emprendedor y a empresas destacadas en la provincia<\/p>\n\n\n\n<p>Las actividades son organizadas por la empresa&nbsp;<strong>Merovingian Data<\/strong>&nbsp;y por la&nbsp;<strong>Facultad de Ciencias Agrarias<\/strong>. A su vez, cuentan con el apoyo de la Agencia Mendocina de Innovaci\u00f3n, Ciencia y Tecnolog\u00eda, la Direcci\u00f3n de Emprendedores y Cooperativas, Ministerio de Producci\u00f3n, la Secretar\u00eda de Desarrollo Econ\u00f3mico, Municipalidad de la Ciudad de Mendoza, el \u00c1rea de Vinculaci\u00f3n, Universidad Nacional de Cuyo, Rule Retali Comunicaci\u00f3n, Dervinsa, la Municipalidad de Las Heras y Endeavour.<\/p>\n\n\n\n<p>Los<strong>&nbsp;<\/strong>estudiantes secundarios, universitarios y los emprendedores tendr\u00e1n oportunidad el 7 de mayo de conocer el paso a paso del emprendimiento, de la mano de Mateos y de empresas locales de \u00e9xito. Con charlas breves y \u00e1giles se busca apoyar el proceso de emprendimiento, dando a conocer empresas de distintos rubros y con diferentes sendas de crecimiento.<\/p>\n\n\n\n<div style=\"height:30px\" aria-hidden=\"true\" class=\"wp-block-spacer\"><\/div>\n\n\n<div class=\"wp-block-image\">\n<figure class=\"aligncenter size-full is-resized\"><a href=\"https:\/\/enolife.com.ar\/es\/wp-content\/uploads\/2024\/04\/image-41.png\" data-rel=\"penci-gallery-image-content\" ><img loading=\"lazy\" decoding=\"async\" src=\"https:\/\/enolife.com.ar\/es\/wp-content\/uploads\/2024\/04\/image-41.png\" alt=\"\" class=\"wp-image-114329\" width=\"611\" height=\"359\" srcset=\"https:\/\/enolife.com.ar\/es\/wp-content\/uploads\/2024\/04\/image-41.png 930w, https:\/\/enolife.com.ar\/es\/wp-content\/uploads\/2024\/04\/image-41-300x176.png 300w, https:\/\/enolife.com.ar\/es\/wp-content\/uploads\/2024\/04\/image-41-768x451.png 768w, https:\/\/enolife.com.ar\/es\/wp-content\/uploads\/2024\/04\/image-41-585x343.png 585w\" sizes=\"auto, (max-width: 611px) 100vw, 611px\" \/><\/a><\/figure><\/div>\n\n\n<div style=\"height:35px\" aria-hidden=\"true\" class=\"wp-block-spacer\"><\/div>\n\n\n\n<p class=\"has-medium-font-size\"><strong>Sobre Pedro Mateos<\/strong><\/p>\n\n\n\n<p>Es<strong>&nbsp;director MIT TR Innovator Under 35 Latam<\/strong>. Economista por la Complutense de Madrid, trabaj\u00f3 para IBM, Philips y Daikin. Fue Delegado Internacional del movimiento de Cruz Roja en \u00c1frica, Asia y Latam Hace 10 a\u00f1os fund\u00f3 una consultora enfocada en innovaci\u00f3n, transformaci\u00f3n empresarial y agilidad que hoy forma parte de Opinno. <\/p>\n\n\n\n<p>Es profesor de programas de innovaci\u00f3n y transformaci\u00f3n con metodolog\u00edas de trabajo \u00e1giles en universidades y escuelas de negocio como PUCP, Centrum, Pacifico Business School, PAD Piura y Florida International University.<\/p>\n\n\n\n<div style=\"height:24px\" aria-hidden=\"true\" class=\"wp-block-spacer\"><\/div>\n\n\n\n<p class=\"has-medium-font-size\"><strong>Agenda<\/strong><\/p>\n\n\n\n<p class=\"has-background\" style=\"background-color:#abb7c23d\"><strong>Martes 7\/5<\/strong><\/p>\n\n\n\n<p><strong>Jornada:&nbsp;<\/strong>Llega el MIT a Mendoza. Inspiraci\u00f3n, colaboraci\u00f3n y transformaci\u00f3n<br><strong>Destinatarios:&nbsp;<\/strong>estudiantes secundarios y universitarios y emprendedores<\/p>\n\n\n\n<ul class=\"wp-block-list\">\n<li>El paso a paso del emprendimiento<\/li>\n<\/ul>\n\n\n\n<ol class=\"wp-block-list\">\n<li>Despertando la creatividad, motivaci\u00f3n,<\/li>\n\n\n\n<li>Incubaci\u00f3n<\/li>\n\n\n\n<li>Aceleraci\u00f3n y Growth<\/li>\n\n\n\n<li>Empresas de servicios<\/li>\n<\/ol>\n\n\n\n<ul class=\"wp-block-list\">\n<li>Lanzamiento Concurso MIT TR IU35 LATAM<\/li>\n<\/ul>\n\n\n\n<p><strong>Lugar:<\/strong>&nbsp;Facultad de Ciencias Agrarias , Aula Magna<br><strong>Horario:&nbsp;<\/strong>9-14hs<br><strong>Inscripciones:&nbsp;<a href=\"https:\/\/forms.gle\/nzV9LtB55yqFCtSa6\">https:\/\/forms.gle\/nzV9LtB55yqFCtSa6<\/a><\/strong><\/p>\n\n\n\n<div style=\"height:30px\" aria-hidden=\"true\" class=\"wp-block-spacer\"><\/div>\n\n\n\n<p class=\"has-background\" style=\"background-color:#abb7c23d\"><strong>Mi\u00e9rcoles 8\/5<\/strong><\/p>\n\n\n\n<p><strong>Taller:<\/strong>&nbsp;Entrenamiento para gestores de desarrollo emprendedor de Mendoza<br><strong>Formador:<\/strong>&nbsp;Pedro Mateos<br><strong>Destinatarios:<\/strong>&nbsp;gestores de \u00e1reas de emprendedurismo, \u00e1reas de desarrollo econ\u00f3mico, incubadoras p\u00fablicas y privadas y aceleradoras privadas &#8211; Consejo Consultivo Emprendedor de Mendoza<br><strong>Anfitri\u00f3n:&nbsp;<\/strong>Secretar\u00eda de Desarrollo Econ\u00f3mico, Municipalidad de la Ciudad de Mendoza<br><strong>Lugar:&nbsp;<\/strong>Distrito 33<br><strong>Horario:&nbsp;<\/strong>10-13hs<br><strong>Inscripciones:&nbsp;<a href=\"https:\/\/forms.gle\/6a2Jguvw4VfcRKQy5\">https:\/\/forms.gle\/6a2Jguvw4VfcRKQy5<\/a><\/strong><\/p>\n\n\n\n<div style=\"height:30px\" aria-hidden=\"true\" class=\"wp-block-spacer\"><\/div>\n\n\n\n<p class=\"has-background\" style=\"background-color:#abb7c23d\"><strong>Jueves 9\/5<\/strong><\/p>\n\n\n\n<p><strong>Jornada:<\/strong>&nbsp;Revolucionando desde adentro, intraemprendimiento la clave para la transformaci\u00f3n empresarial<\/p>\n\n\n\n<ul class=\"wp-block-list\">\n<li><strong>Conferencia:<\/strong>&nbsp;Intraemprendimiento. Pedro Mateos<\/li>\n\n\n\n<li><strong>Casos de \u00e9xito de empresas locales:&nbsp;<\/strong>REVAI; RECICLARG; DAMS,<\/li>\n\n\n\n<li><strong>Mesa de cierre:&nbsp;<\/strong>construyendo un ecosistema sostenible: gobierno, academia y sector privado<\/li>\n<\/ul>\n\n\n\n<p><strong>Anfitri\u00f3n:&nbsp;<\/strong>Agencia Mendocina de Innovaci\u00f3n, Ciencia y Tecnolog\u00eda, y Direcci\u00f3n de Emprendedores y Cooperativas, Ministerio de Producci\u00f3n, Gobierno de Mendoza.<br><strong>Lugar:&nbsp;<\/strong>Auditorio IDITS<br><strong>Horario:&nbsp;<\/strong>8:30-11:30<br><strong>Inscripci\u00f3n:&nbsp;<a href=\"http:\/\/https\/\/forms.gle\/zHRBcv6ALe1AqSNV9\">https:\/\/forms.gle\/zHRBcv6ALe1AqSNV9<\/a><\/strong><\/p>\n\n\n\n<div style=\"height:30px\" aria-hidden=\"true\" class=\"wp-block-spacer\"><\/div>\n\n\n\n<p class=\"has-background\" style=\"background-color:#abb7c23d\"><strong>Viernes 10\/5<\/strong><\/p>\n\n\n\n<p><strong>Taller:&nbsp;<\/strong>Construyendo un ecosistema emprendedor en el Este provincial<br><strong>Destinatarios:&nbsp;<\/strong>emprendedores y PYMES de la zona este de Mendoza, agentes de desarrollo emprendedor<br><strong>Lugar:&nbsp;<\/strong>Sala de reuniones, Dervinsa<br><strong>Horario:<\/strong>&nbsp;10-12.30<br><strong>Inscripciones:&nbsp;<a href=\"https:\/\/forms.gle\/1hg3f1FicvaVjtMY8\">https:\/\/forms.gle\/1hg3f1FicvaVjtMY8<\/a><\/strong><\/p>\n\n\n\n<div style=\"height:30px\" aria-hidden=\"true\" class=\"wp-block-spacer\"><\/div>\n","protected":false},"excerpt":{"rendered":"<p>De la mano de Merovingian Data, la Facultad de Ciencias Agrarias, y con el apoyo&hellip;<\/p>\n","protected":false},"author":3,"featured_media":114369,"comment_status":"open","ping_status":"open","sticky":false,"template":"","format":"standard","meta":{"footnotes":""},"categories":[47],"tags":[],"class_list":["post-114327","post","type-post","status-publish","format-standard","has-post-thumbnail","hentry","category-agenda"],"_links":{"self":[{"href":"https:\/\/enolife.com.ar\/es\/wp-json\/wp\/v2\/posts\/114327","targetHints":{"allow":["GET"]}}],"collection":[{"href":"https:\/\/enolife.com.ar\/es\/wp-json\/wp\/v2\/posts"}],"about":[{"href":"https:\/\/enolife.com.ar\/es\/wp-json\/wp\/v2\/types\/post"}],"author":[{"embeddable":true,"href":"https:\/\/enolife.com.ar\/es\/wp-json\/wp\/v2\/users\/3"}],"replies":[{"embeddable":true,"href":"https:\/\/enolife.com.ar\/es\/wp-json\/wp\/v2\/comments?post=114327"}],"version-history":[{"count":0,"href":"https:\/\/enolife.com.ar\/es\/wp-json\/wp\/v2\/posts\/114327\/revisions"}],"wp:featuredmedia":[{"embeddable":true,"href":"https:\/\/enolife.com.ar\/es\/wp-json\/wp\/v2\/media\/114369"}],"wp:attachment":[{"href":"https:\/\/enolife.com.ar\/es\/wp-json\/wp\/v2\/media?parent=114327"}],"wp:term":[{"taxonomy":"category","embeddable":true,"href":"https:\/\/enolife.com.ar\/es\/wp-json\/wp\/v2\/categories?post=114327"},{"taxonomy":"post_tag","embeddable":true,"href":"https:\/\/enolife.com.ar\/es\/wp-json\/wp\/v2\/tags?post=114327"}],"curies":[{"name":"wp","href":"https:\/\/api.w.org\/{rel}","templated":true}]}}