{"id":114017,"date":"2024-04-20T13:09:59","date_gmt":"2024-04-20T13:09:59","guid":{"rendered":"https:\/\/enolife.com.ar\/es\/?p=114017"},"modified":"2024-04-22T11:34:17","modified_gmt":"2024-04-22T11:34:17","slug":"el-gordo-en-motoneta-vendio-todos-sus-malbecs-en-la-prowine-san-pablo-de-la-mano-de-promendoza","status":"publish","type":"post","link":"https:\/\/enolife.com.ar\/es\/el-gordo-en-motoneta-vendio-todos-sus-malbecs-en-la-prowine-san-pablo-de-la-mano-de-promendoza\/","title":{"rendered":"El Gordo en Motoneta vendi\u00f3 todos sus malbecs en la ProWine San Pablo de la mano de ProMendoza"},"content":{"rendered":"\n<h4 class=\"wp-block-heading\"><em><strong>La bodega \u00abde garage\u00bb mendocina, que en realidad no tiene ni bodega ni vi\u00f1edos propios sino que elabora en otros establecimientos de la mano de en\u00f3logos que sintonizan con el proyecto, particip\u00f3 con ProMendoza en la feria internacional Prowine San Pablo 2023, gracias a lo cual vendi\u00f3 toda su l\u00ednea de malbec a dos importadores de Brasil. El Gordo en Motoneta Garage Wines fue fundada reci\u00e9n hace 7 a\u00f1os por dos j\u00f3venes emprendedores que apostaron a la innovaci\u00f3n, al humor y \u00a1a la motoneta!: el administrador de empresas Gast\u00f3n Sampere y el contador Fernando Scandura. Ellos de verdad recorren vi\u00f1edos en dos ruedas en busca de la mejor uva para producir, hoy, unas 500.000 botellas al a\u00f1o.<\/strong><\/em><\/h4>\n\n\n\n<div style=\"height:35px\" aria-hidden=\"true\" class=\"wp-block-spacer\"><\/div>\n\n\n\n\n\n<div style=\"height:45px\" aria-hidden=\"true\" class=\"wp-block-spacer\"><\/div>\n\n\n\n<p>Los j\u00f3venes <strong>Gast\u00f3n Sampere<\/strong> y <strong>Fernando Scandura<\/strong> realizaron una fuerte apuesta al participar en la feria <strong>Prowine San Pablo<\/strong>. Es que luego de haber concretado algunas ventas a Per\u00fa, decidieron extenderse a toda Am\u00e9rica Latina y ser parte de ferias internacionales. <em>\u00abNos ha ido bien en el mercado interno y hoy estamos abriendo un gran mercado externo, es por eso por lo que pretendemos volver a Prowine este a\u00f1o. Queremos afianzar todos los contactos que hicimos y seguir el camino que hicimos durante 2023\u00bb<\/em>, dicen.\u00a0<\/p>\n\n\n\n<div style=\"height:30px\" aria-hidden=\"true\" class=\"wp-block-spacer\"><\/div>\n\n\n<div class=\"wp-block-image\">\n<figure class=\"aligncenter size-full is-resized\"><a href=\"https:\/\/enolife.com.ar\/es\/wp-content\/uploads\/2024\/04\/29f98f3d-6fd7-467a-8df0-cabc00238dd1-820x390-1.jpg\" data-rel=\"penci-gallery-image-content\" ><img loading=\"lazy\" decoding=\"async\" src=\"https:\/\/enolife.com.ar\/es\/wp-content\/uploads\/2024\/04\/29f98f3d-6fd7-467a-8df0-cabc00238dd1-820x390-1.jpg\" alt=\"\" class=\"wp-image-114035\" width=\"612\" height=\"346\" srcset=\"https:\/\/enolife.com.ar\/es\/wp-content\/uploads\/2024\/04\/29f98f3d-6fd7-467a-8df0-cabc00238dd1-820x390-1.jpg 684w, https:\/\/enolife.com.ar\/es\/wp-content\/uploads\/2024\/04\/29f98f3d-6fd7-467a-8df0-cabc00238dd1-820x390-1-300x170.jpg 300w, https:\/\/enolife.com.ar\/es\/wp-content\/uploads\/2024\/04\/29f98f3d-6fd7-467a-8df0-cabc00238dd1-820x390-1-585x331.jpg 585w\" sizes=\"auto, (max-width: 612px) 100vw, 612px\" \/><\/a><figcaption class=\"wp-element-caption\"><em><strong>Fernando Scandura, Patricia Gim\u00e9nez y Gast\u00f3n Sampere<\/strong><\/em><\/figcaption><\/figure><\/div>\n\n\n<div style=\"height:30px\" aria-hidden=\"true\" class=\"wp-block-spacer\"><\/div>\n\n\n\n<p>Y contaron su \u00faltima noticia: \u00ab<em>Acabamos de realizar una venta a Brasil a trav\u00e9s de los contactos realizados en la feria de vinos el a\u00f1o pasado. Estamos muy contentos y agradecidos con ProMendoza por haber introducido toda la l\u00ednea nuestra de vino malbec de El Gordo en Motoneta Garage Wines en Brasil. Hemos concretado una importante meta. Nuestros malbec ya est\u00e1n en ese mercado\u00bb.<\/em><\/p>\n\n\n\n<div style=\"height:15px\" aria-hidden=\"true\" class=\"wp-block-spacer\"><\/div>\n\n\n\n<blockquote class=\"wp-block-quote is-layout-flow wp-block-quote-is-layout-flow\">\n<p>Somos n\u00f3mades del vino. Estamos siempre buscando uvas. Y si es en moto, \u00a1mejor!\u00bb<\/p>\n<cite>Gast\u00f3n Sampere, copropietario de El Gordo en Motoneta Garage Wines<\/cite><\/blockquote>\n\n\n\n<div style=\"height:15px\" aria-hidden=\"true\" class=\"wp-block-spacer\"><\/div>\n\n\n\n<p><em>\u00abEl Gordo en Motoneta Garage Wines es un proyecto que fusiona la aventura, el disfrute y la libertad que tenemos todos y lo reflejamos a trav\u00e9s de nuestros vinos. La idea particular es que la persona que lo tome viva una linda experiencia y la pase bien con nuestros vinos. Entonces, no buscamos el tecnicismo, no buscamos lo tradicional, buscamos que la gente disfrute realmente\u00bb<\/em>, explica Scandura.\u00a0<\/p>\n\n\n\n<div style=\"height:30px\" aria-hidden=\"true\" class=\"wp-block-spacer\"><\/div>\n\n\n\n<figure class=\"wp-block-gallery has-nested-images columns-default is-cropped wp-block-gallery-1 is-layout-flex wp-block-gallery-is-layout-flex\">\n<figure class=\"wp-block-image size-full\"><a href=\"https:\/\/enolife.com.ar\/es\/wp-content\/uploads\/2024\/04\/image-26.png\" data-rel=\"penci-gallery-image-content\" ><img loading=\"lazy\" decoding=\"async\" width=\"640\" height=\"529\" data-id=\"114037\" src=\"https:\/\/enolife.com.ar\/es\/wp-content\/uploads\/2024\/04\/image-26.png\" alt=\"\" class=\"wp-image-114037\" srcset=\"https:\/\/enolife.com.ar\/es\/wp-content\/uploads\/2024\/04\/image-26.png 640w, https:\/\/enolife.com.ar\/es\/wp-content\/uploads\/2024\/04\/image-26-300x248.png 300w, https:\/\/enolife.com.ar\/es\/wp-content\/uploads\/2024\/04\/image-26-585x484.png 585w\" sizes=\"auto, (max-width: 640px) 100vw, 640px\" \/><\/a><figcaption class=\"wp-element-caption\"><em><strong>Malbec<\/strong><\/em><\/figcaption><\/figure>\n\n\n\n<figure class=\"wp-block-image size-full\"><a href=\"https:\/\/enolife.com.ar\/es\/wp-content\/uploads\/2024\/04\/image-28.png\" data-rel=\"penci-gallery-image-content\" ><img loading=\"lazy\" decoding=\"async\" width=\"640\" height=\"511\" data-id=\"114039\" src=\"https:\/\/enolife.com.ar\/es\/wp-content\/uploads\/2024\/04\/image-28.png\" alt=\"\" class=\"wp-image-114039\" srcset=\"https:\/\/enolife.com.ar\/es\/wp-content\/uploads\/2024\/04\/image-28.png 640w, https:\/\/enolife.com.ar\/es\/wp-content\/uploads\/2024\/04\/image-28-300x240.png 300w, https:\/\/enolife.com.ar\/es\/wp-content\/uploads\/2024\/04\/image-28-585x467.png 585w\" sizes=\"auto, (max-width: 640px) 100vw, 640px\" \/><\/a><figcaption class=\"wp-element-caption\"><em><strong>Ros\u00e9 Pinot Noir<\/strong><\/em><\/figcaption><\/figure>\n<\/figure>\n\n\n\n<div style=\"height:30px\" aria-hidden=\"true\" class=\"wp-block-spacer\"><\/div>\n\n\n\n<p>El nombre surgi\u00f3 al evocar los recuerdos de la b\u00fasqueda de vi\u00f1edos en Mendoza para elaborar sus primeros vinos y reflejar en la marca la aventura que iban transitando. La bodega hoy elabora entre 400.000 y 500.000 botellas anuales. <em>\u00abHemos crecido mucho en estos a\u00f1os y lo mejor est\u00e1 por venir. No sabemos cu\u00e1ndo vamos a sentir que el proyecto est\u00e9 cumplido, por eso nuestro eslogan\u00a0El vino en movimiento\u00bb,<\/em> expresan.<\/p>\n\n\n\n<div style=\"height:30px\" aria-hidden=\"true\" class=\"wp-block-spacer\"><\/div>\n\n\n\n<figure class=\"wp-block-gallery has-nested-images columns-default is-cropped wp-block-gallery-2 is-layout-flex wp-block-gallery-is-layout-flex\">\n<figure class=\"wp-block-image size-full\"><a href=\"https:\/\/enolife.com.ar\/es\/wp-content\/uploads\/2024\/04\/image-27.png\" data-rel=\"penci-gallery-image-content\" ><img loading=\"lazy\" decoding=\"async\" width=\"640\" height=\"527\" data-id=\"114038\" src=\"https:\/\/enolife.com.ar\/es\/wp-content\/uploads\/2024\/04\/image-27.png\" alt=\"\" class=\"wp-image-114038\" srcset=\"https:\/\/enolife.com.ar\/es\/wp-content\/uploads\/2024\/04\/image-27.png 640w, https:\/\/enolife.com.ar\/es\/wp-content\/uploads\/2024\/04\/image-27-300x247.png 300w, https:\/\/enolife.com.ar\/es\/wp-content\/uploads\/2024\/04\/image-27-585x482.png 585w\" sizes=\"auto, (max-width: 640px) 100vw, 640px\" \/><\/a><figcaption class=\"wp-element-caption\"><em><strong>Cabernet Sauvignon<\/strong><\/em><\/figcaption><\/figure>\n\n\n\n<figure class=\"wp-block-image size-full\"><a href=\"https:\/\/enolife.com.ar\/es\/wp-content\/uploads\/2024\/04\/image-29.png\" data-rel=\"penci-gallery-image-content\" ><img loading=\"lazy\" decoding=\"async\" width=\"640\" height=\"511\" data-id=\"114040\" src=\"https:\/\/enolife.com.ar\/es\/wp-content\/uploads\/2024\/04\/image-29.png\" alt=\"\" class=\"wp-image-114040\" srcset=\"https:\/\/enolife.com.ar\/es\/wp-content\/uploads\/2024\/04\/image-29.png 640w, https:\/\/enolife.com.ar\/es\/wp-content\/uploads\/2024\/04\/image-29-300x240.png 300w, https:\/\/enolife.com.ar\/es\/wp-content\/uploads\/2024\/04\/image-29-585x467.png 585w\" sizes=\"auto, (max-width: 640px) 100vw, 640px\" \/><\/a><figcaption class=\"wp-element-caption\"><em><strong>Pinot Gris<\/strong><\/em><\/figcaption><\/figure>\n<\/figure>\n\n\n\n<div style=\"height:30px\" aria-hidden=\"true\" class=\"wp-block-spacer\"><\/div>\n\n\n\n<h3 class=\"wp-block-heading has-vivid-red-color has-text-color\">El portfolio de El Gordo en Motoneta est\u00e1 conformado por 8 etiquetas. Los vinos se elaboran en base a 5 varietales: malbec, cabernet sauvignon, pinot grigio, pinot noir y chardonnay. Con ellos hacen un blend de tintas \u00abde colecci\u00f3n\u00bb y 4 series \u00abmuy limitadas\u00bb con uvas malbec, pinot noir, pinot grigio y chardonnay.<\/h3>\n\n\n\n<div style=\"height:20px\" aria-hidden=\"true\" class=\"wp-block-spacer\"><\/div>\n\n\n\n<p>Ambos socios estudiaron carreras de ciencias exactas, pero su proyecto desborda de creatividad. <em>\u00abYo soy licenciado en Administraci\u00f3n de Empresas y Fernando es contador p\u00fablico nacional, pero en los&nbsp;brainstorming&nbsp;nos divertimos mucho y surgen ideas buen\u00edsimas\u00bb<\/em>, cuenta Sampere.&nbsp;<\/p>\n\n\n\n<p>La marca ha logrado llamar la atenci\u00f3n de un segmento m\u00e1s joven, uno de los objetivos de la industria del vino, pero han desarrollado una l\u00ednea completa de productos para todas las situaciones de consumo y para personas de todas las edades.<\/p>\n\n\n\n<p><em>\u00abNosotros hacemos no s\u00f3lo media gama, sino que tambi\u00e9n estamos haciendo alta gama, siempre respetando nuestra idiosincrasia, nuestra ideolog\u00eda y nuestro camino. Es decir, buscamos llevar desde los vinos m\u00e1s complejos nuestra impronta de aventura y libertad\u00bb<\/em>, aseguran.<\/p>\n\n\n\n<div style=\"height:30px\" aria-hidden=\"true\" class=\"wp-block-spacer\"><\/div>\n","protected":false},"excerpt":{"rendered":"<p>La bodega \u00abde garage\u00bb mendocina, que en realidad no tiene ni bodega ni vi\u00f1edos propios&hellip;<\/p>\n","protected":false},"author":3,"featured_media":114044,"comment_status":"open","ping_status":"open","sticky":false,"template":"","format":"standard","meta":{"footnotes":""},"categories":[57],"tags":[],"class_list":["post-114017","post","type-post","status-publish","format-standard","has-post-thumbnail","hentry","category-empresas"],"_links":{"self":[{"href":"https:\/\/enolife.com.ar\/es\/wp-json\/wp\/v2\/posts\/114017","targetHints":{"allow":["GET"]}}],"collection":[{"href":"https:\/\/enolife.com.ar\/es\/wp-json\/wp\/v2\/posts"}],"about":[{"href":"https:\/\/enolife.com.ar\/es\/wp-json\/wp\/v2\/types\/post"}],"author":[{"embeddable":true,"href":"https:\/\/enolife.com.ar\/es\/wp-json\/wp\/v2\/users\/3"}],"replies":[{"embeddable":true,"href":"https:\/\/enolife.com.ar\/es\/wp-json\/wp\/v2\/comments?post=114017"}],"version-history":[{"count":0,"href":"https:\/\/enolife.com.ar\/es\/wp-json\/wp\/v2\/posts\/114017\/revisions"}],"wp:featuredmedia":[{"embeddable":true,"href":"https:\/\/enolife.com.ar\/es\/wp-json\/wp\/v2\/media\/114044"}],"wp:attachment":[{"href":"https:\/\/enolife.com.ar\/es\/wp-json\/wp\/v2\/media?parent=114017"}],"wp:term":[{"taxonomy":"category","embeddable":true,"href":"https:\/\/enolife.com.ar\/es\/wp-json\/wp\/v2\/categories?post=114017"},{"taxonomy":"post_tag","embeddable":true,"href":"https:\/\/enolife.com.ar\/es\/wp-json\/wp\/v2\/tags?post=114017"}],"curies":[{"name":"wp","href":"https:\/\/api.w.org\/{rel}","templated":true}]}}