{"id":113985,"date":"2024-04-19T13:22:45","date_gmt":"2024-04-19T13:22:45","guid":{"rendered":"https:\/\/enolife.com.ar\/es\/?p=113985"},"modified":"2024-04-21T16:24:47","modified_gmt":"2024-04-21T16:24:47","slug":"fuerte-impulso-diplomatico-el-dia-mundial-del-malbec-se-celebro-en-la-cancilleria-argentina","status":"publish","type":"post","link":"https:\/\/enolife.com.ar\/es\/fuerte-impulso-diplomatico-el-dia-mundial-del-malbec-se-celebro-en-la-cancilleria-argentina\/","title":{"rendered":"Fuerte impulso diplom\u00e1tico: el D\u00eda Mundial del Malbec se celebr\u00f3 en la Canciller\u00eda Argentina"},"content":{"rendered":"\n<h4 class=\"wp-block-heading\"><em><strong>Wines of Argentina (WofA), instituci\u00f3n responsable de la promoci\u00f3n de la marca Vino Argentino en los mercados mundiales, conjuntamente con el Ministerio de Relaciones Exteriores, Comercio Internacional y Culto de Argentina, celebraron el 14 aniversario del Malbec World Day (MWD) en el Palacio San Mart\u00edn, sede de la Canciller\u00eda Argentina en Buenos Aires.<\/strong><\/em><\/h4>\n\n\n\n<div style=\"height:35px\" aria-hidden=\"true\" class=\"wp-block-spacer\"><\/div>\n\n\n\n\n\n<div style=\"height:45px\" aria-hidden=\"true\" class=\"wp-block-spacer\"><\/div>\n\n\n\n<p>Se trat\u00f3 del evento oficial en <strong>Argentina<\/strong> por la <strong>14\u00b0 edici\u00f3n del D\u00eda Mundial del Malbec<\/strong>, la campa\u00f1a de alcance global creada por <strong>Wines of Argentina (WofA) <\/strong>para reforzar el posicionamiento del varietal insignia argentino en los principales mercados de exportaci\u00f3n. <\/p>\n\n\n\n<p>La celebraci\u00f3n se inici\u00f3 con un breve repaso por las ediciones anteriores, seguido de unas palabras de bienvenida a cargo de <strong>Ramiro Velloso<\/strong>, subsecretario de Promoci\u00f3n de las Exportaciones, las Inversiones, la Educaci\u00f3n, la Ciencia y la Cultura; <strong>Alejandro Vigil<\/strong>, presidente de WofA, y <strong>Magdalena Pesce<\/strong>, gerenta general de la entidad. <\/p>\n\n\n\n<p>El encuentro cont\u00f3 con la presencia de m\u00e1s de&nbsp;200&nbsp;invitados de la vitivinicultura, la escena pol\u00edtica, miembros del cuerpo diplom\u00e1tico acreditados en el pa\u00eds, representantes de organizaciones afines, c\u00e1maras empresarias y bodegas de diversas regiones.<\/p>\n\n\n\n<div style=\"height:30px\" aria-hidden=\"true\" class=\"wp-block-spacer\"><\/div>\n\n\n<div class=\"wp-block-image\">\n<figure class=\"aligncenter size-full is-resized\"><a href=\"https:\/\/enolife.com.ar\/es\/wp-content\/uploads\/2024\/04\/Magdalena-Pesce-Gerenta-General-de-Wines-of-Argentina.jpg\" data-rel=\"penci-gallery-image-content\" ><img loading=\"lazy\" decoding=\"async\" src=\"https:\/\/enolife.com.ar\/es\/wp-content\/uploads\/2024\/04\/Magdalena-Pesce-Gerenta-General-de-Wines-of-Argentina.jpg\" alt=\"\" class=\"wp-image-113989\" width=\"605\" height=\"422\" srcset=\"https:\/\/enolife.com.ar\/es\/wp-content\/uploads\/2024\/04\/Magdalena-Pesce-Gerenta-General-de-Wines-of-Argentina.jpg 831w, https:\/\/enolife.com.ar\/es\/wp-content\/uploads\/2024\/04\/Magdalena-Pesce-Gerenta-General-de-Wines-of-Argentina-300x209.jpg 300w, https:\/\/enolife.com.ar\/es\/wp-content\/uploads\/2024\/04\/Magdalena-Pesce-Gerenta-General-de-Wines-of-Argentina-768x535.jpg 768w, https:\/\/enolife.com.ar\/es\/wp-content\/uploads\/2024\/04\/Magdalena-Pesce-Gerenta-General-de-Wines-of-Argentina-585x408.jpg 585w\" sizes=\"auto, (max-width: 605px) 100vw, 605px\" \/><\/a><figcaption class=\"wp-element-caption\"><em><strong>Magdalena Pesce, gerenta general de Wines of Argentina.<\/strong><\/em><\/figcaption><\/figure><\/div>\n\n\n<div style=\"height:30px\" aria-hidden=\"true\" class=\"wp-block-spacer\"><\/div>\n\n\n\n<p><em>\u201cEl Malbec es la cepa que nos abri\u00f3 la puerta al mundo y que, a pesar del contexto de los \u00faltimos a\u00f1os, sigue creciendo, sigue siendo parte de nuestra mesa y sobre todo de nuestra cultura. Hoy, me enorgullece estar aqu\u00ed con ustedes, celebrando un a\u00f1o m\u00e1s el \u00e9xito de esta variedad que nos representa, con la firme convicci\u00f3n de que todav\u00eda queda mucho para trabajar y seguir desplegando todo su potencial\u201d,&nbsp;<\/em>destac\u00f3&nbsp;<strong>Alejandro Vigil<\/strong>, presidente de WofA.&nbsp;<\/p>\n\n\n\n<p>Y agreg\u00f3:&nbsp;<em>\u201cHay que entender que el vino no es un producto, sino que es un paisaje que estamos llevando a otros lugares del mundo\u201d<\/em>.<\/p>\n\n\n\n<div style=\"height:30px\" aria-hidden=\"true\" class=\"wp-block-spacer\"><\/div>\n\n\n<div class=\"wp-block-image\">\n<figure class=\"aligncenter size-full is-resized\"><a href=\"https:\/\/enolife.com.ar\/es\/wp-content\/uploads\/2024\/04\/Alejandro-Vigil-Presidente-de-Wines-of-Argentina.jpg\" data-rel=\"penci-gallery-image-content\" ><img loading=\"lazy\" decoding=\"async\" src=\"https:\/\/enolife.com.ar\/es\/wp-content\/uploads\/2024\/04\/Alejandro-Vigil-Presidente-de-Wines-of-Argentina.jpg\" alt=\"\" class=\"wp-image-113990\" width=\"589\" height=\"407\" srcset=\"https:\/\/enolife.com.ar\/es\/wp-content\/uploads\/2024\/04\/Alejandro-Vigil-Presidente-de-Wines-of-Argentina.jpg 835w, https:\/\/enolife.com.ar\/es\/wp-content\/uploads\/2024\/04\/Alejandro-Vigil-Presidente-de-Wines-of-Argentina-300x207.jpg 300w, https:\/\/enolife.com.ar\/es\/wp-content\/uploads\/2024\/04\/Alejandro-Vigil-Presidente-de-Wines-of-Argentina-768x531.jpg 768w, https:\/\/enolife.com.ar\/es\/wp-content\/uploads\/2024\/04\/Alejandro-Vigil-Presidente-de-Wines-of-Argentina-585x404.jpg 585w\" sizes=\"auto, (max-width: 589px) 100vw, 589px\" \/><\/a><\/figure><\/div>\n\n\n<div style=\"height:30px\" aria-hidden=\"true\" class=\"wp-block-spacer\"><\/div>\n\n\n\n<p>\u201c<em>La Canciller\u00eda tiene como eje de trabajo primordial contribuir a incrementar y diversificar las exportaciones argentinas. Para ello, se trabaja en forma coordinada con el sector privado, buscando apoyarlo para que logre una mayor inserci\u00f3n internacional. Es un placer para nosotros trabajar conjuntamente con Wines of Argentina, y estamos orgullosos del camino y los resultados logrados en los \u00faltimos 14 a\u00f1os celebrando el D\u00eda Mundial del Malbec<\/em>\u201d, coment\u00f3 el&nbsp;subsecretario<strong> Ramiro Velloso.<\/strong><\/p>\n\n\n\n<div style=\"height:30px\" aria-hidden=\"true\" class=\"wp-block-spacer\"><\/div>\n\n\n<div class=\"wp-block-image\">\n<figure class=\"aligncenter size-full is-resized\"><a href=\"https:\/\/enolife.com.ar\/es\/wp-content\/uploads\/2024\/04\/Ministro-Ramiro-Velloso-Subsecretario-de-Promocion-de-las-Exportaciones-las-Inversiones-la-Educacion-la-Ciencia-y-la-Cultura.jpg\" data-rel=\"penci-gallery-image-content\" ><img loading=\"lazy\" decoding=\"async\" src=\"https:\/\/enolife.com.ar\/es\/wp-content\/uploads\/2024\/04\/Ministro-Ramiro-Velloso-Subsecretario-de-Promocion-de-las-Exportaciones-las-Inversiones-la-Educacion-la-Ciencia-y-la-Cultura.jpg\" alt=\"\" class=\"wp-image-113991\" width=\"586\" height=\"374\" srcset=\"https:\/\/enolife.com.ar\/es\/wp-content\/uploads\/2024\/04\/Ministro-Ramiro-Velloso-Subsecretario-de-Promocion-de-las-Exportaciones-las-Inversiones-la-Educacion-la-Ciencia-y-la-Cultura.jpg 866w, https:\/\/enolife.com.ar\/es\/wp-content\/uploads\/2024\/04\/Ministro-Ramiro-Velloso-Subsecretario-de-Promocion-de-las-Exportaciones-las-Inversiones-la-Educacion-la-Ciencia-y-la-Cultura-300x192.jpg 300w, https:\/\/enolife.com.ar\/es\/wp-content\/uploads\/2024\/04\/Ministro-Ramiro-Velloso-Subsecretario-de-Promocion-de-las-Exportaciones-las-Inversiones-la-Educacion-la-Ciencia-y-la-Cultura-768x490.jpg 768w, https:\/\/enolife.com.ar\/es\/wp-content\/uploads\/2024\/04\/Ministro-Ramiro-Velloso-Subsecretario-de-Promocion-de-las-Exportaciones-las-Inversiones-la-Educacion-la-Ciencia-y-la-Cultura-585x374.jpg 585w\" sizes=\"auto, (max-width: 586px) 100vw, 586px\" \/><\/a><figcaption class=\"wp-element-caption\"><em><strong>Ramiro Velloso, subsecretario de Promoci\u00f3n de las Exportaciones, las Inversiones, la Educaci\u00f3n, la Ciencia y la Cultura.<\/strong><\/em><\/figcaption><\/figure><\/div>\n\n\n<div style=\"height:30px\" aria-hidden=\"true\" class=\"wp-block-spacer\"><\/div>\n\n\n\n<p>Los asistentes tuvieron la posibilidad de degustar m\u00e1s de 60 etiquetas de Malbec Argentino de diferentes estilos (tintos, blancos, rosados y espumosos a base de Malbec), reflejando la diversidad que ofrece el pa\u00eds. Malbec Argentino&nbsp;<em>\u201cBetter for the world\u201d<\/em>&nbsp;<em>(mejor para el mundo)<\/em>, fue el lema elegido para la celebraci\u00f3n 2024, que refleja el esp\u00edritu de la industria hacia una vitivinicultura m\u00e1s sostenible, m\u00e1s conciente de la necesidad de preservar el entorno, generar un impacto positivo en el medio ambiente, en las sociedades y las econom\u00edas.<\/p>\n\n\n\n<p>Adem\u00e1s, en l\u00ednea con la tem\u00e1tica, en el marco del festejo WofA anunci\u00f3 el lanzamiento del segundo desaf\u00edo de innovaci\u00f3n abierta junto a<strong> LODO, \u00abVino la idea\u00bb<\/strong>. Esta acci\u00f3n est\u00e1 destinada a emprendedores y bodegas que deseen aportar soluciones a desaf\u00edos de la industria en pos de la sostenibilidad. Este desaf\u00edo forma parte del <strong>Programa Integral de Sostenibilidad para el Vino Argentino \u00abSustenta Vitis\u00bb <\/strong>posibilitado por <strong>AL-Invest Verde<\/strong> con fondos de la <strong>Uni\u00f3n Europea.<\/strong><\/p>\n\n\n\n<div style=\"height:35px\" aria-hidden=\"true\" class=\"wp-block-spacer\"><\/div>\n\n\n\n<figure class=\"wp-block-embed aligncenter is-type-video is-provider-youtube wp-block-embed-youtube wp-embed-aspect-16-9 wp-has-aspect-ratio\"><div class=\"wp-block-embed__wrapper\">\n<iframe loading=\"lazy\" title=\"Malbec Argentino, Better for the World!\" width=\"1170\" height=\"658\" src=\"https:\/\/www.youtube.com\/embed\/hZP2oVrRc6U?feature=oembed\" frameborder=\"0\" allow=\"accelerometer; autoplay; clipboard-write; encrypted-media; gyroscope; picture-in-picture; web-share\" referrerpolicy=\"strict-origin-when-cross-origin\" allowfullscreen><\/iframe>\n<\/div><\/figure>\n\n\n\n<div style=\"height:35px\" aria-hidden=\"true\" class=\"wp-block-spacer\"><\/div>\n\n\n\n<p class=\"has-background\" style=\"background-color:#abb7c24d\">Esta celebraci\u00f3n cont\u00f3 con el auspicio del Banco ICBC y la participaci\u00f3n de las siguientes bodegas: Achala Bodega Ex\u00f3tica; Antigal Winery &amp; Estates; Bodega Argento; Bodega Catena Zapata; Bodega Dante Robino; Bodega del Fin del Mundo, Patagonia Argentina; Bodega Federico Mena Saravia; Bodega Luigi Bosca; Bodegas Bianchi; Do\u00f1a Paula; Jasmine de los Mundos Organic Vineyard; Nieto Senetiner; Susana Balbo Wines; Terrazas de los Andes; Trapiche; Trivento y bodegas nucleadas en el grupo Vinodin\u00e1micos (Alpamanta, Escorihuela y Casa de Uco).<\/p>\n\n\n\n<div style=\"height:20px\" aria-hidden=\"true\" class=\"wp-block-spacer\"><\/div>\n\n\n\n<p>Esta presentaci\u00f3n en Buenos Aires se completa con m\u00e1s de 20 acciones oficiales en los principales destinos de exportaci\u00f3n para el Vino Argentino: Estados Unidos, Reino Unido, Canad\u00e1, Brasil, China y otros mercados asi\u00e1ticos y europeos. Los festejos por el Malbec World Day pueden seguirse en canales digitales mediante los hashtags&nbsp;<strong>#MalbecArgentino<\/strong>&nbsp;y<strong>&nbsp;#MalbecWorldDay<\/strong>. <\/p>\n\n\n\n<p>M\u00e1s informaci\u00f3n sobre en el sitio oficial&nbsp;<strong><a href=\"https:\/\/malbecworldday.com\/\" target=\"_blank\" rel=\"noreferrer noopener\">https:\/\/malbecworldday.com\/<\/a>.<\/strong><\/p>\n\n\n\n<div style=\"height:30px\" aria-hidden=\"true\" class=\"wp-block-spacer\"><\/div>\n","protected":false},"excerpt":{"rendered":"<p>Wines of Argentina (WofA), instituci\u00f3n responsable de la promoci\u00f3n de la marca Vino Argentino en&hellip;<\/p>\n","protected":false},"author":3,"featured_media":113994,"comment_status":"open","ping_status":"open","sticky":false,"template":"","format":"standard","meta":{"footnotes":""},"categories":[56,14],"tags":[],"class_list":["post-113985","post","type-post","status-publish","format-standard","has-post-thumbnail","hentry","category-destacado","category-news"],"_links":{"self":[{"href":"https:\/\/enolife.com.ar\/es\/wp-json\/wp\/v2\/posts\/113985","targetHints":{"allow":["GET"]}}],"collection":[{"href":"https:\/\/enolife.com.ar\/es\/wp-json\/wp\/v2\/posts"}],"about":[{"href":"https:\/\/enolife.com.ar\/es\/wp-json\/wp\/v2\/types\/post"}],"author":[{"embeddable":true,"href":"https:\/\/enolife.com.ar\/es\/wp-json\/wp\/v2\/users\/3"}],"replies":[{"embeddable":true,"href":"https:\/\/enolife.com.ar\/es\/wp-json\/wp\/v2\/comments?post=113985"}],"version-history":[{"count":0,"href":"https:\/\/enolife.com.ar\/es\/wp-json\/wp\/v2\/posts\/113985\/revisions"}],"wp:featuredmedia":[{"embeddable":true,"href":"https:\/\/enolife.com.ar\/es\/wp-json\/wp\/v2\/media\/113994"}],"wp:attachment":[{"href":"https:\/\/enolife.com.ar\/es\/wp-json\/wp\/v2\/media?parent=113985"}],"wp:term":[{"taxonomy":"category","embeddable":true,"href":"https:\/\/enolife.com.ar\/es\/wp-json\/wp\/v2\/categories?post=113985"},{"taxonomy":"post_tag","embeddable":true,"href":"https:\/\/enolife.com.ar\/es\/wp-json\/wp\/v2\/tags?post=113985"}],"curies":[{"name":"wp","href":"https:\/\/api.w.org\/{rel}","templated":true}]}}