{"id":113900,"date":"2024-04-18T12:42:13","date_gmt":"2024-04-18T12:42:13","guid":{"rendered":"https:\/\/enolife.com.ar\/es\/?p=113900"},"modified":"2024-04-21T10:55:45","modified_gmt":"2024-04-21T10:55:45","slug":"la-oiv-convoca-al-concurso-fotografico-del-centenario-pau-roca-con-e5-000-en-premios","status":"publish","type":"post","link":"https:\/\/enolife.com.ar\/es\/la-oiv-convoca-al-concurso-fotografico-del-centenario-pau-roca-con-e5-000-en-premios\/","title":{"rendered":"La OIV convoca al Concurso Fotogr\u00e1fico del Centenario \u201cPau Roca\u201d, con \u20ac5.000 en premios"},"content":{"rendered":"\n<h4 class=\"wp-block-heading\"><em><strong>Con motivo del centenario de la Organizaci\u00f3n Internacional de la Vid y el Vino (OIV), y en el marco del A\u00f1o Internacional de la Vi\u00f1a y el Vino, la OIV anunci\u00f3 la puesta en marcha del Concurso Fotogr\u00e1fico del Centenario \u00abPau Roca\u201d 2024, que rinde homenaje al legado de Pau Roca, director general de la OIV desde 2019 a 2023. Roca, recientemente fallecido, dedic\u00f3 su mandato a abordar uno de los principales retos a los que se enfrenta el sector vitivin\u00edcola: el cambio clim\u00e1tico, tema al cual se deber\u00e1n referir las fotos.<\/strong><\/em><\/h4>\n\n\n\n<div style=\"height:35px\" aria-hidden=\"true\" class=\"wp-block-spacer\"><\/div>\n\n\n\n\n\n<div style=\"height:45px\" aria-hidden=\"true\" class=\"wp-block-spacer\"><\/div>\n\n\n\n<p>En reconocimiento a la inestimable labor del fallecido <strong>Pau Roca<\/strong> en favor del sector vitivin\u00edcola y al frente de la Organizaci\u00f3n, la <strong>OIV<\/strong>, con el respaldo de <strong>Vinos de la Luz<\/strong>, se complace en presentar un concurso fotogr\u00e1fico que tendr\u00e1 por tema\u00a0<strong>\u00abEl sector vitivin\u00edcola frente al cambio clim\u00e1tico\u201d.<\/strong>\u00a0<\/p>\n\n\n\n<p>El concurso ofrece a fot\u00f3grafos de todo el mundo una singular oportunidad de demostrar su creatividad y fomentar un di\u00e1logo sobre el futuro del sector frente al cambio clim\u00e1tico. Plasmando la belleza, los desaf\u00edos y las innovaciones del sector vitivin\u00edcola, los participantes contribuir\u00e1n a forjar el discurso de la sostenibilidad y la resiliencia de las pr\u00f3ximas generaciones.<\/p>\n\n\n\n<div style=\"height:35px\" aria-hidden=\"true\" class=\"wp-block-spacer\"><\/div>\n\n\n<div class=\"wp-block-image\">\n<figure class=\"aligncenter size-full is-resized\"><a href=\"https:\/\/enolife.com.ar\/es\/wp-content\/uploads\/2024\/04\/OIV-Director-General-Pau-Roca-scaled-2.jpg\" data-rel=\"penci-gallery-image-content\" ><img loading=\"lazy\" decoding=\"async\" src=\"https:\/\/enolife.com.ar\/es\/wp-content\/uploads\/2024\/04\/OIV-Director-General-Pau-Roca-scaled-2.jpg\" alt=\"\" class=\"wp-image-113911\" width=\"583\" height=\"390\" srcset=\"https:\/\/enolife.com.ar\/es\/wp-content\/uploads\/2024\/04\/OIV-Director-General-Pau-Roca-scaled-2.jpg 749w, https:\/\/enolife.com.ar\/es\/wp-content\/uploads\/2024\/04\/OIV-Director-General-Pau-Roca-scaled-2-300x200.jpg 300w, https:\/\/enolife.com.ar\/es\/wp-content\/uploads\/2024\/04\/OIV-Director-General-Pau-Roca-scaled-2-585x391.jpg 585w\" sizes=\"auto, (max-width: 583px) 100vw, 583px\" \/><\/a><figcaption class=\"wp-element-caption\"><em><strong>Pau Roca, durante su gesti\u00f3n como director general de la OIV<\/strong><\/em><\/figcaption><\/figure><\/div>\n\n\n<div style=\"height:35px\" aria-hidden=\"true\" class=\"wp-block-spacer\"><\/div>\n\n\n\n<p>El centenario de la OIV rinde homenaje al legado de Pau Roca mediante el arte de la fotograf\u00eda. El objetivo tambi\u00e9n es despertar conciencias, llamar a la acci\u00f3n y avanzar hacia un futuro m\u00e1s sostenible para el sector vitivin\u00edcola.<\/p>\n\n\n\n<div style=\"height:35px\" aria-hidden=\"true\" class=\"wp-block-spacer\"><\/div>\n\n\n\n<p class=\"has-medium-font-size\"><strong>C\u00f3mo participar<\/strong><\/p>\n\n\n\n<p>Para participar es necesario <strong>completar el&nbsp;<a href=\"https:\/\/www.surveymonkey.com\/r\/OIVphotocontest\">formulario de inscripci\u00f3n<\/a>&nbsp;<\/strong>en l\u00ednea. Los participantes pueden presentar hasta tres (3) fotograf\u00edas in\u00e9ditas que reflejen el lema del concurso. Para ello, deber\u00e1n subir las im\u00e1genes a <strong>WeTransfer<\/strong>, <strong>Dropbox<\/strong> o alguna plataforma similar, y facilitar un enlace de descarga mediante el formulario de inscripci\u00f3n anterior.<\/p>\n\n\n\n<p>Todas las fotograf\u00edas deber\u00e1n presentarse en <strong>formato JPEG y en modo RGB.<\/strong> Como m\u00ednimo, deber\u00e1n tener una <strong>resoluci\u00f3n de 300 dpi<\/strong> y un tama\u00f1o de <strong>6,3 megap\u00edxeles (3000\u2009\u00d7\u20092100 p\u00edxeles)<\/strong>. Se aceptan fotograf\u00edas en formato vertical u horizontal, en blanco y negro o en color.<\/p>\n\n\n\n<p>Cada fotograf\u00eda presentada deber\u00e1 ir acompa\u00f1ada de un t\u00edtulo y un pie de foto, as\u00ed como de la fecha y el lugar en que fue tomada.<\/p>\n\n\n\n<div style=\"height:30px\" aria-hidden=\"true\" class=\"wp-block-spacer\"><\/div>\n\n\n<div class=\"wp-block-image\">\n<figure class=\"aligncenter size-large\"><a href=\"https:\/\/enolife.com.ar\/es\/wp-content\/uploads\/2024\/04\/image-19.png\" data-rel=\"penci-gallery-image-content\" ><img loading=\"lazy\" decoding=\"async\" width=\"1024\" height=\"341\" src=\"https:\/\/enolife.com.ar\/es\/wp-content\/uploads\/2024\/04\/image-19-1024x341.png\" alt=\"\" class=\"wp-image-113902\" srcset=\"https:\/\/enolife.com.ar\/es\/wp-content\/uploads\/2024\/04\/image-19-1024x341.png 1024w, https:\/\/enolife.com.ar\/es\/wp-content\/uploads\/2024\/04\/image-19-300x100.png 300w, https:\/\/enolife.com.ar\/es\/wp-content\/uploads\/2024\/04\/image-19-768x256.png 768w, https:\/\/enolife.com.ar\/es\/wp-content\/uploads\/2024\/04\/image-19-1536x512.png 1536w, https:\/\/enolife.com.ar\/es\/wp-content\/uploads\/2024\/04\/image-19-2048x683.png 2048w, https:\/\/enolife.com.ar\/es\/wp-content\/uploads\/2024\/04\/image-19-1170x390.png 1170w, https:\/\/enolife.com.ar\/es\/wp-content\/uploads\/2024\/04\/image-19-585x195.png 585w\" sizes=\"auto, (max-width: 1024px) 100vw, 1024px\" \/><\/a><\/figure><\/div>\n\n\n<div style=\"height:35px\" aria-hidden=\"true\" class=\"wp-block-spacer\"><\/div>\n\n\n\n<p class=\"has-medium-font-size\"><strong>Premios<\/strong><\/p>\n\n\n\n<p><strong>Primer premio<\/strong>: 2500\u2009\u20ac &#8211; La fotograf\u00eda premiada se expondr\u00e1 en la nueva sede de la OIV, el H\u00f4tel Bouchu d\u2019Esterno de Dijon (Francia).\u00a0<\/p>\n\n\n\n<p><strong>Segundo premio<\/strong>: 1500\u2009\u20ac &#8211; La fotograf\u00eda premiada se expondr\u00e1 en la nueva sede de la OIV, el H\u00f4tel Bouchu d\u2019Esterno de Dijon (Francia).<\/p>\n\n\n\n<p><strong>Tercer premio<\/strong>: 1000\u2009\u20ac &#8211; La fotograf\u00eda premiada se expondr\u00e1 en la nueva sede de la OIV, el&nbsp;<a href=\"https:\/\/www.oiv.int\/Centenary1924-2024\/Headquarters\">H\u00f4tel Bouchu d\u2019Esterno<\/a>&nbsp;de Dijon (Francia).<\/p>\n\n\n\n<div style=\"height:35px\" aria-hidden=\"true\" class=\"wp-block-spacer\"><\/div>\n\n\n\n<p class=\"has-medium-font-size\"><strong>Plazo de presentaci\u00f3n<\/strong><\/p>\n\n\n\n<p>El plazo de presentaci\u00f3n de las obras finaliza el&nbsp;<strong>15 de agosto a las 18:00 (CEST).&nbsp;<\/strong>No se aceptar\u00e1n obras presentadas fuera de plazo.<\/p>\n\n\n\n<div style=\"height:15px\" aria-hidden=\"true\" class=\"wp-block-spacer\"><\/div>\n\n\n\n<p class=\"has-background\" style=\"background-color:#abb7c24f\"><strong>Consulte las bases del concurso<a href=\"http:\/\/51.103.104.32\/sites\/default\/files\/2024-04\/OIV%202024%20Centenary%20Photo%20Contest%20-%20Terms%20and%20conditions%20FINAL.pdf\">&nbsp;aqu\u00ed&nbsp;<\/a>(en ingl\u00e9s)<\/strong> &#8211; Para m\u00e1s informaci\u00f3n enviar mail a <a href=\"mailto:events@oiv.int\"><strong>events@oiv.int<\/strong><\/a> o <a href=\"mailto:ts@oiv.int\"><strong>ts@oiv.int<\/strong><\/a><\/p>\n\n\n\n<div style=\"height:30px\" aria-hidden=\"true\" class=\"wp-block-spacer\"><\/div>\n\n\n\n<p><\/p>\n","protected":false},"excerpt":{"rendered":"<p>Con motivo del centenario de la Organizaci\u00f3n Internacional de la Vid y el Vino (OIV),&hellip;<\/p>\n","protected":false},"author":3,"featured_media":113916,"comment_status":"open","ping_status":"open","sticky":false,"template":"","format":"standard","meta":{"footnotes":""},"categories":[14],"tags":[],"class_list":["post-113900","post","type-post","status-publish","format-standard","has-post-thumbnail","hentry","category-news"],"_links":{"self":[{"href":"https:\/\/enolife.com.ar\/es\/wp-json\/wp\/v2\/posts\/113900","targetHints":{"allow":["GET"]}}],"collection":[{"href":"https:\/\/enolife.com.ar\/es\/wp-json\/wp\/v2\/posts"}],"about":[{"href":"https:\/\/enolife.com.ar\/es\/wp-json\/wp\/v2\/types\/post"}],"author":[{"embeddable":true,"href":"https:\/\/enolife.com.ar\/es\/wp-json\/wp\/v2\/users\/3"}],"replies":[{"embeddable":true,"href":"https:\/\/enolife.com.ar\/es\/wp-json\/wp\/v2\/comments?post=113900"}],"version-history":[{"count":0,"href":"https:\/\/enolife.com.ar\/es\/wp-json\/wp\/v2\/posts\/113900\/revisions"}],"wp:featuredmedia":[{"embeddable":true,"href":"https:\/\/enolife.com.ar\/es\/wp-json\/wp\/v2\/media\/113916"}],"wp:attachment":[{"href":"https:\/\/enolife.com.ar\/es\/wp-json\/wp\/v2\/media?parent=113900"}],"wp:term":[{"taxonomy":"category","embeddable":true,"href":"https:\/\/enolife.com.ar\/es\/wp-json\/wp\/v2\/categories?post=113900"},{"taxonomy":"post_tag","embeddable":true,"href":"https:\/\/enolife.com.ar\/es\/wp-json\/wp\/v2\/tags?post=113900"}],"curies":[{"name":"wp","href":"https:\/\/api.w.org\/{rel}","templated":true}]}}