{"id":113857,"date":"2024-04-17T17:01:13","date_gmt":"2024-04-17T17:01:13","guid":{"rendered":"https:\/\/enolife.com.ar\/es\/?p=113857"},"modified":"2024-04-18T12:43:01","modified_gmt":"2024-04-18T12:43:01","slug":"la-enoteca-celebra-el-malbec-con-degustaciones-y-visitas-gratuitas-guiadas-para-mendocinos","status":"publish","type":"post","link":"https:\/\/enolife.com.ar\/es\/la-enoteca-celebra-el-malbec-con-degustaciones-y-visitas-gratuitas-guiadas-para-mendocinos\/","title":{"rendered":"La Enoteca celebra el Malbec con degustaciones y visitas gratuitas guiadas para mendocinos"},"content":{"rendered":"\n<h4 class=\"wp-block-heading\"><em><strong>El Centro Tem\u00e1tico del Vino de la Capital de Mendoza, ubicado en Peltier 611 de esta ciudad, es parte y celebra, como corresponde, el d\u00eda ya consagrado para honrar al varietal insignia de Argentina, con festejos centrales hoy 17 de abril. Para ello, invita hoy a un encuentro de degustaci\u00f3n de los malbecs de distintas regiones argentinas, muy bien pensado para aprender y disfrutar al m\u00e1ximo el rico potencial de este vinazo. Y tambi\u00e9n con visitas guiadas gratuitas todos los d\u00edas durante este mes, a partir de las 15.50.<\/strong><\/em><\/h4>\n\n\n\n<div style=\"height:35px\" aria-hidden=\"true\" class=\"wp-block-spacer\"><\/div>\n\n\n<a href=\"https:\/\/www.instagram.com\/agroconciencia_\" aria-label=\"BANNER AGROCONCIENCIA 1700X500\"><img loading=\"lazy\" decoding=\"async\" src=\"https:\/\/enolife.com.ar\/es\/wp-content\/uploads\/2019\/07\/BANNER-AGROCONCIENCIA-1700X500-1.jpg\" alt=\"\"  srcset=\"https:\/\/enolife.com.ar\/es\/wp-content\/uploads\/2019\/07\/BANNER-AGROCONCIENCIA-1700X500-1.jpg 1700w, https:\/\/enolife.com.ar\/es\/wp-content\/uploads\/2019\/07\/BANNER-AGROCONCIENCIA-1700X500-1-300x88.jpg 300w, https:\/\/enolife.com.ar\/es\/wp-content\/uploads\/2019\/07\/BANNER-AGROCONCIENCIA-1700X500-1-1024x301.jpg 1024w, https:\/\/enolife.com.ar\/es\/wp-content\/uploads\/2019\/07\/BANNER-AGROCONCIENCIA-1700X500-1-768x226.jpg 768w, https:\/\/enolife.com.ar\/es\/wp-content\/uploads\/2019\/07\/BANNER-AGROCONCIENCIA-1700X500-1-1536x452.jpg 1536w, https:\/\/enolife.com.ar\/es\/wp-content\/uploads\/2019\/07\/BANNER-AGROCONCIENCIA-1700X500-1-1170x344.jpg 1170w, https:\/\/enolife.com.ar\/es\/wp-content\/uploads\/2019\/07\/BANNER-AGROCONCIENCIA-1700X500-1-585x172.jpg 585w\" sizes=\"auto, (max-width: 1700px) 100vw, 1700px\" width=\"1700\" height=\"500\"   \/><\/a>\n\n\n<div style=\"height:45px\" aria-hidden=\"true\" class=\"wp-block-spacer\"><\/div>\n\n\n\n<p><strong>Hoy mi\u00e9rcoles 17\/04 es el D\u00eda Mundial del Malbec<\/strong>. Se celebra en la&nbsp;<strong>Enoteca<\/strong>&nbsp;con el ciclo&nbsp;<strong>\u00abEntre copa y copa: Malbec de mis amores\u00bb<\/strong>. Un encuentro descontracturado y con informaci\u00f3n calificada sobre todo lo que hay que saber sobre el malbec. Se degustar\u00e1n diferentes estilos de vinificaci\u00f3n y vinos de distintas regiones. Entradas desde $3.000 en<strong>&nbsp;<a href=\"https:\/\/elvinonosune.us15.list-manage.com\/track\/click?u=893404577f149ca331e36a99b&amp;id=f1a4ede1db&amp;e=c8feb6be5f\" target=\"_blank\" rel=\"noreferrer noopener\">Eventbrite<\/a>.<\/strong><\/p>\n\n\n\n<div style=\"height:30px\" aria-hidden=\"true\" class=\"wp-block-spacer\"><\/div>\n\n\n<div class=\"wp-block-image\">\n<figure class=\"aligncenter\"><a href=\"https:\/\/enolife.com.ar\/es\/wp-content\/uploads\/2024\/04\/Imagen2-7.jpg\" data-rel=\"penci-gallery-image-content\" ><img loading=\"lazy\" decoding=\"async\" width=\"547\" height=\"300\" src=\"https:\/\/enolife.com.ar\/es\/wp-content\/uploads\/2024\/04\/Imagen2-7.jpg\" alt=\"\" class=\"wp-image-113531\" srcset=\"https:\/\/enolife.com.ar\/es\/wp-content\/uploads\/2024\/04\/Imagen2-7.jpg 547w, https:\/\/enolife.com.ar\/es\/wp-content\/uploads\/2024\/04\/Imagen2-7-300x165.jpg 300w\" sizes=\"auto, (max-width: 547px) 100vw, 547px\" \/><\/a><\/figure><\/div>\n\n\n<div style=\"height:30px\" aria-hidden=\"true\" class=\"wp-block-spacer\"><\/div>\n\n\n\n<p>Cada 17 de abril se celebra el D\u00eda Mundial del Malbec, el cepaje tinto emblem\u00e1tico de la vitivinicultura argentina. Es la variedad m\u00e1s cultivada, m\u00e1s exportada y con m\u00e1s presencia en las g\u00f3ndolas y las mesas argentinas. Aqu\u00ed, algunos datos para entender por qu\u00e9 se transform\u00f3 en el varietal bandera del pa\u00eds.<\/p>\n\n\n\n<div style=\"height:35px\" aria-hidden=\"true\" class=\"wp-block-spacer\"><\/div>\n\n\n\n<p class=\"has-medium-font-size\"><strong>D\u00f3nde comienza la historia<\/strong><\/p>\n\n\n\n<p>El 17 de abril de 1853, por sugerencia de <strong>Domingo Faustino Sarmiento<\/strong> -quien estaba exiliado en Chile-,&nbsp; se aprob\u00f3 en <strong>Mendoza<\/strong> el proyecto que propon\u00eda crear la <strong>Quinta Modelo y Escuela de Agricultura<\/strong>. Se trataba de un proyecto educativo visionario para la \u00e9poca y que sent\u00f3 las bases de la vitivinicultura en Argentina. Su primer director fue el franc\u00e9s <strong>Michel Pouget<\/strong> quien trajo de Europa diversas plantas, colmenas y barbechos de vid, entre ellos el <strong>Malbec<\/strong>.&nbsp; Fue as\u00ed que se cre\u00f3 esta celebraci\u00f3n, hoy presente en todo el pa\u00eds y en los principales mercados de los vinos argentinos.<br><br><strong>La Enoteca, Centro Tem\u00e1tico del Vino<\/strong>, situada en calle Peltier, en el conjunto del <strong>Centro de Congresos y Exposiciones<\/strong>&nbsp;y la <strong>Plaza del Vino<\/strong>, es el \u00fanico testimonio en pie de aquella gesta educativa. El edificio -que termin\u00f3 de construirse en 1902- fue la bodega modelo donde se formaron los primeros profesionales vitivin\u00edcolas de Am\u00e9rica Latina. Hoy, La Enoteca es un espacio tur\u00edstico, educativo y patrimonial por el que pasas m\u00e1s de 1.000 turistas por mes, nacionales e internacionales. La visita guiada destaca el car\u00e1cter hist\u00f3rico del edificio y los proyectos educativos que all\u00ed tuvieron sede; se realiza en castellano, ingl\u00e9s y portugu\u00e9s y propone un final feliz: degustaci\u00f3n de las dos cepas emblem\u00e1ticas, Malbec y Torront\u00e9s.<\/p>\n\n\n\n<div style=\"height:17px\" aria-hidden=\"true\" class=\"wp-block-spacer\"><\/div>\n\n\n\n<p class=\"has-medium-font-size\"><strong>Gratis para mendocinos<\/strong><\/p>\n\n\n\n<p>El recorrido por La Enoteca permite tomar dimensi\u00f3n de la importancia de la formaci\u00f3n acad\u00e9mica y c\u00f3mo se fue modelando, a trav\u00e9s de diversos proyectos educativos, el perfil de la vitivinicultura argentina. Como es un edificio patrimonial, los 120 a\u00f1os de esta construcci\u00f3n ic\u00f3nica dan cuenta tambi\u00e9n del desarrollo arquitect\u00f3nico del sector. La visita a la fant\u00e1stica cava recorre una galer\u00eda de personajes fundamentales en el mundo del vino: desde contratistas, cosechadores, t\u00e9cnicos y profesionales hasta sommeliers y consumidores, qu\u00e9 aporta cada uno al desarrollo de la Bebida Nacional.<br><br>Durante el mes del Malbec la visita a La Enoteca es&nbsp;<strong>gratis para mendocinos y mendocinas en el horario de las 15.50,<\/strong>&nbsp;precisamente porque la vitivinicultura es un aspecto fundante de nuestra identidad y el mes del Malbec es una invitaci\u00f3n a profundizar esta curiosidad por nuestra historia vitivin\u00edcola y nuestros vinos. El vino que se degusta en La Enoteca es un Malbec m\u00e1s que singular, pues es el que se elabora con las uvas cosechadas del vi\u00f1edo del aeropuerto, escenario natural de la Fiesta de la Cosecha.<\/p>\n\n\n\n<div style=\"height:20px\" aria-hidden=\"true\" class=\"wp-block-spacer\"><\/div>\n\n\n\n<p class=\"has-medium-font-size\"><strong>Algunos datos interesantes sobre el Malbec<\/strong>&nbsp;<\/p>\n\n\n\n<ul class=\"wp-block-list\">\n<li><strong>El Malbec es la variedad m\u00e1s cultivada en Argentina<\/strong>. Casi 1 de cada 4 hect\u00e1reas de vi\u00f1edo es de Malbec. Su superficie creci\u00f3 22% en la \u00faltima d\u00e9cada y hoy son algo m\u00e1s de&nbsp; 46.900 hect\u00e1reas en todo el pa\u00eds. El 84% de esta superficie est\u00e1 cultivada en Mendoza.<br><\/li>\n\n\n\n<li><strong>Es sin\u00f3nimo de Argentina.&nbsp;<\/strong>Es el varietal m\u00e1s exportado: representa el 64% de los litros que se comercializan en el exterior. El 55% de los litros que se despachan al mercado local es Malbec . Hay m\u00e1s de 2.100 etiquetas de esta variedad en las g\u00f3ndolas argentinas.<br><\/li>\n\n\n\n<li><strong>Es una variedad muy vers\u00e1til<\/strong>. Permite elaborar vinos j\u00f3venes y de guarda; vinos espumantes; fortificados; tintos concentrados, rosados frescos, vinos naranjos, biodin\u00e1micos, org\u00e1nicos y sorprendentes \u201cblanc de noir\u201d! S\u00ed, vinos blancos elaborados a partir de uvas tintas en los que el jugo de la uva no tiene contacto con la piel.<\/li>\n<\/ul>\n\n\n\n<div style=\"height:23px\" aria-hidden=\"true\" class=\"wp-block-spacer\"><\/div>\n\n\n\n<p class=\"has-medium-font-size\"><strong>Datos del Observatorio Vitivin\u00edcola Argentino<\/strong><\/p>\n\n\n\n<p>El <strong>Observatorio Vitivin\u00edcola Argentino<\/strong>, como unidad ejecutora de la <strong>Corporaci\u00f3n Vitivin\u00edcola Argentina (Coviar)<\/strong> administrada por la <strong>Bolsa de Comercio de Mendoza<\/strong>, se suma a los festejos con la actualizaci\u00f3n de la cl\u00e1sica infograf\u00eda que se publica todos los a\u00f1os, donde se analizan los datos que muestran la evoluci\u00f3n de nuestra cepa insignia en los \u00faltimos diez a\u00f1os en cuanto a producci\u00f3n, despachos al mercado interno y exportaciones en base a datos del Instituto Nacional de Vitivinicultura (INV) y otras fuentes. Aqu\u00ed podr\u00e1s encontrar informaci\u00f3n desde 2014 y hasta 2023 sobre superficie cultivada, cosecha, precios, mercados interno y externo, fraccionados y a granel.<\/p>\n\n\n\n<div style=\"height:18px\" aria-hidden=\"true\" class=\"wp-block-spacer\"><\/div>\n\n\n\n<figure class=\"wp-block-gallery has-nested-images columns-default is-cropped wp-block-gallery-1 is-layout-flex wp-block-gallery-is-layout-flex\">\n<figure class=\"wp-block-image size-large\"><a href=\"https:\/\/enolife.com.ar\/es\/wp-content\/uploads\/2024\/04\/info-malbec-2024-PRODUCCION-ESP.jpg\" data-rel=\"penci-gallery-image-content\" ><img loading=\"lazy\" decoding=\"async\" width=\"425\" height=\"1024\" data-id=\"113862\" src=\"https:\/\/enolife.com.ar\/es\/wp-content\/uploads\/2024\/04\/info-malbec-2024-PRODUCCION-ESP-425x1024.jpg\" alt=\"\" class=\"wp-image-113862\" srcset=\"https:\/\/enolife.com.ar\/es\/wp-content\/uploads\/2024\/04\/info-malbec-2024-PRODUCCION-ESP-425x1024.jpg 425w, https:\/\/enolife.com.ar\/es\/wp-content\/uploads\/2024\/04\/info-malbec-2024-PRODUCCION-ESP-124x300.jpg 124w, https:\/\/enolife.com.ar\/es\/wp-content\/uploads\/2024\/04\/info-malbec-2024-PRODUCCION-ESP.jpg 500w\" sizes=\"auto, (max-width: 425px) 100vw, 425px\" \/><\/a><\/figure>\n\n\n\n<figure class=\"wp-block-image size-large\"><a href=\"https:\/\/enolife.com.ar\/es\/wp-content\/uploads\/2024\/04\/info-malbec-2024-M-INT-ESP.jpg\" data-rel=\"penci-gallery-image-content\" ><img loading=\"lazy\" decoding=\"async\" width=\"422\" height=\"1024\" data-id=\"113863\" src=\"https:\/\/enolife.com.ar\/es\/wp-content\/uploads\/2024\/04\/info-malbec-2024-M-INT-ESP-422x1024.jpg\" alt=\"\" class=\"wp-image-113863\" srcset=\"https:\/\/enolife.com.ar\/es\/wp-content\/uploads\/2024\/04\/info-malbec-2024-M-INT-ESP-422x1024.jpg 422w, https:\/\/enolife.com.ar\/es\/wp-content\/uploads\/2024\/04\/info-malbec-2024-M-INT-ESP-124x300.jpg 124w, https:\/\/enolife.com.ar\/es\/wp-content\/uploads\/2024\/04\/info-malbec-2024-M-INT-ESP.jpg 500w\" sizes=\"auto, (max-width: 422px) 100vw, 422px\" \/><\/a><\/figure>\n<\/figure>\n\n\n\n<div style=\"height:23px\" aria-hidden=\"true\" class=\"wp-block-spacer\"><\/div>\n\n\n\n<figure class=\"wp-block-gallery has-nested-images columns-default is-cropped wp-block-gallery-2 is-layout-flex wp-block-gallery-is-layout-flex\">\n<figure class=\"wp-block-image size-large\"><a href=\"https:\/\/enolife.com.ar\/es\/wp-content\/uploads\/2024\/04\/malbec-1.jpg\" data-rel=\"penci-gallery-image-content\" ><img loading=\"lazy\" decoding=\"async\" width=\"551\" height=\"1024\" data-id=\"113880\" src=\"https:\/\/enolife.com.ar\/es\/wp-content\/uploads\/2024\/04\/malbec-1-551x1024.jpg\" alt=\"\" class=\"wp-image-113880\" srcset=\"https:\/\/enolife.com.ar\/es\/wp-content\/uploads\/2024\/04\/malbec-1-551x1024.jpg 551w, https:\/\/enolife.com.ar\/es\/wp-content\/uploads\/2024\/04\/malbec-1-161x300.jpg 161w, https:\/\/enolife.com.ar\/es\/wp-content\/uploads\/2024\/04\/malbec-1-585x1088.jpg 585w, https:\/\/enolife.com.ar\/es\/wp-content\/uploads\/2024\/04\/malbec-1.jpg 633w\" sizes=\"auto, (max-width: 551px) 100vw, 551px\" \/><\/a><\/figure>\n\n\n\n<figure class=\"wp-block-image size-large\"><a href=\"https:\/\/enolife.com.ar\/es\/wp-content\/uploads\/2024\/04\/info-malbec-2024-EXTERNO-ESP-1-scaled-2-1.jpg\" data-rel=\"penci-gallery-image-content\" ><img loading=\"lazy\" decoding=\"async\" width=\"470\" height=\"1024\" data-id=\"113881\" src=\"https:\/\/enolife.com.ar\/es\/wp-content\/uploads\/2024\/04\/info-malbec-2024-EXTERNO-ESP-1-scaled-2-1-470x1024.jpg\" alt=\"\" class=\"wp-image-113881\" srcset=\"https:\/\/enolife.com.ar\/es\/wp-content\/uploads\/2024\/04\/info-malbec-2024-EXTERNO-ESP-1-scaled-2-1-470x1024.jpg 470w, https:\/\/enolife.com.ar\/es\/wp-content\/uploads\/2024\/04\/info-malbec-2024-EXTERNO-ESP-1-scaled-2-1-138x300.jpg 138w, https:\/\/enolife.com.ar\/es\/wp-content\/uploads\/2024\/04\/info-malbec-2024-EXTERNO-ESP-1-scaled-2-1-585x1274.jpg 585w, https:\/\/enolife.com.ar\/es\/wp-content\/uploads\/2024\/04\/info-malbec-2024-EXTERNO-ESP-1-scaled-2-1.jpg 633w\" sizes=\"auto, (max-width: 470px) 100vw, 470px\" \/><\/a><\/figure>\n<\/figure>\n","protected":false},"excerpt":{"rendered":"<p>El Centro Tem\u00e1tico del Vino de la Capital de Mendoza, ubicado en Peltier 611 de&hellip;<\/p>\n","protected":false},"author":3,"featured_media":113888,"comment_status":"open","ping_status":"open","sticky":false,"template":"","format":"standard","meta":{"footnotes":""},"categories":[47],"tags":[],"class_list":["post-113857","post","type-post","status-publish","format-standard","has-post-thumbnail","hentry","category-agenda"],"_links":{"self":[{"href":"https:\/\/enolife.com.ar\/es\/wp-json\/wp\/v2\/posts\/113857","targetHints":{"allow":["GET"]}}],"collection":[{"href":"https:\/\/enolife.com.ar\/es\/wp-json\/wp\/v2\/posts"}],"about":[{"href":"https:\/\/enolife.com.ar\/es\/wp-json\/wp\/v2\/types\/post"}],"author":[{"embeddable":true,"href":"https:\/\/enolife.com.ar\/es\/wp-json\/wp\/v2\/users\/3"}],"replies":[{"embeddable":true,"href":"https:\/\/enolife.com.ar\/es\/wp-json\/wp\/v2\/comments?post=113857"}],"version-history":[{"count":0,"href":"https:\/\/enolife.com.ar\/es\/wp-json\/wp\/v2\/posts\/113857\/revisions"}],"wp:featuredmedia":[{"embeddable":true,"href":"https:\/\/enolife.com.ar\/es\/wp-json\/wp\/v2\/media\/113888"}],"wp:attachment":[{"href":"https:\/\/enolife.com.ar\/es\/wp-json\/wp\/v2\/media?parent=113857"}],"wp:term":[{"taxonomy":"category","embeddable":true,"href":"https:\/\/enolife.com.ar\/es\/wp-json\/wp\/v2\/categories?post=113857"},{"taxonomy":"post_tag","embeddable":true,"href":"https:\/\/enolife.com.ar\/es\/wp-json\/wp\/v2\/tags?post=113857"}],"curies":[{"name":"wp","href":"https:\/\/api.w.org\/{rel}","templated":true}]}}