{"id":113856,"date":"2024-04-17T17:34:40","date_gmt":"2024-04-17T17:34:40","guid":{"rendered":"https:\/\/enolife.com.ar\/es\/?p=113856"},"modified":"2024-04-18T20:59:24","modified_gmt":"2024-04-18T20:59:24","slug":"irrigacion-controla-pozos-de-agua-al-norte-de-mendoza-para-gestionar-mejor-y-no-agotar-los-acuiferos","status":"publish","type":"post","link":"https:\/\/enolife.com.ar\/es\/irrigacion-controla-pozos-de-agua-al-norte-de-mendoza-para-gestionar-mejor-y-no-agotar-los-acuiferos\/","title":{"rendered":"Irrigaci\u00f3n controla pozos de agua al norte de Mendoza para gestionar mejor y no agotar los acu\u00edferos"},"content":{"rendered":"\n<h4 class=\"wp-block-heading\"><em><strong>El organismo gubernamental mendocino que fiscaliza y gestiona el uso del agua para riego de Mendoza, junto al Instituto Nacional del Agua (INA), comenzaron a realizar una tarea de control de la red de acu\u00edferos del norte de Mendoza. Este trabajo, que no se realizaba desde 2016, tiene como objetivo relevar y contar con informaci\u00f3n actualizada que prevea un aprovechamiento sostenible a largo plazo.<\/strong><\/em><\/h4>\n\n\n\n<div style=\"height:35px\" aria-hidden=\"true\" class=\"wp-block-spacer\"><\/div>\n\n\n<a href=\"https:\/\/www.irrigacion.gov.ar\/web\/\" aria-label=\"irrigaci\u00f3n-1700X500\"><img loading=\"lazy\" decoding=\"async\" src=\"https:\/\/enolife.com.ar\/es\/wp-content\/uploads\/2021\/02\/irrigacion-1700X500.gif\" alt=\"\"  width=\"1700\" height=\"500\"   \/><\/a>\n\n\n<div style=\"height:45px\" aria-hidden=\"true\" class=\"wp-block-spacer\"><\/div>\n\n\n\n<p>El agua subterr\u00e1nea, como la superficial, es un recurso fundamental para el desarrollo social y econ\u00f3mico. Para utilizar las aguas subterr\u00e1neas -salvo donde brota espont\u00e1neamente- hay que hacer perforaciones o \u00abpozos\u00bb. De ah\u00ed que deben ser&nbsp;controlados. Por ello, el <strong>Departamento General de Irrigaci\u00f3n (DGI)<\/strong> concret\u00f3 un acuerdo con el <strong>Instituto Nacional del Agua (INA)<\/strong> para desarrollar una red de monitoreo en una de las principales cuencas de la provincia. La zona de estudio est\u00e1 ubicada en el <strong>sector norte de Mendoza<\/strong>, donde se localiza la <strong>subcuenca hidrogeol\u00f3gica Mendoza Norte.&nbsp;<\/strong><\/p>\n\n\n\n<div style=\"height:12px\" aria-hidden=\"true\" class=\"wp-block-spacer\"><\/div>\n\n\n\n<h3 class=\"wp-block-heading has-text-color\" style=\"color:#59a489\">La cuenca abarca una extensi\u00f3n de 22.000 km\u00b2. Por otra parte, la regi\u00f3n sureste de la cuenca posee antecedentes de incrementos de salinidad, por lo que el \u00e1rea de estudio se enfoca particularmente en el espacio comprendido entre el r\u00edo Mendoza y r\u00edo Tunuy\u00e1n, o cuenca del r\u00edo Tunuy\u00e1n Inferior.&nbsp;&nbsp;<\/h3>\n\n\n\n<div style=\"height:12px\" aria-hidden=\"true\" class=\"wp-block-spacer\"><\/div>\n\n\n\n<p>La realizaci\u00f3n de redes de monitoreo de agua subterr\u00e1nea constituye una rigurosa herramienta para que los organismos que gestionan el agua tomen decisiones fundamentadas. El conocimiento y seguimiento del estado general de las reservas h\u00eddricas permite a los organismos t\u00e9cnicos adecuar los programas productivos y as\u00ed lograr \u00f3ptimos rendimientos, adem\u00e1s de prevenir el deterioro de las reservas h\u00eddricas, como as\u00ed tambi\u00e9n el de los suelos.<\/p>\n\n\n\n<p>El agua subterr\u00e1nea es parte del ciclo hidrol\u00f3gico. Del mismo modo que el agua contenida en las nubes como vapor, el agua de lluvia y las aguas superficiales (r\u00edos, lagos) proviene de precipitaciones o deshielos, se infiltra y se mueve por los acu\u00edferos. Tambi\u00e9n es una excelente alternativa para complementar el uso de agua superficiales y en un escenario de condiciones ambientales semides\u00e9rticas como el de la provincia de Mendoza, m\u00e1s a\u00fan.&nbsp;&nbsp;&nbsp;&nbsp;<\/p>\n\n\n\n<p>Este proyecto de Irrigaci\u00f3n y el INA prev\u00e9 dotar de informaci\u00f3n a los organismos involucrados para un aprovechamiento del agua subterr\u00e1nea a largo plazo. El mismo se lleva a cabo en dos campa\u00f1as de monitoreo anuales que se realizan en la cuenca del r\u00edo Tunuy\u00e1n Inferior. La primera, de niveles est\u00e1ticos, en los meses invernales coincidiendo con la disminuci\u00f3n del bombeo intensivo y de la recarga natural de los acu\u00edferos. La segunda campa\u00f1a, hidroqu\u00edmica, se realizar\u00e1 en los meses estivales, \u00e9poca de m\u00e1xima actividad agroproductiva.<\/p>\n\n\n\n<div style=\"height:15px\" aria-hidden=\"true\" class=\"wp-block-spacer\"><\/div>\n\n\n\n<p class=\"has-background\" style=\"background-color:#abb7c273\">Los<strong> alcances primordiales del proyecto<\/strong> contemplan, entre otros objetivos, lograr un <strong>relevamiento de las perforaciones que se encuentren activas<\/strong> dentro de la red de medici\u00f3n existente, caracteriz\u00e1ndolas en funci\u00f3n a su ubicaci\u00f3n, tipo, profundidad y perfilaje. Para ello se capacitar\u00e1 t\u00e9cnicamente al personal involucrado en las tareas del proyecto en mediciones de niveles est\u00e1ticos y din\u00e1micos, mediciones de par\u00e1metros fisicoqu\u00edmicos in situ, muestreo hidroqu\u00edmico y procesamiento de datos.<\/p>\n\n\n\n<div style=\"height:15px\" aria-hidden=\"true\" class=\"wp-block-spacer\"><\/div>\n\n\n\n<p>Tambi\u00e9n es importante destacar que se har\u00e1 una evaluaci\u00f3n de la red actual de monitoreo de perforaciones y redise\u00f1o de la misma de acuerdo a los objetivos y medidas futuras. De acuerdo a esta perspectiva se extender\u00e1 el muestreo y caracterizaci\u00f3n hidroqu\u00edmica y fisicoqu\u00edmica del agua subterr\u00e1nea en las perforaciones pertenecientes a una nueva red de monitoreo, por lo tanto, finalmente se dispondr\u00e1 de un mapa de la red definitiva de monitoreo mucho m\u00e1s amplio de agua subterr\u00e1nea (niveles y calidad).<\/p>\n\n\n\n<div style=\"height:35px\" aria-hidden=\"true\" class=\"wp-block-spacer\"><\/div>\n\n\n\n<p class=\"has-medium-font-size\"><strong>Uso racional del agua subterr\u00e1nea<\/strong><\/p>\n\n\n\n<p>El titular de Irrigaci\u00f3n, <strong>Sergio Marinell<\/strong>i, afirm\u00f3 al respecto: <em>\u00abEsto nos va a permitir caracterizar la cuenca y a los acu\u00edferos conocerlos bien, porque a futuro se viene una gesti\u00f3n conjunta de agua superficial y agua subterr\u00e1nea. Por lo tanto, tenemos que buscar la forma de usar el agua subterr\u00e1nea en los momentos que nos falte, pero teniendo cuidado desde el punto de vista ambiental de no agotar los acu\u00edferos\u00bb<\/em>.<\/p>\n\n\n\n<p>En representaci\u00f3n del INA suscribi\u00f3 el acuerdo el subgerente del Centro Regional Andino del Instituto Nacional del Agua, <strong>Santiago Ruiz<\/strong>, quien remarc\u00f3: <em>\u00abEsta es una herramienta importante para la gesti\u00f3n provincial del agua y para la planificaci\u00f3n de los acu\u00edferos.\u00bb<\/em><\/p>\n\n\n\n<p>Tambi\u00e9n se suma a esta iniciativa el <strong>INA San Juan<\/strong>. En su representaci\u00f3n firm\u00f3 el acuerdo <strong>Ra\u00fal Tell<\/strong>o, quien resalt\u00f3 la importancia de la colaboraci\u00f3n conjunta y agradeci\u00f3 la confianza de los entes involucrados.&nbsp;&nbsp;<\/p>\n\n\n\n<div style=\"height:30px\" aria-hidden=\"true\" class=\"wp-block-spacer\"><\/div>\n\n\n\n\n\n<div style=\"height:30px\" aria-hidden=\"true\" class=\"wp-block-spacer\"><\/div>\n","protected":false},"excerpt":{"rendered":"<p>El organismo gubernamental mendocino que fiscaliza y gestiona el uso del agua para riego de&hellip;<\/p>\n","protected":false},"author":3,"featured_media":113892,"comment_status":"open","ping_status":"open","sticky":false,"template":"","format":"standard","meta":{"footnotes":""},"categories":[14],"tags":[],"class_list":["post-113856","post","type-post","status-publish","format-standard","has-post-thumbnail","hentry","category-news"],"_links":{"self":[{"href":"https:\/\/enolife.com.ar\/es\/wp-json\/wp\/v2\/posts\/113856","targetHints":{"allow":["GET"]}}],"collection":[{"href":"https:\/\/enolife.com.ar\/es\/wp-json\/wp\/v2\/posts"}],"about":[{"href":"https:\/\/enolife.com.ar\/es\/wp-json\/wp\/v2\/types\/post"}],"author":[{"embeddable":true,"href":"https:\/\/enolife.com.ar\/es\/wp-json\/wp\/v2\/users\/3"}],"replies":[{"embeddable":true,"href":"https:\/\/enolife.com.ar\/es\/wp-json\/wp\/v2\/comments?post=113856"}],"version-history":[{"count":0,"href":"https:\/\/enolife.com.ar\/es\/wp-json\/wp\/v2\/posts\/113856\/revisions"}],"wp:featuredmedia":[{"embeddable":true,"href":"https:\/\/enolife.com.ar\/es\/wp-json\/wp\/v2\/media\/113892"}],"wp:attachment":[{"href":"https:\/\/enolife.com.ar\/es\/wp-json\/wp\/v2\/media?parent=113856"}],"wp:term":[{"taxonomy":"category","embeddable":true,"href":"https:\/\/enolife.com.ar\/es\/wp-json\/wp\/v2\/categories?post=113856"},{"taxonomy":"post_tag","embeddable":true,"href":"https:\/\/enolife.com.ar\/es\/wp-json\/wp\/v2\/tags?post=113856"}],"curies":[{"name":"wp","href":"https:\/\/api.w.org\/{rel}","templated":true}]}}