{"id":113854,"date":"2024-04-19T11:34:23","date_gmt":"2024-04-19T11:34:23","guid":{"rendered":"https:\/\/enolife.com.ar\/es\/?p=113854"},"modified":"2024-04-20T13:10:38","modified_gmt":"2024-04-20T13:10:38","slug":"promendoza-celebro-el-dia-del-malbec-con-bodegas-de-san-rafael-que-buscan-internacionalizarse","status":"publish","type":"post","link":"https:\/\/enolife.com.ar\/es\/promendoza-celebro-el-dia-del-malbec-con-bodegas-de-san-rafael-que-buscan-internacionalizarse\/","title":{"rendered":"ProMendoza celebr\u00f3 el D\u00eda del Malbec con bodegas de San Rafael que buscan internacionalizarse"},"content":{"rendered":"\n<h4 class=\"wp-block-heading\"><em><strong>Funcionarios de ProMendoza -la agencia del gobierno de Mendoza que promociona los productos de la provincia en el exterior- se reuni\u00f3 en San Rafael -la segunda ciudad mendocina, al sur del territorio- con representantes de la C\u00e1mara de Comercio y bodegueros locales. All\u00ed se present\u00f3 un nuevo formato \u00e1gil de los tradicionales programas de internacionalizaci\u00f3n de empresas. Los empresarios vitivin\u00edcolas sanrafaelinos, de la mano de la agencia, llevar\u00e1n sus vinos con la expectativa de exportar a ferias en Panam\u00e1, Paraguay, Brasil y Gran Breta\u00f1a.<\/strong><\/em><\/h4>\n\n\n\n<div style=\"height:35px\" aria-hidden=\"true\" class=\"wp-block-spacer\"><\/div>\n\n\n\n\n\n<div style=\"height:45px\" aria-hidden=\"true\" class=\"wp-block-spacer\"><\/div>\n\n\n\n<p>La sede de <strong>ProMendoza en San Rafael<\/strong> est\u00e1 ubicada en Pellegrini 120, 2\u00ba piso. En General Alvear hay otra oficina que trabaja en el edificio municipal. En el distrito sanrafaelino de <strong>Rama Ca\u00edda<\/strong>, parte del equipo de ProMendoza recorri\u00f3 <strong>Bodega Ibarra<\/strong>, empresa que ha iniciado su camino exportador con el organismo de promoci\u00f3n mendocino, integrado al cl\u00faster<strong> Sur de Mendoza Wine Group<\/strong>, que conforma una amplia oferta exportable. Con ellos, realizar\u00e1n un env\u00edo de muestras de vinos artesanales y org\u00e1nicos a un potencial cliente en Panam\u00e1. Ese contacto se gener\u00f3 durante la participaci\u00f3n de la gerenta de ProMendoza, Patricia Gim\u00e9nez, en el encuentro <strong>Expocomer<\/strong>, en marzo pasado.<\/p>\n\n\n\n<div style=\"height:30px\" aria-hidden=\"true\" class=\"wp-block-spacer\"><\/div>\n\n\n<div class=\"wp-block-image\">\n<figure class=\"aligncenter size-full is-resized\"><a href=\"https:\/\/enolife.com.ar\/es\/wp-content\/uploads\/2024\/04\/6ffc93b9-4c1b-497c-9e46-307e8c5a281c-820x390-1.jpg\" data-rel=\"penci-gallery-image-content\" ><img loading=\"lazy\" decoding=\"async\" src=\"https:\/\/enolife.com.ar\/es\/wp-content\/uploads\/2024\/04\/6ffc93b9-4c1b-497c-9e46-307e8c5a281c-820x390-1.jpg\" alt=\"\" class=\"wp-image-113999\" width=\"564\" height=\"303\" srcset=\"https:\/\/enolife.com.ar\/es\/wp-content\/uploads\/2024\/04\/6ffc93b9-4c1b-497c-9e46-307e8c5a281c-820x390-1.jpg 724w, https:\/\/enolife.com.ar\/es\/wp-content\/uploads\/2024\/04\/6ffc93b9-4c1b-497c-9e46-307e8c5a281c-820x390-1-300x161.jpg 300w, https:\/\/enolife.com.ar\/es\/wp-content\/uploads\/2024\/04\/6ffc93b9-4c1b-497c-9e46-307e8c5a281c-820x390-1-585x314.jpg 585w\" sizes=\"auto, (max-width: 564px) 100vw, 564px\" \/><\/a><figcaption class=\"wp-element-caption\"><em><strong>El grupo asociativo Sur de Mendoza &#8211; Wine Group, se prepara para enviar las primeras muestras de vinos artesanales y org\u00e1nicos a Panam\u00e1.<\/strong><\/em><\/figcaption><\/figure><\/div>\n\n\n<div style=\"height:30px\" aria-hidden=\"true\" class=\"wp-block-spacer\"><\/div>\n\n\n\n<p>Adem\u00e1s, para este a\u00f1o, este grupo de emprendedores tiene proyectado la participaci\u00f3n en <strong>ExpoVino Paraguay<\/strong>, el encuentro del vino m\u00e1s importante de ese pa\u00eds, organizado por la C\u00e1mara de Proveeedores paraguaya. Tambi\u00e9n viajar\u00e1n a <strong>Brasil<\/strong> a la\u00a0<strong>Wine South America de Bento Gon\u00e7alves<\/strong>, capital brasile\u00f1a de la uva y del vino.<\/p>\n\n\n\n<p>El equipo de ProMendoza visit\u00f3 tambi\u00e9n <strong>Bodegas Vides SA<\/strong>, una de las m\u00e1s antiguas y un emblema del vino en San Rafael. Ellos tienen inter\u00e9s de exportar sus espumantes y expandirse a otros mercados. Se los invit\u00f3 a participar de un importante encuentro que habr\u00e1 en junio en <strong>Gran Breta\u00f1a<\/strong>. Tambi\u00e9n se habl\u00f3 sobre la feria <strong>Apas<\/strong> en Brasil.<\/p>\n\n\n\n<div style=\"height:30px\" aria-hidden=\"true\" class=\"wp-block-spacer\"><\/div>\n\n\n<div class=\"wp-block-image\">\n<figure class=\"aligncenter size-full is-resized\"><a href=\"https:\/\/enolife.com.ar\/es\/wp-content\/uploads\/2024\/04\/GLT6si1XwAIxYKT.jpg\" data-rel=\"penci-gallery-image-content\" ><img loading=\"lazy\" decoding=\"async\" src=\"https:\/\/enolife.com.ar\/es\/wp-content\/uploads\/2024\/04\/GLT6si1XwAIxYKT.jpg\" alt=\"\" class=\"wp-image-114003\" width=\"552\" height=\"444\" srcset=\"https:\/\/enolife.com.ar\/es\/wp-content\/uploads\/2024\/04\/GLT6si1XwAIxYKT.jpg 622w, https:\/\/enolife.com.ar\/es\/wp-content\/uploads\/2024\/04\/GLT6si1XwAIxYKT-300x241.jpg 300w, https:\/\/enolife.com.ar\/es\/wp-content\/uploads\/2024\/04\/GLT6si1XwAIxYKT-585x470.jpg 585w\" sizes=\"auto, (max-width: 552px) 100vw, 552px\" \/><\/a><figcaption class=\"wp-element-caption\"><em><strong>Bodega \u00abVides\u00bb, San Rafael<\/strong><\/em><\/figcaption><\/figure><\/div>\n\n\n<div style=\"height:35px\" aria-hidden=\"true\" class=\"wp-block-spacer\"><\/div>\n\n\n\n<p class=\"has-medium-font-size\"><strong>Agenda de trabajo<\/strong><\/p>\n\n\n\n<p>Adem\u00e1s de bodegas, la agenda de trabajo de ProMendoza en el sur provincial incluy\u00f3 otras dos reuniones. La primera, con representantes de la <strong>C\u00e1mara de Comercio<\/strong> de este departamento, presidida por <strong>Hugo Tornaghi<\/strong>. All\u00ed la agencia estatal present\u00f3 su nuevo formato \u00e1gil de los tradicionales programas de internacionalizaci\u00f3n de empresas. Se discutieron, tambi\u00e9n, los principales puntos de trabajo de la agenda conjunta para el sur mendocino para este a\u00f1o.<\/p>\n\n\n\n<div style=\"height:30px\" aria-hidden=\"true\" class=\"wp-block-spacer\"><\/div>\n\n\n<div class=\"wp-block-image\">\n<figure class=\"aligncenter size-full is-resized\"><a href=\"https:\/\/enolife.com.ar\/es\/wp-content\/uploads\/2024\/04\/GLS5EBJXEAAG9Tu.jpg\" data-rel=\"penci-gallery-image-content\" ><img loading=\"lazy\" decoding=\"async\" src=\"https:\/\/enolife.com.ar\/es\/wp-content\/uploads\/2024\/04\/GLS5EBJXEAAG9Tu.jpg\" alt=\"\" class=\"wp-image-113997\" width=\"576\" height=\"365\" srcset=\"https:\/\/enolife.com.ar\/es\/wp-content\/uploads\/2024\/04\/GLS5EBJXEAAG9Tu.jpg 790w, https:\/\/enolife.com.ar\/es\/wp-content\/uploads\/2024\/04\/GLS5EBJXEAAG9Tu-300x190.jpg 300w, https:\/\/enolife.com.ar\/es\/wp-content\/uploads\/2024\/04\/GLS5EBJXEAAG9Tu-768x486.jpg 768w, https:\/\/enolife.com.ar\/es\/wp-content\/uploads\/2024\/04\/GLS5EBJXEAAG9Tu-585x370.jpg 585w\" sizes=\"auto, (max-width: 576px) 100vw, 576px\" \/><\/a><figcaption class=\"wp-element-caption\"><em><strong>Patricia Gim\u00e9nez junto a integrantes de la C\u00e1mara Comercio de San Rafael<\/strong><\/em><\/figcaption><\/figure><\/div>\n\n\n<div style=\"height:30px\" aria-hidden=\"true\" class=\"wp-block-spacer\"><\/div>\n\n\n\n<blockquote class=\"wp-block-quote is-layout-flow wp-block-quote-is-layout-flow\">\n<p>El malbec es la variedad emblem\u00e1tica que hemos elegido para promocionar nuestros productos en el exterior. Nos abre puertas en el mundo, para que todos los vinos, de todas nuestras bodegas tengan una oportunidad internacional de negocios. Por eso, en v\u00edsperas de los festejos, hemos brindado en el sur de la provincia porque como el malbec, queremos ser quienes ayuden a abrir las puertas del comercio exterior a todas las pymes de Mendoza, federalizando los servicios de ProMendoza\u00bb.<\/p>\n<cite>Patricia Gim\u00e9nez, gerenta de ProMendoza<\/cite><\/blockquote>\n\n\n\n<div style=\"height:17px\" aria-hidden=\"true\" class=\"wp-block-spacer\"><\/div>\n\n\n\n<p>La segunda reuni\u00f3n fue con representantes de la <strong>C\u00e1mara de Comercio Exterior<\/strong> y la <strong>C\u00e1mara de Exportadores de Ciruela.<\/strong> Con ellos se analiz\u00f3 la posibilidad de la incorporaci\u00f3n de nuevos mercados para uno de los principales productos exportados desde el sur de Mendoza. Gim\u00e9nez coment\u00f3 que tanto Paraguay como Bolivia se han transformado en excelentes mercados de cercan\u00eda para los productos frescos y procesados de la provincia, porque los bajos costos log\u00edsticos le otorgan mayor competitividad.<\/p>\n\n\n\n<div style=\"height:35px\" aria-hidden=\"true\" class=\"wp-block-spacer\"><\/div>\n\n\n\n<p class=\"has-medium-font-size\">\u00a0<strong>La importancia del malbec \u00a0<\/strong><\/p>\n\n\n\n<p>El <strong>D\u00eda Mundial del Malbec<\/strong> se celebr\u00f3 el 17 de abril en recuerdo a un d\u00eda de 1853, cuando se present\u00f3 ante la <strong>Legislatura de Mendoza<\/strong> el proyecto que contemplaba la creaci\u00f3n de una <strong>Quinta Normal<\/strong> y una <strong>Escuela de Agricultura<\/strong>. As\u00ed, comenz\u00f3 a funcionar la <strong>Quinta Agron\u00f3mica<\/strong>, instituci\u00f3n de donde egresaron los primeros agr\u00f3nomos y viticultores con formaci\u00f3n espec\u00edfica de Mendoza y del pa\u00eds. &nbsp;<\/p>\n\n\n\n<p>El frances <strong>Michel Pouget<\/strong> fue su director y es considerado como el pionero de la vitivinicultura moderna argentina.<\/p>\n\n\n\n<p>Mendoza exporta m\u00e1s del 90% de los vinos varietales de Argentina que representan 660 millones de d\u00f3lares en 185 millones de litros en 2023, de acuerdo con datos del Observatorio Vitivin\u00edcola Argentino.<\/p>\n\n\n\n<div style=\"height:21px\" aria-hidden=\"true\" class=\"wp-block-spacer\"><\/div>\n\n\n\n<h3 class=\"wp-block-heading has-text-color\" style=\"color:#7644a2\">De los vinos Malbec exportados de Argentina, Mendoza comercializa el 94% en FOB y el 92% en litros. Es decir, en 2023 Argentina super\u00f3 los 445 millones de &nbsp;d\u00f3lares con casi 128 millones de litros de vino de esta variedad en el mundo. &nbsp;<\/h3>\n\n\n\n<div style=\"height:20px\" aria-hidden=\"true\" class=\"wp-block-spacer\"><\/div>\n\n\n\n<p>El 80% del Malbec que Mendoza env\u00eda al mundo es vino en botella y el resto se exporta a granel para ser fraccionado en los diferentes destinos. &nbsp; &nbsp;<\/p>\n\n\n\n<p>La variedad insignia de la provincia representa alrededor del 64 % del total de variedades exportadas desde Mendoza, tanto en FOB como en litros. Le siguen en orden de importancia el Cabernet Sauvignon, Chardonnay, Cabernet Franc, Sauvignon, Torront\u00e9s Riojano, Syrah, Pinot Gris, Pinot Negro, Merlot y Bonarda. &nbsp;<\/p>\n\n\n\n<p>El 92 % exportan Malbec de 239 bodegas mendocinas que comercializan los vinos en el mundo. &nbsp;<\/p>\n\n\n\n<p>De los 142 destinos a los que Mendoza lleva todos sus productos, 123 mercados compran nuestro Malbec, alcanzando un 87% del total. Los pa\u00edses que m\u00e1s disfrutan de nuestro Malbec son: Estados Unidos con el 33%, Gran Breta\u00f1a 23%, Brasil 11%, Canad\u00e1 5% y M\u00e9xico con el 4%.<\/p>\n\n\n\n<div style=\"height:30px\" aria-hidden=\"true\" class=\"wp-block-spacer\"><\/div>\n","protected":false},"excerpt":{"rendered":"<p>Funcionarios de ProMendoza -la agencia del gobierno de Mendoza que promociona los productos de la&hellip;<\/p>\n","protected":false},"author":3,"featured_media":114002,"comment_status":"open","ping_status":"open","sticky":false,"template":"","format":"standard","meta":{"footnotes":""},"categories":[14],"tags":[],"class_list":["post-113854","post","type-post","status-publish","format-standard","has-post-thumbnail","hentry","category-news"],"_links":{"self":[{"href":"https:\/\/enolife.com.ar\/es\/wp-json\/wp\/v2\/posts\/113854","targetHints":{"allow":["GET"]}}],"collection":[{"href":"https:\/\/enolife.com.ar\/es\/wp-json\/wp\/v2\/posts"}],"about":[{"href":"https:\/\/enolife.com.ar\/es\/wp-json\/wp\/v2\/types\/post"}],"author":[{"embeddable":true,"href":"https:\/\/enolife.com.ar\/es\/wp-json\/wp\/v2\/users\/3"}],"replies":[{"embeddable":true,"href":"https:\/\/enolife.com.ar\/es\/wp-json\/wp\/v2\/comments?post=113854"}],"version-history":[{"count":0,"href":"https:\/\/enolife.com.ar\/es\/wp-json\/wp\/v2\/posts\/113854\/revisions"}],"wp:featuredmedia":[{"embeddable":true,"href":"https:\/\/enolife.com.ar\/es\/wp-json\/wp\/v2\/media\/114002"}],"wp:attachment":[{"href":"https:\/\/enolife.com.ar\/es\/wp-json\/wp\/v2\/media?parent=113854"}],"wp:term":[{"taxonomy":"category","embeddable":true,"href":"https:\/\/enolife.com.ar\/es\/wp-json\/wp\/v2\/categories?post=113854"},{"taxonomy":"post_tag","embeddable":true,"href":"https:\/\/enolife.com.ar\/es\/wp-json\/wp\/v2\/tags?post=113854"}],"curies":[{"name":"wp","href":"https:\/\/api.w.org\/{rel}","templated":true}]}}