{"id":113719,"date":"2024-04-17T02:16:06","date_gmt":"2024-04-17T02:16:06","guid":{"rendered":"https:\/\/enolife.com.ar\/es\/?p=113719"},"modified":"2024-04-18T12:19:34","modified_gmt":"2024-04-18T12:19:34","slug":"mendoza-mostro-sus-vinos-y-su-oferta-turistica-en-la-fiesta-de-la-vendimia-del-valle-del-maipo","status":"publish","type":"post","link":"https:\/\/enolife.com.ar\/es\/mendoza-mostro-sus-vinos-y-su-oferta-turistica-en-la-fiesta-de-la-vendimia-del-valle-del-maipo\/","title":{"rendered":"Mendoza mostr\u00f3 sus vinos y su oferta tur\u00edstica en la fiesta de la Vendimia del Valle del Maipo"},"content":{"rendered":"\n<h4 class=\"wp-block-heading\"><em><strong>Funcionarios del sector tur\u00edstico del gobierno de la principal provincia productora de vino de Argentina condujeron una misi\u00f3n de hermandad y promoci\u00f3n de los productos mendocinos en la regi\u00f3n vitivin\u00edcola del Maipo, cercana a Santiago, la capital chilena. En esta edici\u00f3n de la tradicional fiesta chilena participaron como ciudades invitadas Mendoza y Medell\u00edn, de Colombia. All\u00ed se presentaron los vinos de 40 bodegas chilenas y argentinas ante unos 150.000 visitantes.<\/strong><\/em><\/h4>\n\n\n\n<div style=\"height:35px\" aria-hidden=\"true\" class=\"wp-block-spacer\"><\/div>\n\n\n<a href=\"https:\/\/grupoaltasur.com\/\" aria-label=\"1700-500px\"><img loading=\"lazy\" decoding=\"async\" src=\"https:\/\/enolife.com.ar\/es\/wp-content\/uploads\/2021\/01\/1700-500px.jpg\" alt=\"\"  srcset=\"https:\/\/enolife.com.ar\/es\/wp-content\/uploads\/2021\/01\/1700-500px.jpg 1700w, https:\/\/enolife.com.ar\/es\/wp-content\/uploads\/2021\/01\/1700-500px-300x88.jpg 300w, https:\/\/enolife.com.ar\/es\/wp-content\/uploads\/2021\/01\/1700-500px-1024x301.jpg 1024w, https:\/\/enolife.com.ar\/es\/wp-content\/uploads\/2021\/01\/1700-500px-768x226.jpg 768w, https:\/\/enolife.com.ar\/es\/wp-content\/uploads\/2021\/01\/1700-500px-1536x452.jpg 1536w, https:\/\/enolife.com.ar\/es\/wp-content\/uploads\/2021\/01\/1700-500px-1170x344.jpg 1170w, https:\/\/enolife.com.ar\/es\/wp-content\/uploads\/2021\/01\/1700-500px-585x172.jpg 585w\" sizes=\"auto, (max-width: 1700px) 100vw, 1700px\" width=\"1700\" height=\"500\"   \/><\/a>\n\n\n<div style=\"height:45px\" aria-hidden=\"true\" class=\"wp-block-spacer\"><\/div>\n\n\n\n<p>Con una delegaci\u00f3n compuesta por profesionales del <strong>Ente Mendoza Turismo (Emetur)<\/strong> del gobierno de Mendoza y por representantes de los municipios de<strong> Ciudad de Mendoza; San Carlos; Tunuy\u00e1n y Tupungato<\/strong>, la provincia argentina se promocion\u00f3 en la <strong>Fiesta de la Vendimia del Valle del Maipo, Chile, <\/strong>que se realiz\u00f3 en el Parque Alberto Hurtado, entre el 12 y el 14 de abril.<\/p>\n\n\n\n<p>Con el objetivo de seguir potenciando un mercado tan importante para el turismo mendocino como es el de Chile, una delegaci\u00f3n de esta provincia se sum\u00f3 a las m\u00faltiples actividades que propuso esta ya tradicional celebraci\u00f3n, de la que participaron m\u00e1s de 40 vi\u00f1as y unas 150 mil personas.<\/p>\n\n\n\n<div style=\"height:30px\" aria-hidden=\"true\" class=\"wp-block-spacer\"><\/div>\n\n\n<div class=\"wp-block-image\">\n<figure class=\"aligncenter size-full is-resized\"><a href=\"https:\/\/enolife.com.ar\/es\/wp-content\/uploads\/2024\/04\/WhatsApp-Image-2024-04-12-at-6.36.13-PM-2-700x933-1.jpeg\" data-rel=\"penci-gallery-image-content\" ><img loading=\"lazy\" decoding=\"async\" src=\"https:\/\/enolife.com.ar\/es\/wp-content\/uploads\/2024\/04\/WhatsApp-Image-2024-04-12-at-6.36.13-PM-2-700x933-1.jpeg\" alt=\"\" class=\"wp-image-113724\" width=\"495\" height=\"562\" srcset=\"https:\/\/enolife.com.ar\/es\/wp-content\/uploads\/2024\/04\/WhatsApp-Image-2024-04-12-at-6.36.13-PM-2-700x933-1.jpeg 550w, https:\/\/enolife.com.ar\/es\/wp-content\/uploads\/2024\/04\/WhatsApp-Image-2024-04-12-at-6.36.13-PM-2-700x933-1-264x300.jpeg 264w\" sizes=\"auto, (max-width: 495px) 100vw, 495px\" \/><\/a><figcaption class=\"wp-element-caption\"><em><strong>El stand de la Ciudad de Mendoza.<\/strong><\/em><\/figcaption><\/figure><\/div>\n\n\n<div style=\"height:30px\" aria-hidden=\"true\" class=\"wp-block-spacer\"><\/div>\n\n\n\n<p>Este atractivo encuentro, con entrada gratuita, fue organizado por el <strong>Gobierno de Santiago<\/strong> y cont\u00f3 con una grilla de shows infantiles y musicales, pensada para toda la familia, adem\u00e1s de restaurantes y foodtrucks.<\/p>\n\n\n\n<p><em>\u00abSantiago es la \u00fanica capital del mundo que cuenta con una amplia oferta de vi\u00f1edos a pocos kil\u00f3metros de la ciudad, por lo que nos hemos puesto como desaf\u00edo posicionarnos como un imperdible del enoturismo, en especial porque estamos convencidos de que la cultura del vino se puede disfrutar en un ambiente familiar, seguro y entretenido\u201d<\/em>, destac\u00f3 el gobernador de la Regi\u00f3n Metropolitana, <strong>Claudio Orrego.<\/strong><\/p>\n\n\n\n<div style=\"height:30px\" aria-hidden=\"true\" class=\"wp-block-spacer\"><\/div>\n\n\n<div class=\"wp-block-image\">\n<figure class=\"aligncenter size-full is-resized\"><a href=\"https:\/\/enolife.com.ar\/es\/wp-content\/uploads\/2024\/04\/image-15.png\" data-rel=\"penci-gallery-image-content\" ><img loading=\"lazy\" decoding=\"async\" src=\"https:\/\/enolife.com.ar\/es\/wp-content\/uploads\/2024\/04\/image-15.png\" alt=\"\" class=\"wp-image-113725\" width=\"477\" height=\"298\" srcset=\"https:\/\/enolife.com.ar\/es\/wp-content\/uploads\/2024\/04\/image-15.png 450w, https:\/\/enolife.com.ar\/es\/wp-content\/uploads\/2024\/04\/image-15-300x187.png 300w\" sizes=\"auto, (max-width: 477px) 100vw, 477px\" \/><\/a><figcaption class=\"wp-element-caption\"><em><strong>El gobernador regional de Santiago de Chile, Claudio Orrego, recorriendo los stands.<\/strong><\/em><\/figcaption><\/figure><\/div>\n\n\n<div style=\"height:30px\" aria-hidden=\"true\" class=\"wp-block-spacer\"><\/div>\n\n\n\n<p>Los visitantes pudieron conocer diversos y novedosos productos de los 150 emprendedores y expositores de las 52 comunas de la Regi\u00f3n Metropolitana, que estuvieron presentes este a\u00f1o, porque la idea tambi\u00e9n ha sido la ayudar a la reactivaci\u00f3n econ\u00f3mica a trav\u00e9s del turismo.<\/p>\n\n\n\n<p>Entre las novedades de esta versi\u00f3n estuvo la participaci\u00f3n de dos ciudades invitadas: <strong>Medell\u00edn, Colombia y Mendoza<\/strong>, las que tambi\u00e9n mostraron sus bondades vitivin\u00edcolas.<\/p>\n\n\n\n<div style=\"height:11px\" aria-hidden=\"true\" class=\"wp-block-spacer\"><\/div>\n\n\n\n<p class=\"has-medium-font-size\"><strong>Mercado estrat\u00e9gico<\/strong><\/p>\n\n\n\n<p>Ubicado en las cercan\u00edas de Santiago, el Valle del Maipo ofrece una tierra prodigiosa, con producci\u00f3n de vinos Cabernet Sauvignon, destacados entre los mejores exponentes del pa\u00eds vecino.<\/p>\n\n\n\n<p>Se encuentra en plena regi\u00f3n metropolitana y actualmente tiene unas 10 mil hect\u00e1reas sembradas. Las vi\u00f1as se localizan a trav\u00e9s del valle del Maipo, siguiendo el curso del r\u00edo del mismo nombre, desde el piedemonte de la cordillera de los Andes, a una altura de 800 m\/s\/n\/m, hasta Isla de Maipo y Talagante al suroeste de Santiago. Esta zona se encuentra inserta en la cabecera del valle Central.<\/p>\n\n\n\n<p>La zona de influencia tiene que ver con Santiago de Chile, con m\u00e1s de 6 millones y medio de habitantes y un importante mercado que gusta de los viajes. Beneficia a Mendoza la gran conectividad con la capital chilena y la cercan\u00eda.<\/p>\n\n\n\n<div style=\"height:29px\" aria-hidden=\"true\" class=\"wp-block-spacer\"><\/div>\n","protected":false},"excerpt":{"rendered":"<p>Funcionarios del sector tur\u00edstico del gobierno de la principal provincia productora de vino de Argentina&hellip;<\/p>\n","protected":false},"author":3,"featured_media":113721,"comment_status":"open","ping_status":"open","sticky":false,"template":"","format":"standard","meta":{"footnotes":""},"categories":[14],"tags":[],"class_list":["post-113719","post","type-post","status-publish","format-standard","has-post-thumbnail","hentry","category-news"],"_links":{"self":[{"href":"https:\/\/enolife.com.ar\/es\/wp-json\/wp\/v2\/posts\/113719","targetHints":{"allow":["GET"]}}],"collection":[{"href":"https:\/\/enolife.com.ar\/es\/wp-json\/wp\/v2\/posts"}],"about":[{"href":"https:\/\/enolife.com.ar\/es\/wp-json\/wp\/v2\/types\/post"}],"author":[{"embeddable":true,"href":"https:\/\/enolife.com.ar\/es\/wp-json\/wp\/v2\/users\/3"}],"replies":[{"embeddable":true,"href":"https:\/\/enolife.com.ar\/es\/wp-json\/wp\/v2\/comments?post=113719"}],"version-history":[{"count":0,"href":"https:\/\/enolife.com.ar\/es\/wp-json\/wp\/v2\/posts\/113719\/revisions"}],"wp:featuredmedia":[{"embeddable":true,"href":"https:\/\/enolife.com.ar\/es\/wp-json\/wp\/v2\/media\/113721"}],"wp:attachment":[{"href":"https:\/\/enolife.com.ar\/es\/wp-json\/wp\/v2\/media?parent=113719"}],"wp:term":[{"taxonomy":"category","embeddable":true,"href":"https:\/\/enolife.com.ar\/es\/wp-json\/wp\/v2\/categories?post=113719"},{"taxonomy":"post_tag","embeddable":true,"href":"https:\/\/enolife.com.ar\/es\/wp-json\/wp\/v2\/tags?post=113719"}],"curies":[{"name":"wp","href":"https:\/\/api.w.org\/{rel}","templated":true}]}}