{"id":113650,"date":"2024-04-14T00:02:19","date_gmt":"2024-04-14T00:02:19","guid":{"rendered":"https:\/\/enolife.com.ar\/es\/?p=113650"},"modified":"2024-04-17T17:01:38","modified_gmt":"2024-04-17T17:01:38","slug":"francia-presento-sitevinitech-2024-la-mayor-expo-vitivinicola-y-del-agro-del-15-al-17-5-en-mendoza","status":"publish","type":"post","link":"https:\/\/enolife.com.ar\/es\/francia-presento-sitevinitech-2024-la-mayor-expo-vitivinicola-y-del-agro-del-15-al-17-5-en-mendoza\/","title":{"rendered":"Francia present\u00f3 Sitevinitech 2024, la mayor Expo vitivin\u00edcola y del agro, del 15 al 17\/5 en Mendoza"},"content":{"rendered":"\n<h4 class=\"wp-block-heading\"><em><strong>En la Embajada del pa\u00eds galo en Buenos Aires, los organizadores del ya tradicional encuentro de la vitivinicultura y el agro nacional y global que se realiza cada 2 a\u00f1os en Mendoza, junto al embajador Romain Nadal, dieron detalles de la pr\u00f3xima edici\u00f3n de la Exposici\u00f3n y Feria Sitevinitech 2024, que tendr\u00e1 lugar en el Complejo las Naves del Parque Central de Mendoza del 15 al 17 de mayo pr\u00f3ximo.<\/strong><\/em><\/h4>\n\n\n\n<div style=\"height:35px\" aria-hidden=\"true\" class=\"wp-block-spacer\"><\/div>\n\n\n<a href=\"https:\/\/www.instagram.com\/vinventions.sudamerica\/\" aria-label=\"Banner_Subr_1700x500\"><img loading=\"lazy\" decoding=\"async\" src=\"https:\/\/enolife.com.ar\/es\/wp-content\/uploads\/2019\/07\/Banner_Subr_1700x500.gif\" alt=\"\"  width=\"1700\" height=\"501\"   \/><\/a>\n\n\n<div style=\"height:45px\" aria-hidden=\"true\" class=\"wp-block-spacer\"><\/div>\n\n\n\n<p>El pasado mi\u00e9rcoles 10 de abril, en el <strong>Palacio Ortiz Basualdo, sede de la Embajada de Francia en Buenos Aires<\/strong>, fue presentada en detalle ante diplom\u00e1ticos, empresarios, industriales, importadores, sponsors y representantes de la educaci\u00f3n y el gobierno argentino la <strong>Exposici\u00f3n y Feria Sitevinitech 2024<\/strong>, que se har\u00e1 <strong>en Mendoza del 15 al 17 de mayo<\/strong>. <\/p>\n\n\n\n<div style=\"height:30px\" aria-hidden=\"true\" class=\"wp-block-spacer\"><\/div>\n\n\n<div class=\"wp-block-image\">\n<figure class=\"aligncenter size-full is-resized\"><a href=\"https:\/\/enolife.com.ar\/es\/wp-content\/uploads\/2024\/04\/DSC09368.jpg\" data-rel=\"penci-gallery-image-content\" ><img loading=\"lazy\" decoding=\"async\" src=\"https:\/\/enolife.com.ar\/es\/wp-content\/uploads\/2024\/04\/DSC09368.jpg\" alt=\"\" class=\"wp-image-113658\" width=\"649\" height=\"470\" srcset=\"https:\/\/enolife.com.ar\/es\/wp-content\/uploads\/2024\/04\/DSC09368.jpg 691w, https:\/\/enolife.com.ar\/es\/wp-content\/uploads\/2024\/04\/DSC09368-300x217.jpg 300w, https:\/\/enolife.com.ar\/es\/wp-content\/uploads\/2024\/04\/DSC09368-585x423.jpg 585w\" sizes=\"auto, (max-width: 649px) 100vw, 649px\" \/><\/a><figcaption class=\"wp-element-caption\"><strong><em>Equipo Sitevinitech: Arturo Yaci\u00f3fano (hijo), Juan Zaniuk, Arturo Yaci\u00f3fano, Eduardo Castellino Gago, Cecilia Flores y Bel\u00e9n Graffigna<\/em><\/strong><\/figcaption><\/figure><\/div>\n\n\n<div style=\"height:30px\" aria-hidden=\"true\" class=\"wp-block-spacer\"><\/div>\n\n\n\n<p>Cabe consignar el especial inter\u00e9s del gobierno franc\u00e9s y de empresas galas del sector, por cuanto el encuentro mendocino tambi\u00e9n tiene accionistas franceses, y la Feria madre, la <strong>Vinitech-Sifel<\/strong>, comenz\u00f3 a realizarse hace a\u00f1os y contin\u00faa con \u00e9xito en en Francia. <\/p>\n\n\n\n<div style=\"height:30px\" aria-hidden=\"true\" class=\"wp-block-spacer\"><\/div>\n\n\n<div class=\"wp-block-image\">\n<figure class=\"aligncenter size-full is-resized\"><a href=\"https:\/\/enolife.com.ar\/es\/wp-content\/uploads\/2024\/04\/DSC09338.jpg\" data-rel=\"penci-gallery-image-content\" ><img loading=\"lazy\" decoding=\"async\" src=\"https:\/\/enolife.com.ar\/es\/wp-content\/uploads\/2024\/04\/DSC09338.jpg\" alt=\"\" class=\"wp-image-113664\" width=\"472\" height=\"511\" srcset=\"https:\/\/enolife.com.ar\/es\/wp-content\/uploads\/2024\/04\/DSC09338.jpg 462w, https:\/\/enolife.com.ar\/es\/wp-content\/uploads\/2024\/04\/DSC09338-277x300.jpg 277w\" sizes=\"auto, (max-width: 472px) 100vw, 472px\" \/><\/a><figcaption class=\"wp-element-caption\"><strong><em>Arturo Yaci\u00f3fano junto al Embajador de Francia en Argentina, Romain Nadal y el vicerrector de la UNCuyo, Gabriel Fidel <\/em><\/strong><\/figcaption><\/figure><\/div>\n\n\n<div style=\"height:30px\" aria-hidden=\"true\" class=\"wp-block-spacer\"><\/div>\n\n\n\n<p>La feria Sitevinitech vuelve a escena luego de un intervalo desde noviembre de 2021, cuando tuvo lugar en los mismos escenarios del Parque Central de Mendoza. All\u00ed, los asistentes tendr\u00e1n la oportunidad de explorar las \u00faltimas tendencias en tecnolog\u00eda vitivin\u00edcola y las novedades del agro en general, descubrir las innovaciones de los expositores y participar en conferencias, capacitaciones, talleres y concursos.<\/p>\n\n\n\n<div style=\"height:15px\" aria-hidden=\"true\" class=\"wp-block-spacer\"><\/div>\n\n\n\n<h3 class=\"wp-block-heading has-vivid-red-color has-text-color\">La mayor cita de la industria vitivin\u00edcola y agr\u00edcola tendr\u00e1 lugar en el Complejo Las Naves de la Ciudad de Mendoza, del 15 al 17 de mayo. Las acreditaciones ya se encuentran disponibles en www.sitevinitech.com.ar y son gratuitas por tiempo limitado.<\/h3>\n\n\n\n<div style=\"height:15px\" aria-hidden=\"true\" class=\"wp-block-spacer\"><\/div>\n\n\n\n<p>Durante la presentaci\u00f3n -que tuvo como anfitri\u00f3n al embajador franc\u00e9s en Argentina, <strong>Romain Nadal<\/strong>-, el director general de Sitevinitech Argentina, <strong>Arturo Yaci\u00f3fano<\/strong>, ofreci\u00f3 a la audiencia un recorrido anticipado por las numerosas innovaciones que promete esta edici\u00f3n, marcada por un rotundo \u00e9xito en la venta de espacios de exhibici\u00f3n. Del evento participaron empresarios del sector, prensa, expositores y representantes de los sponsors de la Feria: <strong>Banco Comafi, Diesel Lange, <\/strong>y<strong> Vinventions.&nbsp;<\/strong><\/p>\n\n\n\n<div style=\"height:30px\" aria-hidden=\"true\" class=\"wp-block-spacer\"><\/div>\n\n\n<div class=\"wp-block-image\">\n<figure class=\"aligncenter size-full is-resized\"><a href=\"https:\/\/enolife.com.ar\/es\/wp-content\/uploads\/2024\/04\/DSC09360.jpg\" data-rel=\"penci-gallery-image-content\" ><img loading=\"lazy\" decoding=\"async\" src=\"https:\/\/enolife.com.ar\/es\/wp-content\/uploads\/2024\/04\/DSC09360.jpg\" alt=\"\" class=\"wp-image-113659\" width=\"638\" height=\"468\" srcset=\"https:\/\/enolife.com.ar\/es\/wp-content\/uploads\/2024\/04\/DSC09360.jpg 682w, https:\/\/enolife.com.ar\/es\/wp-content\/uploads\/2024\/04\/DSC09360-300x220.jpg 300w, https:\/\/enolife.com.ar\/es\/wp-content\/uploads\/2024\/04\/DSC09360-585x429.jpg 585w\" sizes=\"auto, (max-width: 638px) 100vw, 638px\" \/><\/a><figcaption class=\"wp-element-caption\"><strong><em>Invitados del Banco Comafi <\/em><\/strong><\/figcaption><\/figure><\/div>\n\n\n<div style=\"height:30px\" aria-hidden=\"true\" class=\"wp-block-spacer\"><\/div>\n\n\n\n<p>Adem\u00e1s, asistieron representantes de <strong>Espacio Lodo HUB Innovaci\u00f3n Agr\u00edcola<\/strong> y el vicerrector de la Universidad Nacional de Cuyo (UNCuyo), <strong>Gabriel Fidel<\/strong>, cuya instituci\u00f3n forma parte activa de esta edici\u00f3n a trav\u00e9s del <strong>Startup Challenge<\/strong> y del <strong>Innovation Workshop<\/strong>, novedosas propuestas de Sitevinitech 2024.&nbsp;<\/p>\n\n\n\n<div style=\"height:35px\" aria-hidden=\"true\" class=\"wp-block-spacer\"><\/div>\n\n\n\n<figure class=\"wp-block-embed aligncenter is-type-rich is-provider-twitter wp-block-embed-twitter\"><div class=\"wp-block-embed__wrapper\">\n<blockquote class=\"twitter-tweet\" data-width=\"550\" data-dnt=\"true\"><p lang=\"es\" dir=\"ltr\">La edici\u00f3n 2024 de la Sitevinitech, la feria m\u00e1s importante de las industrias vitivin\u00edcola y agr\u00edcola de Latinoam\u00e9rica, fue presentada en el prestigioso Palacio Ortiz Basualdo, sede de la embajada de Francia en Argentina. <br><br>\u00a1Gracias a todos los asistentes! <a href=\"https:\/\/twitter.com\/hashtag\/Sitevinitech2024?src=hash&amp;ref_src=twsrc%5Etfw\">#Sitevinitech2024<\/a> <a href=\"https:\/\/t.co\/ITsRhQnP10\">pic.twitter.com\/ITsRhQnP10<\/a><\/p>&mdash; SITEVINITECH (@Sitevinitech) <a href=\"https:\/\/twitter.com\/Sitevinitech\/status\/1779141696170647661?ref_src=twsrc%5Etfw\">April 13, 2024<\/a><\/blockquote><script async src=\"https:\/\/platform.twitter.com\/widgets.js\" charset=\"utf-8\"><\/script>\n<\/div><\/figure>\n\n\n\n<div style=\"height:35px\" aria-hidden=\"true\" class=\"wp-block-spacer\"><\/div>\n\n\n\n<p class=\"has-medium-font-size\"><strong>Alianza estrat\u00e9gica con la UNCuyo<\/strong><\/p>\n\n\n\n<p><strong>Gabriel Fidel<\/strong>, vicerrector de la&nbsp;<strong>Universidad Nacional de Cuyo<\/strong> <strong>(UNCuyo)<\/strong>, destac\u00f3 la importancia del encuentro bianual&nbsp;considerado el sal\u00f3n m\u00e1s importante de la industria vitivin\u00edcola y oliv\u00edcola de Am\u00e9rica Latina, a la vez que explic\u00f3 las razones por las cuales su instituci\u00f3n se suma el encuentro. Fidel destac\u00f3 la posici\u00f3n estrat\u00e9gica de la UNCuyo, que aporta el conocimiento y la experiencia de las facultades de Artes y Dise\u00f1o, Ciencias Agrarias, Ciencias Aplicadas a la Industria y Filosof\u00eda y Letras, las cuales expondr\u00e1n en Sitevinitech sus proyectos de transformaci\u00f3n, innovaci\u00f3n y desarrollo, vinculados al sector vitivin\u00edcola.<\/p>\n\n\n\n<div style=\"height:30px\" aria-hidden=\"true\" class=\"wp-block-spacer\"><\/div>\n\n\n<div class=\"wp-block-image\">\n<figure class=\"aligncenter size-full is-resized\"><a href=\"https:\/\/enolife.com.ar\/es\/wp-content\/uploads\/2024\/04\/DSC09314.jpg\" data-rel=\"penci-gallery-image-content\" ><img loading=\"lazy\" decoding=\"async\" src=\"https:\/\/enolife.com.ar\/es\/wp-content\/uploads\/2024\/04\/DSC09314.jpg\" alt=\"\" class=\"wp-image-113661\" width=\"624\" height=\"412\" srcset=\"https:\/\/enolife.com.ar\/es\/wp-content\/uploads\/2024\/04\/DSC09314.jpg 756w, https:\/\/enolife.com.ar\/es\/wp-content\/uploads\/2024\/04\/DSC09314-300x198.jpg 300w, https:\/\/enolife.com.ar\/es\/wp-content\/uploads\/2024\/04\/DSC09314-585x387.jpg 585w\" sizes=\"auto, (max-width: 624px) 100vw, 624px\" \/><\/a><figcaption class=\"wp-element-caption\"><strong><em>Gabriel Fidel, vicerrector de la UNCuyo<\/em><\/strong><\/figcaption><\/figure><\/div>\n\n\n<div style=\"height:30px\" aria-hidden=\"true\" class=\"wp-block-spacer\"><\/div>\n\n\n\n<p>Tambi\u00e9n la Incubadora UNCuyo&nbsp;presentar\u00e1 los trabajos con&nbsp;empresas de base tecnol\u00f3gica vinculados a esta misma industria, que&nbsp;incub\u00f3 la Universidad, y que&nbsp;han tenido&nbsp;\u00e9xito,&nbsp;han escalado e impactado fuertemente en la sociedad.<\/p>\n\n\n\n<div style=\"height:20px\" aria-hidden=\"true\" class=\"wp-block-spacer\"><\/div>\n\n\n\n<blockquote class=\"wp-block-quote is-layout-flow wp-block-quote-is-layout-flow\">\n<p>Nos enorgullece poder profundizar y fortalecer el v\u00ednculo de la UNCuyo y Sitevinitech. Esta alianza estrat\u00e9gica que estamos sellando contribuye a fortalecer el entramado del ecosistema de innovaci\u00f3n y producci\u00f3n vitivin\u00edcola\u00bb, <\/p>\n<cite>Gabriel Fidel, vicerrector de la Universidad Nacional de Cuyo<\/cite><\/blockquote>\n\n\n\n<div style=\"height:20px\" aria-hidden=\"true\" class=\"wp-block-spacer\"><\/div>\n\n\n\n<p>Y agreg\u00f3: <em>\u00abEn esta nueva edici\u00f3n, nuestra universidad y los equipos t\u00e9cnicos de diferentes unidades acad\u00e9micas, ser\u00e1n parte de la realizaci\u00f3n de talleres destinados a emprendedorismo y asesoramiento y mentor\u00edas para start up. Tambi\u00e9n ser\u00e1n parte de los desaf\u00edos de innovaci\u00f3n brindando charlas t\u00e9cnicas sobre liderazgo de equipos, modelos de negocios y herramientas de innovaci\u00f3n\u00bb.<\/em><\/p>\n\n\n\n<div style=\"height:35px\" aria-hidden=\"true\" class=\"wp-block-spacer\"><\/div>\n\n\n\n<p class=\"has-medium-font-size\"><strong>Primer concurso de startups agtech para la vitivinicultura<\/strong><\/p>\n\n\n\n<p>La iniciativa, que cuenta con el apoyo de la<strong> Agencia de Innovaci\u00f3n Ciencia y Tecnolog\u00eda<\/strong> <strong>de Mendoz<\/strong>a, <strong>Sitevinitech <\/strong>y la <strong>Universidad Nacional de Cuyo<\/strong>, tendr\u00e1 como premio un <strong>viaje a Francia<\/strong> para participar en la gran feria <strong>Vinitech-Sifel, en Burdeos.<\/strong><\/p>\n\n\n\n<div style=\"height:30px\" aria-hidden=\"true\" class=\"wp-block-spacer\"><\/div>\n\n\n<div class=\"wp-block-image\">\n<figure class=\"aligncenter size-full is-resized\"><a href=\"https:\/\/enolife.com.ar\/es\/wp-content\/uploads\/2024\/04\/DSC09343.jpg\" data-rel=\"penci-gallery-image-content\" ><img loading=\"lazy\" decoding=\"async\" src=\"https:\/\/enolife.com.ar\/es\/wp-content\/uploads\/2024\/04\/DSC09343.jpg\" alt=\"\" class=\"wp-image-113665\" width=\"640\" height=\"426\" srcset=\"https:\/\/enolife.com.ar\/es\/wp-content\/uploads\/2024\/04\/DSC09343.jpg 750w, https:\/\/enolife.com.ar\/es\/wp-content\/uploads\/2024\/04\/DSC09343-300x200.jpg 300w, https:\/\/enolife.com.ar\/es\/wp-content\/uploads\/2024\/04\/DSC09343-585x390.jpg 585w\" sizes=\"auto, (max-width: 640px) 100vw, 640px\" \/><\/a><figcaption class=\"wp-element-caption\"><em>Eduardo Castellino Gago, Lorena Fuentes (Espacio Lodo), Arturo Yaci\u00f3fano, Mart\u00edn Sanchez (Agromaq Vird\u00f3), Santiago Charr\u00f3 (Infocampo), Alejandro Zappe (Espacio Lodo), Mercedes Giles (Infocampo), Ra\u00fal Moneta (Infocampo) y Lorena Mellone (Enolife)<\/em><\/figcaption><\/figure><\/div>\n\n\n<div style=\"height:30px\" aria-hidden=\"true\" class=\"wp-block-spacer\"><\/div>\n\n\n\n<p>Es una oportunidad que ofrece <strong>Lodo <\/strong>junto a Sitevinitech para que j\u00f3venes emprendedores de toda latinoam\u00e9rica, puedan impulsar sus Startups Agtech de base tecnol\u00f3gica al pr\u00f3ximo nivel.<\/p>\n\n\n\n<p>La startup ganadora, adem\u00e1s de viajar a Francia para participar de la Vinitech Sifel, podr\u00e1 participar del <strong>concurso \u00abTrofeos de Innovaci\u00f3n\u00bb<\/strong> de la feria, y recibir\u00e1 un <strong>pasaporte <\/strong>de trabajo v\u00e1lido <strong>por 4 a\u00f1os para la Comunidad Europea <\/strong>y formar\u00e1 parte de la Misi\u00f3n de innovaci\u00f3n de <strong>Wines of Argentina<\/strong> (en coordinaci\u00f3n con su partner europeo Interco Nouvelle Aquitaine) con los principales referentes de la industria vitivin\u00edcola argentina.<\/p>\n\n\n\n<div style=\"height:30px\" aria-hidden=\"true\" class=\"wp-block-spacer\"><\/div>\n\n\n\n<p><\/p>\n","protected":false},"excerpt":{"rendered":"<p>En la Embajada del pa\u00eds galo en Buenos Aires, los organizadores del ya tradicional encuentro&hellip;<\/p>\n","protected":false},"author":3,"featured_media":113670,"comment_status":"open","ping_status":"open","sticky":false,"template":"","format":"standard","meta":{"footnotes":""},"categories":[56,10],"tags":[],"class_list":["post-113650","post","type-post","status-publish","format-standard","has-post-thumbnail","hentry","category-destacado","category-ferias"],"_links":{"self":[{"href":"https:\/\/enolife.com.ar\/es\/wp-json\/wp\/v2\/posts\/113650","targetHints":{"allow":["GET"]}}],"collection":[{"href":"https:\/\/enolife.com.ar\/es\/wp-json\/wp\/v2\/posts"}],"about":[{"href":"https:\/\/enolife.com.ar\/es\/wp-json\/wp\/v2\/types\/post"}],"author":[{"embeddable":true,"href":"https:\/\/enolife.com.ar\/es\/wp-json\/wp\/v2\/users\/3"}],"replies":[{"embeddable":true,"href":"https:\/\/enolife.com.ar\/es\/wp-json\/wp\/v2\/comments?post=113650"}],"version-history":[{"count":0,"href":"https:\/\/enolife.com.ar\/es\/wp-json\/wp\/v2\/posts\/113650\/revisions"}],"wp:featuredmedia":[{"embeddable":true,"href":"https:\/\/enolife.com.ar\/es\/wp-json\/wp\/v2\/media\/113670"}],"wp:attachment":[{"href":"https:\/\/enolife.com.ar\/es\/wp-json\/wp\/v2\/media?parent=113650"}],"wp:term":[{"taxonomy":"category","embeddable":true,"href":"https:\/\/enolife.com.ar\/es\/wp-json\/wp\/v2\/categories?post=113650"},{"taxonomy":"post_tag","embeddable":true,"href":"https:\/\/enolife.com.ar\/es\/wp-json\/wp\/v2\/tags?post=113650"}],"curies":[{"name":"wp","href":"https:\/\/api.w.org\/{rel}","templated":true}]}}