{"id":113638,"date":"2024-04-14T16:22:29","date_gmt":"2024-04-14T16:22:29","guid":{"rendered":"https:\/\/enolife.com.ar\/es\/?p=113638"},"modified":"2024-04-17T17:35:18","modified_gmt":"2024-04-17T17:35:18","slug":"investigadores-mendocinos-lograron-descifrar-por-primera-vez-el-genoma-completo-del-malbec","status":"publish","type":"post","link":"https:\/\/enolife.com.ar\/es\/investigadores-mendocinos-lograron-descifrar-por-primera-vez-el-genoma-completo-del-malbec\/","title":{"rendered":"Investigadores mendocinos lograron descifrar por primera vez el genoma completo del Malbec"},"content":{"rendered":"\n<h4 class=\"wp-block-heading\"><em><strong>El proyecto Iberogen fue posible gracias al trabajo articulado de Vivero Mercier, el Instituto de Biolog\u00eda Agr\u00edcola de Mendoza (IBAM, Conicet-Uncuyo) e instituciones internacionales. Este hallazgo cient\u00edfico es fundamental para conocer la respuesta del Malbec frente al cambio clim\u00e1tico y para atender otros desaf\u00edos del mercado vitivin\u00edcola mundial.<\/strong><\/em><\/h4>\n\n\n\n<div style=\"height:35px\" aria-hidden=\"true\" class=\"wp-block-spacer\"><\/div>\n\n\n\n\n\n<div style=\"height:45px\" aria-hidden=\"true\" class=\"wp-block-spacer\"><\/div>\n\n\n\n<p>En el marco del <strong>Mes del Malbec<\/strong>, se realiz\u00f3 en <strong>La Enoteca<\/strong> -centro tem\u00e1tico del vino de la ciudad de Mendoza- la presentaci\u00f3n de los resultados del <strong>Proyecto Iberogen, una investigaci\u00f3n cient\u00edfica que logr\u00f3 descifrar el genoma completo del Malbec, variedad insignia de la Argentina<\/strong>. Este revelador proyecto fue encabezado por <strong>Vivero Mercier<\/strong> y el <strong>Instituto de Biolog\u00eda Agr\u00edcola de Mendoza (IBAM, Conicet-Universidad Nacional de Cuyo),<\/strong> en colaboraci\u00f3n con instituciones internacionales.<\/p>\n\n\n\n<div style=\"height:30px\" aria-hidden=\"true\" class=\"wp-block-spacer\"><\/div>\n\n\n<div class=\"wp-block-image\">\n<figure class=\"aligncenter size-full is-resized\"><a href=\"https:\/\/enolife.com.ar\/es\/wp-content\/uploads\/2024\/04\/435894584_958054589657656_8649220094078465925_n.jpg\" data-rel=\"penci-gallery-image-content\" ><img loading=\"lazy\" decoding=\"async\" src=\"https:\/\/enolife.com.ar\/es\/wp-content\/uploads\/2024\/04\/435894584_958054589657656_8649220094078465925_n.jpg\" alt=\"\" class=\"wp-image-113672\" width=\"488\" height=\"471\" srcset=\"https:\/\/enolife.com.ar\/es\/wp-content\/uploads\/2024\/04\/435894584_958054589657656_8649220094078465925_n.jpg 518w, https:\/\/enolife.com.ar\/es\/wp-content\/uploads\/2024\/04\/435894584_958054589657656_8649220094078465925_n-300x290.jpg 300w\" sizes=\"auto, (max-width: 488px) 100vw, 488px\" \/><\/a><\/figure><\/div>\n\n\n<div style=\"height:30px\" aria-hidden=\"true\" class=\"wp-block-spacer\"><\/div>\n\n\n\n<p>El estudio fue publicado recientemente en la reconocida revista cient\u00edfica <strong>Horticulture Research (Oxford Academic)<\/strong>, y se convierte en un hallazgo trascendental que sienta las bases para nuevas investigaciones tendientes al mejoramiento de distintos aspectos cualitativos y cuantitativos de la variedad Malbec. <\/p>\n\n\n\n<div style=\"height:15px\" aria-hidden=\"true\" class=\"wp-block-spacer\"><\/div>\n\n\n\n<h3 class=\"wp-block-heading has-vivid-red-color has-text-color\">La investigaci\u00f3n desarrollada por cient\u00edficos mendocinos revel\u00f3 datos clave que permiten conocer la respuesta del cepaje emblem\u00e1tico argentino frente al cambio clim\u00e1tico.<\/h3>\n\n\n\n<div style=\"height:20px\" aria-hidden=\"true\" class=\"wp-block-spacer\"><\/div>\n\n\n\n<p>La investigaci\u00f3n abre las puertas para la creaci\u00f3n de nuevos productos, que sean capaces de atender a los m\u00e1s diversos desaf\u00edos y necesidades del mercado vitivin\u00edcola mundial.<\/p>\n\n\n\n<div style=\"height:35px\" aria-hidden=\"true\" class=\"wp-block-spacer\"><\/div>\n\n\n\n<p class=\"has-medium-font-size\"><strong>\u00bfQu\u00e9 es el proyecto Iberogen?<\/strong><\/p>\n\n\n\n<p><em>\u201cEl proyecto Iberogen es un consorcio de cooperaci\u00f3n bilateral que comenz\u00f3 en el 2016 de la mano de <strong>Vivero Mercier de Argentina<\/strong> y <strong>Bodegas Roda de Espa\u00f1a<\/strong>, por el cual ambas empresas firmaron un acuerdo de colaboraci\u00f3n y de explotaci\u00f3n de resultados, con el compromiso y el inter\u00e9s para trabajar en investigaciones cient\u00edficas sobre la diversidad gen\u00e9tica existente en variedades de vid &#8216;bandera&#8217; en <strong>Iberoam\u00e9rica:<\/strong> <strong>Malbec<\/strong> y <strong>Tempranill<\/strong>o respectivamente\u201d<\/em>, explic\u00f3 la licenciada <strong>Laura Bree<\/strong>, responsable del Departamento de Investigaci\u00f3n, Desarrollo e Innovaci\u00f3n de Vivero Mercier.<\/p>\n\n\n\n<div style=\"height:30px\" aria-hidden=\"true\" class=\"wp-block-spacer\"><\/div>\n\n\n<div class=\"wp-block-image\">\n<figure class=\"aligncenter size-full is-resized\"><a href=\"https:\/\/enolife.com.ar\/es\/wp-content\/uploads\/2024\/04\/436306553_958054586324323_7414188573584992026_n.jpg\" data-rel=\"penci-gallery-image-content\" ><img loading=\"lazy\" decoding=\"async\" src=\"https:\/\/enolife.com.ar\/es\/wp-content\/uploads\/2024\/04\/436306553_958054586324323_7414188573584992026_n.jpg\" alt=\"\" class=\"wp-image-113674\" width=\"560\" height=\"560\" srcset=\"https:\/\/enolife.com.ar\/es\/wp-content\/uploads\/2024\/04\/436306553_958054586324323_7414188573584992026_n.jpg 500w, https:\/\/enolife.com.ar\/es\/wp-content\/uploads\/2024\/04\/436306553_958054586324323_7414188573584992026_n-300x300.jpg 300w, https:\/\/enolife.com.ar\/es\/wp-content\/uploads\/2024\/04\/436306553_958054586324323_7414188573584992026_n-150x150.jpg 150w\" sizes=\"auto, (max-width: 560px) 100vw, 560px\" \/><\/a><\/figure><\/div>\n\n\n<div style=\"height:30px\" aria-hidden=\"true\" class=\"wp-block-spacer\"><\/div>\n\n\n\n<p>Para llevar adelante el proyecto, organismos cient\u00edficos de <strong>Argentina<\/strong> y <strong>Espa\u00f1a<\/strong> participaron de la iniciativa, entre ellos: el <strong>Grupo de Gen\u00e9tica y Gen\u00f3mica de Vid del IBAM (Instituto de Biolog\u00eda Agr\u00edcola Mendoza, Conicet-UNCuyo)<\/strong> en representaci\u00f3n de nuestro pa\u00eds, y el <strong>Instituto de Ciencias de la Vid y del Vino<\/strong>, representando a <strong>Espa\u00f1a<\/strong>. La investigaci\u00f3n cont\u00f3 con el financiamiento de la <strong>Agencia Nacional de Promoci\u00f3n Cient\u00edfica y Tecnol\u00f3gica<\/strong>, dependiente del <strong>Ministerio de Ciencia y T\u00e9cnica de la Naci\u00f3n.<\/strong><\/p>\n\n\n\n<p>El proyecto Iberogen se propuso como objetivo <em>\u201cestudiar la diversidad gen\u00e9tica existente en Tempranillo y Malbec, para seleccionar l\u00edneas m\u00e1s adaptadas a las condiciones de cambio clim\u00e1tico que permitieran ir sustituyendo a los materiales gen\u00e9ticos existentes, por clones mejores adaptados a las nuevas condiciones ambientales\u201d<\/em>, coment\u00f3 el ingeniero <strong>Daniel Bergam\u00edn<\/strong>, director t\u00e9cnico de <strong>Vivero Mercier.<\/strong> Por otro lado, se buscaba obtener variantes som\u00e1ticas de los varietales m\u00e1s relevantes de Espa\u00f1a y Argentina e identificar genotipos m\u00e1s adaptados para las nuevas condiciones clim\u00e1ticas, manteniendo el genotipo b\u00e1sico del cepaje, sus caracter\u00edsticas productivas, enol\u00f3gicas y su tipicidad.<\/p>\n\n\n\n<div style=\"height:17px\" aria-hidden=\"true\" class=\"wp-block-spacer\"><\/div>\n\n\n\n<p class=\"has-background\" style=\"background-color:#f78da86e\">La investigaci\u00f3n recientemente publicada cont\u00f3 con un equipo interdisciplinario de expertos en diferentes ejes de trabajo relacionados a los campos de la vitivinicultura, la fitopatolog\u00eda, la bioinform\u00e1tica y la gen\u00e9tica. Los investigadores que participaron fueron: <strong>Luciano Calder\u00f3n, Pablo Carbonell Bejerano, Claudio Mu\u00f1oz, Laura Bree, Crist\u00f3bal Sola, Daniel Bergam\u00edn, Walter Tulle, Sebasti\u00e1n G\u00f3mez Talquenca, Christa Lanz, Carolina Royo, Jabier Ib\u00e1\u00f1ez, Jos\u00e9 Miguel Mart\u00ednez Zapater y Diego Lijavetzky.<\/strong><\/p>\n\n\n\n<div style=\"height:30px\" aria-hidden=\"true\" class=\"wp-block-spacer\"><\/div>\n\n\n<div class=\"wp-block-image\">\n<figure class=\"aligncenter size-full is-resized\"><a href=\"https:\/\/enolife.com.ar\/es\/wp-content\/uploads\/2024\/04\/435993803_958054592990989_6195995773738198634_n.jpg\" data-rel=\"penci-gallery-image-content\" ><img loading=\"lazy\" decoding=\"async\" src=\"https:\/\/enolife.com.ar\/es\/wp-content\/uploads\/2024\/04\/435993803_958054592990989_6195995773738198634_n.jpg\" alt=\"\" class=\"wp-image-113676\" width=\"646\" height=\"443\" srcset=\"https:\/\/enolife.com.ar\/es\/wp-content\/uploads\/2024\/04\/435993803_958054592990989_6195995773738198634_n.jpg 730w, https:\/\/enolife.com.ar\/es\/wp-content\/uploads\/2024\/04\/435993803_958054592990989_6195995773738198634_n-300x205.jpg 300w, https:\/\/enolife.com.ar\/es\/wp-content\/uploads\/2024\/04\/435993803_958054592990989_6195995773738198634_n-585x401.jpg 585w\" sizes=\"auto, (max-width: 646px) 100vw, 646px\" \/><\/a><figcaption class=\"wp-element-caption\"><em><strong>El equipo de investigadores de Vivero Mercier.<\/strong><\/em><\/figcaption><\/figure><\/div>\n\n\n<div style=\"height:35px\" aria-hidden=\"true\" class=\"wp-block-spacer\"><\/div>\n\n\n\n<p class=\"has-medium-font-size\"><strong>El genoma del Malbec<\/strong><\/p>\n\n\n\n<p>Es bien conocido que el cambio clim\u00e1tico afecta los ciclos vegetativos y reproductivos de la vid, produciendo cambios espec\u00edficos en el desarrollo de la uva, acelerando la disminuci\u00f3n de \u00e1cidos org\u00e1nicos, induciendo un incremento en la concentraci\u00f3n de az\u00facares y desfasando la acumulaci\u00f3n de antocianos de la maduraci\u00f3n fen\u00f3lica. Como consecuencia, estas uvas dan lugar a vinos de grado alcoh\u00f3lico excesivo, baja acidez, baja intensidad de color y sabores astringentes.<\/p>\n\n\n\n<div style=\"height:30px\" aria-hidden=\"true\" class=\"wp-block-spacer\"><\/div>\n\n\n<div class=\"wp-block-image\">\n<figure class=\"aligncenter size-full is-resized\"><a href=\"https:\/\/enolife.com.ar\/es\/wp-content\/uploads\/2024\/04\/8967a703-be86-401d-a48e-9093f686a3d0.jpg\" data-rel=\"penci-gallery-image-content\" ><img loading=\"lazy\" decoding=\"async\" src=\"https:\/\/enolife.com.ar\/es\/wp-content\/uploads\/2024\/04\/8967a703-be86-401d-a48e-9093f686a3d0.jpg\" alt=\"\" class=\"wp-image-113698\" width=\"562\" height=\"446\" srcset=\"https:\/\/enolife.com.ar\/es\/wp-content\/uploads\/2024\/04\/8967a703-be86-401d-a48e-9093f686a3d0.jpg 630w, https:\/\/enolife.com.ar\/es\/wp-content\/uploads\/2024\/04\/8967a703-be86-401d-a48e-9093f686a3d0-300x238.jpg 300w, https:\/\/enolife.com.ar\/es\/wp-content\/uploads\/2024\/04\/8967a703-be86-401d-a48e-9093f686a3d0-585x464.jpg 585w\" sizes=\"auto, (max-width: 562px) 100vw, 562px\" \/><\/a><figcaption class=\"wp-element-caption\"><em><strong>Daniel Bergamin y Laura Bree de Vivero Mercier<\/strong><\/em><\/figcaption><\/figure><\/div>\n\n\n<div style=\"height:30px\" aria-hidden=\"true\" class=\"wp-block-spacer\"><\/div>\n\n\n\n<p>De hecho, <em>\u201cen el mundo de los vinos de alta gama, la composici\u00f3n gen\u00e9tica de las uvas es fundamental para la calidad y la singularidad del producto en cada botella. El Malbec, es una variedad de uva muy apreciada y conocida por su color caracter\u00edstico y su amplio perfil arom\u00e1tico, consecuencia de su complejidad gen\u00e9tica\u201d<\/em>, coment\u00f3 la licenciada Bree. El Malbec presenta un genoma altamente heterog\u00e9neo que influye en sus caracter\u00edsticas distintivas.<\/p>\n\n\n\n<div style=\"height:19px\" aria-hidden=\"true\" class=\"wp-block-spacer\"><\/div>\n\n\n\n<blockquote class=\"wp-block-quote is-layout-flow wp-block-quote-is-layout-flow\">\n<p>El equipo de investigaci\u00f3n del proyecto Iberogen ha descifrado el conjunto del genoma diploide de Malbec, proporcionando una perspectiva m\u00e1s clara sobre la interacci\u00f3n gen\u00e9tica entre sus dos variedades parentales, Prunelard y Magdeleine Noire des Charentes\u201d<\/p>\n<cite>Diego Lijavetzky, investigador del IBAM-Conicet-UNCuyo<\/cite><\/blockquote>\n\n\n\n<div style=\"height:17px\" aria-hidden=\"true\" class=\"wp-block-spacer\"><\/div>\n\n\n\n<p>El material que se utiliz\u00f3 para realizar esta secuenciaci\u00f3n fue el <strong>Malbec clon Mercier\u00ae 136<\/strong>, que corresponde a una obtenci\u00f3n de Vivero Mercier Argentina del a\u00f1o <strong>1999<\/strong>, proveniente de un vi\u00f1edo de m\u00e1s de 100 a\u00f1os ubicado en <strong>Agrelo, Luj\u00e1n de Cuyo, Mendoza.<\/strong><\/p>\n\n\n\n<div style=\"height:30px\" aria-hidden=\"true\" class=\"wp-block-spacer\"><\/div>\n\n\n<div class=\"wp-block-image\">\n<figure class=\"aligncenter size-full is-resized\"><a href=\"https:\/\/enolife.com.ar\/es\/wp-content\/uploads\/2024\/04\/ab605276-c35d-4f96-99d4-d15cdf509f77.jpg\" data-rel=\"penci-gallery-image-content\" ><img loading=\"lazy\" decoding=\"async\" src=\"https:\/\/enolife.com.ar\/es\/wp-content\/uploads\/2024\/04\/ab605276-c35d-4f96-99d4-d15cdf509f77.jpg\" alt=\"\" class=\"wp-image-113681\" width=\"581\" height=\"444\" srcset=\"https:\/\/enolife.com.ar\/es\/wp-content\/uploads\/2024\/04\/ab605276-c35d-4f96-99d4-d15cdf509f77.jpg 655w, https:\/\/enolife.com.ar\/es\/wp-content\/uploads\/2024\/04\/ab605276-c35d-4f96-99d4-d15cdf509f77-300x229.jpg 300w, https:\/\/enolife.com.ar\/es\/wp-content\/uploads\/2024\/04\/ab605276-c35d-4f96-99d4-d15cdf509f77-585x447.jpg 585w\" sizes=\"auto, (max-width: 581px) 100vw, 581px\" \/><\/a><figcaption class=\"wp-element-caption\"><em><strong>Crist\u00f3bal \u00abCoco\u00bb Sola, uno de los impulsores del proyecto.<\/strong><\/em><\/figcaption><\/figure><\/div>\n\n\n<div style=\"height:30px\" aria-hidden=\"true\" class=\"wp-block-spacer\"><\/div>\n\n\n\n<p>Cabe aclarar que se emplearon t\u00e9cnicas avanzadas de secuenciaci\u00f3n de ADN y bioinform\u00e1ticas para integrar secuencias de ADN largas y cortas. <em>\u201cSe logr\u00f3 un ensamblaje detallado y preciso de los complementos haploides (padres) que conforman el genoma diploide de Malbec, con tasas de error excepcionalmente bajas. Se devel\u00f3 que m\u00e1s de un cuarto del genoma mostraba regiones polim\u00f3rficas, lo que lleva a una variaci\u00f3n gen\u00e9tica significativa. Esta nueva informaci\u00f3n gen\u00f3mica permiti\u00f3 una profunda evaluaci\u00f3n del transcriptoma (aparato que traduce la informaci\u00f3n gen\u00e9tica) de cuatro clones de Malbec, cada una con rasgos \u00fanicos de composici\u00f3n de las bayas\u201d<\/em>, agreg\u00f3 el investigador<strong> Luciano Calder\u00f3n<\/strong>.<\/p>\n\n\n\n<div style=\"height:30px\" aria-hidden=\"true\" class=\"wp-block-spacer\"><\/div>\n\n\n<div class=\"wp-block-image\">\n<figure class=\"aligncenter size-full\"><a href=\"https:\/\/enolife.com.ar\/es\/wp-content\/uploads\/2024\/04\/436252774_958054599657655_5532190956215654272_n.jpg\" data-rel=\"penci-gallery-image-content\" ><img loading=\"lazy\" decoding=\"async\" width=\"500\" height=\"373\" src=\"https:\/\/enolife.com.ar\/es\/wp-content\/uploads\/2024\/04\/436252774_958054599657655_5532190956215654272_n.jpg\" alt=\"\" class=\"wp-image-113671\" srcset=\"https:\/\/enolife.com.ar\/es\/wp-content\/uploads\/2024\/04\/436252774_958054599657655_5532190956215654272_n.jpg 500w, https:\/\/enolife.com.ar\/es\/wp-content\/uploads\/2024\/04\/436252774_958054599657655_5532190956215654272_n-300x224.jpg 300w\" sizes=\"auto, (max-width: 500px) 100vw, 500px\" \/><\/a><figcaption class=\"wp-element-caption\"><em><strong>Luciano Calder\u00f3n, investigador del Conicet.<\/strong><\/em><\/figcaption><\/figure><\/div>\n\n\n<div style=\"height:30px\" aria-hidden=\"true\" class=\"wp-block-spacer\"><\/div>\n\n\n\n<p>De todos los clones estudiados durante la investigaci\u00f3n, uno de ellos se destac\u00f3 particularmente por su mayor contenido de antocianina (compuesto responsable del color) en las pieles de sus bayas, un atributo deseado en la elaboraci\u00f3n del vino. <em>\u201cSe encontr\u00f3 que esta diferencia estaba relacionada con las respuestas elevadas al \u00e1cido absc\u00edsico, una hormona que influye en la expresi\u00f3n de genes relacionados con la respuesta al estr\u00e9s y la madurez de las bayas. Esto puso de relieve el profundo y complejo impacto que pueden tener las variaciones gen\u00e9ticas puntuales en el desarrollo de la calidad de la uva y, por lo tanto, en las caracter\u00edsticas varietales del vino que produce<\/em>\u201d, comentaron los investigadores.<\/p>\n\n\n\n<p>La decodificaci\u00f3n del genoma de Malbec ilustra la compleja relaci\u00f3n entre la diversidad gen\u00e9tica y la variaci\u00f3n clonal. Esto marca un paso significativo hacia la comprensi\u00f3n de c\u00f3mo las mutaciones som\u00e1ticas modifican las caracter\u00edsticas de los distintos clones, arrojando luz sobre una nueva dimensi\u00f3n de la investigaci\u00f3n gen\u00e9tica de la vid, que podr\u00eda revolucionar el futuro de la viticultura.<\/p>\n\n\n\n<div style=\"height:30px\" aria-hidden=\"true\" class=\"wp-block-spacer\"><\/div>\n\n\n<div class=\"wp-block-image\">\n<figure class=\"aligncenter size-full is-resized\"><a href=\"https:\/\/enolife.com.ar\/es\/wp-content\/uploads\/2024\/04\/image-13.png\" data-rel=\"penci-gallery-image-content\" ><img loading=\"lazy\" decoding=\"async\" src=\"https:\/\/enolife.com.ar\/es\/wp-content\/uploads\/2024\/04\/image-13.png\" alt=\"\" class=\"wp-image-113686\" width=\"593\" height=\"627\" srcset=\"https:\/\/enolife.com.ar\/es\/wp-content\/uploads\/2024\/04\/image-13.png 895w, https:\/\/enolife.com.ar\/es\/wp-content\/uploads\/2024\/04\/image-13-284x300.png 284w, https:\/\/enolife.com.ar\/es\/wp-content\/uploads\/2024\/04\/image-13-768x813.png 768w, https:\/\/enolife.com.ar\/es\/wp-content\/uploads\/2024\/04\/image-13-585x619.png 585w\" sizes=\"auto, (max-width: 593px) 100vw, 593px\" \/><\/a><figcaption class=\"wp-element-caption\"><em><strong>An\u00e1lisis fenot\u00edpicos realizados en los cuatro clones seleccionados para realizar experimentos de RNAseq. Todos los datos fenot\u00edpicos se obtuvieron de bayas maduras durante dos a\u00f1os consecutivos, 2018 y 2019. Las variables analizadas fueron acidez total (Ac), Brix (Bx), antocianos totales (TA), polifenoles totales (TP). <\/strong><\/em><\/figcaption><\/figure><\/div>\n\n\n<div style=\"height:35px\" aria-hidden=\"true\" class=\"wp-block-spacer\"><\/div>\n\n\n\n<p class=\"has-medium-font-size\"><strong>Sobre Vivero Mercier Argentina<\/strong><\/p>\n\n\n\n<p>Es el vivero de producci\u00f3n de plantas de vid m\u00e1s importante de la Argentina. Forma parte del <strong>Grupo Mercier de Francia<\/strong> que desde hace m\u00e1s de 130 a\u00f1os produce y comercializa plantas de vid con un alto nivel tecnol\u00f3gico, en m\u00e1s de 35 pa\u00edses. Su filosof\u00eda de trabajo se asienta en la firme convicci\u00f3n de que el material vegetal es determinante en el \u00e9xito de los proyectos vitivin\u00edcolas, sobre todo frente a escenarios actuales de cambio clim\u00e1tico y exigencias constantes de los mercados.<em> \u201cMercier tiene como misi\u00f3n trabajar por una viticultura innovadora, cualitativa, sostenible y responsable en beneficio de las generaciones futuras\u201d<\/em>, sintetiz\u00f3 Miguel Mercier, presidente de la compa\u00f1\u00eda.<\/p>\n\n\n\n<p>La investigaci\u00f3n es fundamental para el Grupo Mercier; as\u00ed es que en 1986 crea la empresa <strong>Novatech, <\/strong>dedicada a la selecci\u00f3n, el an\u00e1lisis y la investigaci\u00f3n para la vitivinicultura. En la actualidad, el campo de acci\u00f3n se extiende tambi\u00e9n a la creaci\u00f3n varietal.<\/p>\n\n\n\n<div style=\"height:18px\" aria-hidden=\"true\" class=\"wp-block-spacer\"><\/div>\n\n\n\n<h3 class=\"wp-block-heading has-vivid-red-color has-text-color\">Para Mercier, los trabajos en gen\u00e9tica representan m\u00e1s del 80% de los programas de Investigaci\u00f3n y Desarrollo en curso, concentrados en dos l\u00edneas principales: los cruzamientos tradicionales y la edici\u00f3n g\u00e9nica (mutag\u00e9nesis, cisg\u00e9nesis y transg\u00e9nesis).<\/h3>\n\n\n\n<div style=\"height:16px\" aria-hidden=\"true\" class=\"wp-block-spacer\"><\/div>\n\n\n\n<p>El continuo desarrollo en el \u00e1rea de la gen\u00e9tica le permite mantener l\u00edneas de trabajo en conjunto con: IBMP- CNRS Strasbourgo (Francia); IFV \u2013 Montpellier (Francia); Inrae Montpellier y Versailles (AGAP y IJPB) (Francia); Fundazione Edmund Mach (Italia); Universitat de Udine (Italia); EBI Poitiers (Francia); Concha y Toro (Chile); INIA la Platina (CHile); UC Davis (USA) e IBAM-Conicet-UNCuyo (Argentina).<\/p>\n\n\n\n<p><em>\u201cLos logros obtenidos en el marco del proyecto Iberogen confirman el fuerte compromiso de la empresa con el desarrollo de la variedad Malbec y con la vitivinicultura mundial, sumando nuevas alternativas a la lista de clones y selecciones que venimos desarrollando hace m\u00e1s de 20 a\u00f1os y abriendo puerta a la creaci\u00f3n de nuevos productos, para atender a los m\u00e1s diversos desaf\u00edos y necesidades del mercado\u201d<\/em>, concluy\u00f3 el ingeniero Bergam\u00edn.<\/p>\n\n\n\n<div style=\"height:30px\" aria-hidden=\"true\" class=\"wp-block-spacer\"><\/div>\n\n\n<div class=\"wp-block-image\">\n<figure class=\"aligncenter size-full is-resized\"><a href=\"https:\/\/enolife.com.ar\/es\/wp-content\/uploads\/2024\/04\/fb3c0e83-1da7-47e7-9a01-94062f049dee.jpg\" data-rel=\"penci-gallery-image-content\" ><img loading=\"lazy\" decoding=\"async\" src=\"https:\/\/enolife.com.ar\/es\/wp-content\/uploads\/2024\/04\/fb3c0e83-1da7-47e7-9a01-94062f049dee.jpg\" alt=\"\" class=\"wp-image-113682\" width=\"536\" height=\"375\" srcset=\"https:\/\/enolife.com.ar\/es\/wp-content\/uploads\/2024\/04\/fb3c0e83-1da7-47e7-9a01-94062f049dee.jpg 715w, https:\/\/enolife.com.ar\/es\/wp-content\/uploads\/2024\/04\/fb3c0e83-1da7-47e7-9a01-94062f049dee-300x210.jpg 300w, https:\/\/enolife.com.ar\/es\/wp-content\/uploads\/2024\/04\/fb3c0e83-1da7-47e7-9a01-94062f049dee-585x409.jpg 585w\" sizes=\"auto, (max-width: 536px) 100vw, 536px\" \/><\/a><figcaption class=\"wp-element-caption\"><em><strong>Daniel Bergam\u00edn, director t\u00e9cnico de Vivero Mercier.<\/strong><\/em><\/figcaption><\/figure><\/div>\n\n\n<div style=\"height:35px\" aria-hidden=\"true\" class=\"wp-block-spacer\"><\/div>\n\n\n\n<p class=\"has-medium-font-size\"><strong>Sobre el Instituto de Biolog\u00eda Agr\u00edcola de Mendoza y el Grupo de Gen\u00e9tica y Gen\u00f3mica de vid (Genovid)<\/strong><\/p>\n\n\n\n<p>Con sede en la <strong>Facultad de Ciencias Agrarias, el Instituto de Biolog\u00eda Agr\u00edcola de Mendoza (IBAM)<\/strong> fue creado en 2009 como un instituto de doble dependencia (Conicet-UNCuyo).<\/p>\n\n\n\n<p>La misi\u00f3n del IBAM es la generaci\u00f3n de conocimiento en aspectos b\u00e1sicos y aplicados de la agricultura de regad\u00edo, con el fin de desarrollar herramientas para mejorar la producci\u00f3n y reducir factores de impacto negativos sobre ellos y sobre el entorno.<\/p>\n\n\n\n<p>Dentro del IBAM funciona el <strong>Grupo de Gen\u00e9tica y Gen\u00f3mica de la Vid<\/strong> (dirigido por el investigador <strong>Diego Lijavetzky<\/strong>), que tiene como objetivo descifrar los mecanismos gen\u00e9ticos y moleculares que son responsables de la regulaci\u00f3n de los diferentes caracteres relacionados con la calidad de las uvas y el vino.<\/p>\n\n\n\n<p>El grupo emplea t\u00e9cnicas experimentales de \u00faltima generaci\u00f3n (gen\u00f3mica, transcript\u00f3mica, transformaci\u00f3n y edici\u00f3n g\u00e9nica) que permiten estudiar la variaci\u00f3n gen\u00e9tica y fenot\u00edpica natural, y entender como esta variaci\u00f3n natural puede convertirse en una herramienta clave para afrontar las nuevas condiciones impuestas por el cambio clim\u00e1tico.<\/p>\n\n\n\n<div style=\"height:25px\" aria-hidden=\"true\" class=\"wp-block-spacer\"><\/div>\n\n\n\n<p class=\"has-background\" style=\"background-color:#abb7c259\"><strong>La publicaci\u00f3n cient\u00edfica se puede consultar en Horticulture Research, uhae080, <a href=\"https:\/\/doi.org\/10.1093\/hr\/uhae080\">https:\/\/doi.org\/10.1093\/hr\/uhae080<\/a><\/strong><\/p>\n\n\n\n<div style=\"height:30px\" aria-hidden=\"true\" class=\"wp-block-spacer\"><\/div>\n\n\n\n<p><\/p>\n","protected":false},"excerpt":{"rendered":"<p>El proyecto Iberogen fue posible gracias al trabajo articulado de Vivero Mercier, el Instituto de&hellip;<\/p>\n","protected":false},"author":3,"featured_media":113678,"comment_status":"open","ping_status":"open","sticky":false,"template":"","format":"standard","meta":{"footnotes":""},"categories":[5],"tags":[],"class_list":["post-113638","post","type-post","status-publish","format-standard","has-post-thumbnail","hentry","category-fincas"],"_links":{"self":[{"href":"https:\/\/enolife.com.ar\/es\/wp-json\/wp\/v2\/posts\/113638","targetHints":{"allow":["GET"]}}],"collection":[{"href":"https:\/\/enolife.com.ar\/es\/wp-json\/wp\/v2\/posts"}],"about":[{"href":"https:\/\/enolife.com.ar\/es\/wp-json\/wp\/v2\/types\/post"}],"author":[{"embeddable":true,"href":"https:\/\/enolife.com.ar\/es\/wp-json\/wp\/v2\/users\/3"}],"replies":[{"embeddable":true,"href":"https:\/\/enolife.com.ar\/es\/wp-json\/wp\/v2\/comments?post=113638"}],"version-history":[{"count":0,"href":"https:\/\/enolife.com.ar\/es\/wp-json\/wp\/v2\/posts\/113638\/revisions"}],"wp:featuredmedia":[{"embeddable":true,"href":"https:\/\/enolife.com.ar\/es\/wp-json\/wp\/v2\/media\/113678"}],"wp:attachment":[{"href":"https:\/\/enolife.com.ar\/es\/wp-json\/wp\/v2\/media?parent=113638"}],"wp:term":[{"taxonomy":"category","embeddable":true,"href":"https:\/\/enolife.com.ar\/es\/wp-json\/wp\/v2\/categories?post=113638"},{"taxonomy":"post_tag","embeddable":true,"href":"https:\/\/enolife.com.ar\/es\/wp-json\/wp\/v2\/tags?post=113638"}],"curies":[{"name":"wp","href":"https:\/\/api.w.org\/{rel}","templated":true}]}}