{"id":113623,"date":"2024-04-13T06:06:39","date_gmt":"2024-04-13T06:06:39","guid":{"rendered":"https:\/\/enolife.com.ar\/es\/?p=113623"},"modified":"2024-04-14T16:22:02","modified_gmt":"2024-04-14T16:22:02","slug":"un-viaje-por-los-malbec-de-4-terroirs-la-degustacion-guiada-de-guarda-14-el-17-4-en-vistapueblo","status":"publish","type":"post","link":"https:\/\/enolife.com.ar\/es\/un-viaje-por-los-malbec-de-4-terroirs-la-degustacion-guiada-de-guarda-14-el-17-4-en-vistapueblo\/","title":{"rendered":"Un viaje por los malbec de 4 terroirs, la degustaci\u00f3n guiada de Guarda 14 el 17\/4 en Vistapueblo"},"content":{"rendered":"\n<h4 class=\"wp-block-heading\"><em><strong>El sitio de vinos de Diario Los Andes de Mendoza invita al p\u00fablico local y turistas a un recorrido por los distintos terroirs del Malbec, en coincidencia con la celebraci\u00f3n del D\u00eda Mundial del Malbec Argentino. En una degustaci\u00f3n dirigida por la reconocida sommelier Mar\u00eda Eugenia Loria, se podr\u00e1n probar malbec de Mendoza, San Juan, Salta y Tucum\u00e1n.<\/strong><\/em><\/h4>\n\n\n\n<div style=\"height:35px\" aria-hidden=\"true\" class=\"wp-block-spacer\"><\/div>\n\n\n<a href=\"https:\/\/ar.verallia.com\/\" aria-label=\"VERALLIA 1700 x 500\"><img loading=\"lazy\" decoding=\"async\" src=\"https:\/\/enolife.com.ar\/es\/wp-content\/uploads\/2021\/04\/VERALLIA-1700-x-500.jpg\" alt=\"\"  srcset=\"https:\/\/enolife.com.ar\/es\/wp-content\/uploads\/2021\/04\/VERALLIA-1700-x-500.jpg 1700w, https:\/\/enolife.com.ar\/es\/wp-content\/uploads\/2021\/04\/VERALLIA-1700-x-500-300x88.jpg 300w, https:\/\/enolife.com.ar\/es\/wp-content\/uploads\/2021\/04\/VERALLIA-1700-x-500-1024x301.jpg 1024w, https:\/\/enolife.com.ar\/es\/wp-content\/uploads\/2021\/04\/VERALLIA-1700-x-500-768x226.jpg 768w, https:\/\/enolife.com.ar\/es\/wp-content\/uploads\/2021\/04\/VERALLIA-1700-x-500-1536x452.jpg 1536w, https:\/\/enolife.com.ar\/es\/wp-content\/uploads\/2021\/04\/VERALLIA-1700-x-500-1170x344.jpg 1170w, https:\/\/enolife.com.ar\/es\/wp-content\/uploads\/2021\/04\/VERALLIA-1700-x-500-585x172.jpg 585w\" sizes=\"auto, (max-width: 1700px) 100vw, 1700px\" width=\"1700\" height=\"500\"   \/><\/a>\n\n\n<div style=\"height:45px\" aria-hidden=\"true\" class=\"wp-block-spacer\"><\/div>\n\n\n\n<p><a href=\"https:\/\/guarda14.losandes.com.ar\/autor\/redaccionla\"><\/a>El pr\u00f3ximo&nbsp;<strong>mi\u00e9rcoles 17 de abril, a las 19.30<\/strong>, el sitio de vinos y experiencias Guarda 14, del diario Los Andes, invita a celebrar el Malbec con&nbsp;un nuevo encuentro de<strong> \u201cVinos de Norte a Sur\u201d.<\/strong><\/p>\n\n\n\n<p>La cita ser\u00e1 en&nbsp;<strong>Vistapueblo Ciudad,<\/strong>&nbsp;y consistir\u00e1 en una&nbsp;<strong>degustaci\u00f3n guiada de 6 malbecs&nbsp;<\/strong>procedentes de Salta, Tucum\u00e1n, San Juan y Mendoza, conducida por la sommelier certificada&nbsp;<strong>Mar\u00eda Eugenia Loria,<\/strong>&nbsp;con un acompa\u00f1amiento gastron\u00f3mico.<\/p>\n\n\n\n<div style=\"height:30px\" aria-hidden=\"true\" class=\"wp-block-spacer\"><\/div>\n\n\n<div class=\"wp-block-image\">\n<figure class=\"aligncenter size-full is-resized\"><a href=\"https:\/\/enolife.com.ar\/es\/wp-content\/uploads\/2024\/04\/Imagen1-12.jpg\" data-rel=\"penci-gallery-image-content\" ><img loading=\"lazy\" decoding=\"async\" src=\"https:\/\/enolife.com.ar\/es\/wp-content\/uploads\/2024\/04\/Imagen1-12.jpg\" alt=\"\" class=\"wp-image-113644\" width=\"463\" height=\"453\" srcset=\"https:\/\/enolife.com.ar\/es\/wp-content\/uploads\/2024\/04\/Imagen1-12.jpg 409w, https:\/\/enolife.com.ar\/es\/wp-content\/uploads\/2024\/04\/Imagen1-12-300x293.jpg 300w\" sizes=\"auto, (max-width: 463px) 100vw, 463px\" \/><\/a><\/figure><\/div>\n\n\n<div style=\"height:35px\" aria-hidden=\"true\" class=\"wp-block-spacer\"><\/div>\n\n\n\n<p class=\"has-medium-font-size\"><strong>Durante la clase se degustar\u00e1n los siguientes vinos<\/strong>:<\/p>\n\n\n\n<ul class=\"wp-block-list\">\n<li>Malbec Reserva 2019 Ostengo Wines (Cafayate, Salta)<\/li>\n\n\n\n<li>Pazioca Reserva Malbec 2015 (Tucum\u00e1n)<\/li>\n\n\n\n<li>Mil Vientos Malbec, Merced del Estero (San Juan)<\/li>\n\n\n\n<li>Enroscado Malbec 2022 (Luj\u00e1n de Cuyo, Mendoza)<\/li>\n\n\n\n<li>Gran Reserva Malbec 2019 Finca La Abeja (San Rafael, Mendoza)<\/li>\n\n\n\n<li>Fumata Bianca Single Vineyard Piccolo Banfi (Luj\u00e1n de Cuyo, Mendoza)<\/li>\n<\/ul>\n\n\n\n<p>Mar\u00eda Eugenia Loria es Sommelier Internacional Escuela Argentina de Sommeliers (EAS) y Certified Sommelier Court of Master Sommelier (CMS).<\/p>\n\n\n\n<div style=\"height:35px\" aria-hidden=\"true\" class=\"wp-block-spacer\"><\/div>\n\n\n\n<p class=\"has-medium-font-size\"><strong>Vinos de Norte a Sur en detalle<\/strong><\/p>\n\n\n\n<p class=\"has-background\" style=\"background-color:#e4daed78\"><strong>D\u00eda: <\/strong>mi\u00e9rcoles 17 de abril<br><strong>Hora:<\/strong> 19.30<br><strong>Lugar:<\/strong> Vistapueblo Ciudad (San Mart\u00edn 6371, Luj\u00e1n de Cuyo)<br><strong>Precio:<\/strong> $12.500 p\/p. La entrada incluye la degustaci\u00f3n guiada de los vinos y dos empanadas<br><strong>Reservas:&nbsp;<a href=\"mailto:marketing@guarda14.com\">marketing@guarda14.com<\/a>&nbsp;y&nbsp;<a href=\"https:\/\/wa.me\/2614674568\" target=\"_blank\" rel=\"noreferrer noopener\">2614 67-4568<\/a><\/strong><\/p>\n\n\n\n<div style=\"height:30px\" aria-hidden=\"true\" class=\"wp-block-spacer\"><\/div>\n","protected":false},"excerpt":{"rendered":"<p>El sitio de vinos de Diario Los Andes de Mendoza invita al p\u00fablico local y&hellip;<\/p>\n","protected":false},"author":3,"featured_media":113646,"comment_status":"open","ping_status":"open","sticky":false,"template":"","format":"standard","meta":{"footnotes":""},"categories":[47,56],"tags":[],"class_list":["post-113623","post","type-post","status-publish","format-standard","has-post-thumbnail","hentry","category-agenda","category-destacado"],"_links":{"self":[{"href":"https:\/\/enolife.com.ar\/es\/wp-json\/wp\/v2\/posts\/113623","targetHints":{"allow":["GET"]}}],"collection":[{"href":"https:\/\/enolife.com.ar\/es\/wp-json\/wp\/v2\/posts"}],"about":[{"href":"https:\/\/enolife.com.ar\/es\/wp-json\/wp\/v2\/types\/post"}],"author":[{"embeddable":true,"href":"https:\/\/enolife.com.ar\/es\/wp-json\/wp\/v2\/users\/3"}],"replies":[{"embeddable":true,"href":"https:\/\/enolife.com.ar\/es\/wp-json\/wp\/v2\/comments?post=113623"}],"version-history":[{"count":0,"href":"https:\/\/enolife.com.ar\/es\/wp-json\/wp\/v2\/posts\/113623\/revisions"}],"wp:featuredmedia":[{"embeddable":true,"href":"https:\/\/enolife.com.ar\/es\/wp-json\/wp\/v2\/media\/113646"}],"wp:attachment":[{"href":"https:\/\/enolife.com.ar\/es\/wp-json\/wp\/v2\/media?parent=113623"}],"wp:term":[{"taxonomy":"category","embeddable":true,"href":"https:\/\/enolife.com.ar\/es\/wp-json\/wp\/v2\/categories?post=113623"},{"taxonomy":"post_tag","embeddable":true,"href":"https:\/\/enolife.com.ar\/es\/wp-json\/wp\/v2\/tags?post=113623"}],"curies":[{"name":"wp","href":"https:\/\/api.w.org\/{rel}","templated":true}]}}