{"id":113479,"date":"2024-04-11T11:20:06","date_gmt":"2024-04-11T11:20:06","guid":{"rendered":"https:\/\/enolife.com.ar\/es\/?p=113479"},"modified":"2024-04-14T16:25:11","modified_gmt":"2024-04-14T16:25:11","slug":"entidades-de-mendoza-y-san-juan-rechazan-la-importacion-de-vino-y-piden-mayores-controles-al-inv","status":"publish","type":"post","link":"https:\/\/enolife.com.ar\/es\/entidades-de-mendoza-y-san-juan-rechazan-la-importacion-de-vino-y-piden-mayores-controles-al-inv\/","title":{"rendered":"Entidades de Mendoza y San Juan rechazan la importaci\u00f3n de vino y piden mayores controles al INV"},"content":{"rendered":"\n<h4 class=\"wp-block-heading\"><em><strong>En un comunicado conjunto titulado \u00abPorque defendemos el trabajo, le decimos no a la importaci\u00f3n de vinos y a la especulaci\u00f3n\u00bb, difundido el lunes 8 de abril pasado, 7 entidades que agrupan a productores vitivin\u00edcolas y bodegueros manifestaron su rechazo a esta pr\u00e1ctica comercial en Argentina, argumentando que en el pa\u00eds hay disponibilidad y calidad del producto y que se tratar\u00eda de una maniobra para bajar el precio del vino. A continuaci\u00f3n, replicamos la nota de difusi\u00f3n completa.<\/strong><\/em><\/h4>\n\n\n\n<div style=\"height:35px\" aria-hidden=\"true\" class=\"wp-block-spacer\"><\/div>\n\n\n<a href=\"https:\/\/www.facebook.com\/SindicatoContratitas\/\" aria-label=\"banner contratistas 1700&#215;500\"><img loading=\"lazy\" decoding=\"async\" src=\"https:\/\/enolife.com.ar\/es\/wp-content\/uploads\/2020\/08\/banner-contratistas-1700x500-1.jpg\" alt=\"\"  srcset=\"https:\/\/enolife.com.ar\/es\/wp-content\/uploads\/2020\/08\/banner-contratistas-1700x500-1.jpg 1700w, https:\/\/enolife.com.ar\/es\/wp-content\/uploads\/2020\/08\/banner-contratistas-1700x500-1-300x88.jpg 300w, https:\/\/enolife.com.ar\/es\/wp-content\/uploads\/2020\/08\/banner-contratistas-1700x500-1-1024x301.jpg 1024w, https:\/\/enolife.com.ar\/es\/wp-content\/uploads\/2020\/08\/banner-contratistas-1700x500-1-768x226.jpg 768w, https:\/\/enolife.com.ar\/es\/wp-content\/uploads\/2020\/08\/banner-contratistas-1700x500-1-1536x452.jpg 1536w, https:\/\/enolife.com.ar\/es\/wp-content\/uploads\/2020\/08\/banner-contratistas-1700x500-1-1170x344.jpg 1170w, https:\/\/enolife.com.ar\/es\/wp-content\/uploads\/2020\/08\/banner-contratistas-1700x500-1-585x172.jpg 585w\" sizes=\"auto, (max-width: 1700px) 100vw, 1700px\" width=\"1700\" height=\"500\"   \/><\/a>\n\n\n<div style=\"height:45px\" aria-hidden=\"true\" class=\"wp-block-spacer\"><\/div>\n\n\n\n<p><em>\u00abDesde las c\u00e1maras abajo firmantes, en representaci\u00f3n de toda la cadena vitivin\u00edcola de las provincias de Mendoza y San Juan, queremos expresar nuestra firme oposici\u00f3n ante los intentos de importaci\u00f3n de vino, que han generado controversia en el sector.<\/em><\/p>\n\n\n\n<p><em>\u00abTras lo comunicado por el INV, varios grupos o empresas, adem\u00e1s de las que ya lo hicieron, est\u00e1n iniciando tr\u00e1mites a fines de lograr importar vino. Algunas con el fundamento que niega la disponibilidad de vino gen\u00e9rico en el mercado local, otros con el agraviante en su falta de calidad de los mismos.<\/em><\/p>\n\n\n\n<p><em>\u00abDeclaramos enf\u00e1ticamente que esto constituye una falacia. Hemos mantenido conversaciones con diversas c\u00e1maras bodegueras y c\u00e1maras trasladistas, las cuales confirman que el vino gen\u00e9rico est\u00e1 disponible y existe no s\u00f3lo en oferta, sino en excelente calidad para abastecer al mercado con normalidad. <\/em><\/p>\n\n\n\n<p><em>\u00abNos parece desafortunado y lamentable que se intente atribuir a la falta de calidad en nuestros vinos los intentos de importaci\u00f3n, los que estamos en la industria sabemos los intereses que motivan esos dichos, lamentablemente el consumidor no. Creemos que el \u00fanico inter\u00e9s es desequilibrar el mercado local y ejercer presi\u00f3n sobre los precios a la baja. <\/em><\/p>\n\n\n\n<p><em>\u00abEstas acciones impactan negativamente en el sector vi\u00f1atero de Mendoza, San Juan y el resto del pa\u00eds, afectando la econom\u00eda y el sustento de numerosas familias productoras. Instamos a todos los proveedores locales (productores de uva o due\u00f1os de vino y bodegas trasladistas) a no ceder ante estas pr\u00e1cticas desleales, dejando de realizar operaciones con los mismos y a mantenerse firmes en la defensa de sus derechos y su sustento econ\u00f3mico.<\/em><\/p>\n\n\n\n<p><em>\u00abA su vez exigimos a las autoridades nacionales y provinciales igualdad de condiciones en el mercado, as\u00ed como un control riguroso del INV sobre las importaciones de vino, garantizando que se cumpla con la legislaci\u00f3n argentina en materia de calidad y composici\u00f3n (Ej: normas de calidad y variedades permitidas utilizadas para su elaboraci\u00f3n, exigiendo un an\u00e1lisis de malvidina, agua ex\u00f3gena, etc) dando las garant\u00edas que esos vinos no sean cortados con vinos nacionales previo a los controles al momento de su autorizaci\u00f3n. Es funci\u00f3n esencial del INV controlar la genuinidad de los vinos que ingresan al pa\u00eds, aplicando la misma rigurosidad que la exigida a nuestros productos de origen nacional.<\/em><\/p>\n\n\n\n<p><em>\u00abLas entidades continuaremos trabajando en la protecci\u00f3n y promoci\u00f3n de los intereses<br>de toda la cadena, velando por una justa distribuci\u00f3n para todos los actores involucrados en la<br>industria vitivin\u00edcola de la regi\u00f3n.<\/em><\/p>\n\n\n\n<div style=\"height:20px\" aria-hidden=\"true\" class=\"wp-block-spacer\"><\/div>\n\n\n\n<p class=\"has-background\" style=\"background-color:#abb7c261\"><strong>Entidades firmantes:<br><\/strong><br>&#8211;<strong>Federaci\u00f3n de Vi\u00f1ateros de San Juan<\/strong><br>&#8211;<strong>Asociaci\u00f3n de vi\u00f1ateros independientes de San Juan<\/strong><br>&#8211;<strong>Mesa Vit\u00edcola de San Juan<\/strong><br>&#8211;<strong>Asociaci\u00f3n de Productores del oasis este de Mendoza (Aproem).<\/strong><br>&#8211;<strong>Asociaci\u00f3n de Vi\u00f1ateros de Mendoza (AVM)<\/strong><br>&#8211;<strong>Centro de Vi\u00f1ateros y Bodegueros del Este<\/strong><br>&#8211;<strong>C\u00e1mara de Agricultura, Industria, Comercio y Turismo del Valle de Tupungato<\/strong><\/p>\n\n\n\n<div style=\"height:30px\" aria-hidden=\"true\" class=\"wp-block-spacer\"><\/div>\n","protected":false},"excerpt":{"rendered":"<p>En un comunicado conjunto titulado \u00abPorque defendemos el trabajo, le decimos no a la importaci\u00f3n&hellip;<\/p>\n","protected":false},"author":3,"featured_media":113513,"comment_status":"open","ping_status":"open","sticky":false,"template":"","format":"standard","meta":{"footnotes":""},"categories":[14],"tags":[],"class_list":["post-113479","post","type-post","status-publish","format-standard","has-post-thumbnail","hentry","category-news"],"_links":{"self":[{"href":"https:\/\/enolife.com.ar\/es\/wp-json\/wp\/v2\/posts\/113479","targetHints":{"allow":["GET"]}}],"collection":[{"href":"https:\/\/enolife.com.ar\/es\/wp-json\/wp\/v2\/posts"}],"about":[{"href":"https:\/\/enolife.com.ar\/es\/wp-json\/wp\/v2\/types\/post"}],"author":[{"embeddable":true,"href":"https:\/\/enolife.com.ar\/es\/wp-json\/wp\/v2\/users\/3"}],"replies":[{"embeddable":true,"href":"https:\/\/enolife.com.ar\/es\/wp-json\/wp\/v2\/comments?post=113479"}],"version-history":[{"count":0,"href":"https:\/\/enolife.com.ar\/es\/wp-json\/wp\/v2\/posts\/113479\/revisions"}],"wp:featuredmedia":[{"embeddable":true,"href":"https:\/\/enolife.com.ar\/es\/wp-json\/wp\/v2\/media\/113513"}],"wp:attachment":[{"href":"https:\/\/enolife.com.ar\/es\/wp-json\/wp\/v2\/media?parent=113479"}],"wp:term":[{"taxonomy":"category","embeddable":true,"href":"https:\/\/enolife.com.ar\/es\/wp-json\/wp\/v2\/categories?post=113479"},{"taxonomy":"post_tag","embeddable":true,"href":"https:\/\/enolife.com.ar\/es\/wp-json\/wp\/v2\/tags?post=113479"}],"curies":[{"name":"wp","href":"https:\/\/api.w.org\/{rel}","templated":true}]}}