{"id":113475,"date":"2024-04-11T19:15:09","date_gmt":"2024-04-11T19:15:09","guid":{"rendered":"https:\/\/enolife.com.ar\/es\/?p=113475"},"modified":"2024-04-13T05:43:03","modified_gmt":"2024-04-13T05:43:03","slug":"tras-35-anos-en-papel-dejo-de-salir-el-suple-agricola-del-diario-de-cuyo-sanjuanino-pionero-del-pais","status":"publish","type":"post","link":"https:\/\/enolife.com.ar\/es\/tras-35-anos-en-papel-dejo-de-salir-el-suple-agricola-del-diario-de-cuyo-sanjuanino-pionero-del-pais\/","title":{"rendered":"Tras 35 a\u00f1os en papel, dej\u00f3 de salir el suple agr\u00edcola del Diario de Cuyo sanjuanino, pionero del pa\u00eds"},"content":{"rendered":"\n<h4 class=\"wp-block-heading\"><em><strong>El Suplemento Verde, la publicaci\u00f3n semanal del Diario de Cuyo de San Juan, fue la primera de su tipo en el pa\u00eds y marc\u00f3 una \u00e9poca de oro en el periodismo vitivin\u00edcola y agr\u00edcola del oeste argentino. Seg\u00fan inform\u00f3 la periodista especializada Elizabeth P\u00e9rez, del diario Tiempo de San Juan, el cese de la publicaci\u00f3n se debi\u00f3 a una decisi\u00f3n empresaria, luego de que los periodistas que lo hac\u00edan decidieran alejarse del medio editor.<\/strong><\/em><\/h4>\n\n\n\n<div style=\"height:35px\" aria-hidden=\"true\" class=\"wp-block-spacer\"><\/div>\n\n\n\n\n\n<div style=\"height:45px\" aria-hidden=\"true\" class=\"wp-block-spacer\"><\/div>\n\n\n\n<p><em><strong>Por Elizabeth P\u00e9rez, del diario Tiempo de San Juan<\/strong><\/em><\/p>\n\n\n\n<div style=\"height:16px\" aria-hidden=\"true\" class=\"wp-block-spacer\"><\/div>\n\n\n\n<p>Las nuevas producciones y tecnolog\u00edas agrarias de <strong>San Juan<\/strong>, la vitivinicultura en toda su cadena, las f\u00e1bricas de tomate o de aceite de oliva, las novedades empresarias o los n\u00fameros de exportaci\u00f3n: todo lo que sucedi\u00f3 en materia agroindustrial o agropecuaria en esta provincia y en el pa\u00eds qued\u00f3 reflejado durante d\u00e9cadas en <strong>Suplemento Verde.<\/strong><\/p>\n\n\n\n<p>Ahora, la publicaci\u00f3n que <strong>durante 35 a\u00f1os<\/strong> acompa\u00f1\u00f3 cada semana la versi\u00f3n papel del <strong>Diario de Cuyo<\/strong> es noticia, pero por algo que despierta tristeza y nostalgia: sali\u00f3 por \u00faltima vez el pasado <strong>30 de marzo.&nbsp;<\/strong>Fue una decisi\u00f3n empresaria luego de que los periodistas que lo hac\u00edan decidieron alejarse del medio.<\/p>\n\n\n\n<p>En todas estas d\u00e9cadas sus p\u00e1ginas se han destinado a anticipar tendencias, explorar historias cotidianas y a acercar a sus lectores las novedades en el \u00e1mbito agrario y<strong>&nbsp;tiene el m\u00e9rito de ser el m\u00e1s antiguo en su tipo del pa\u00eds.<\/strong>&nbsp;Otros suplementos como los de los diarios La Naci\u00f3n o Los Andes fueron posteriores.<\/p>\n\n\n\n<p>El \u201cVerde\u201d naci\u00f3 en <strong>San Juan el 2 de enero de 1989<\/strong>, de la mano del periodista\u00a0<strong>Rogelio Santiago Zalazar<\/strong>,\u00a0quien acerc\u00f3 la idea al director de Diario de Cuyo de comenzar una secci\u00f3n rural especializada, para todos los sectores. La empresa public\u00f3 un aviso convocando a t\u00e9cnicos del sector para incorporar a la redacci\u00f3n. <em>\u201cAs\u00ed llegamos, reci\u00e9n recibidos de ingenieros agr\u00f3nomos, mi socio y amigo\u00a0<strong>Alejandro Acosta\u00a0<\/strong>y yo al diario\u201d,<\/em> record\u00f3\u00a0el ingeniero, periodista vitivin\u00edcola y ex vicepresidente del Instituto Nacional de Vitivinicultura (INV), <strong>Hugo Carmona<\/strong> <strong>Torres.<\/strong><\/p>\n\n\n\n<div style=\"height:30px\" aria-hidden=\"true\" class=\"wp-block-spacer\"><\/div>\n\n\n<div class=\"wp-block-image\">\n<figure class=\"aligncenter size-full is-resized\"><a href=\"https:\/\/enolife.com.ar\/es\/wp-content\/uploads\/2024\/04\/suplemento-verdejpg.jpg\" data-rel=\"penci-gallery-image-content\" ><img loading=\"lazy\" decoding=\"async\" src=\"https:\/\/enolife.com.ar\/es\/wp-content\/uploads\/2024\/04\/suplemento-verdejpg.jpg\" alt=\"\" class=\"wp-image-113551\" width=\"608\" height=\"378\" srcset=\"https:\/\/enolife.com.ar\/es\/wp-content\/uploads\/2024\/04\/suplemento-verdejpg.jpg 688w, https:\/\/enolife.com.ar\/es\/wp-content\/uploads\/2024\/04\/suplemento-verdejpg-300x187.jpg 300w, https:\/\/enolife.com.ar\/es\/wp-content\/uploads\/2024\/04\/suplemento-verdejpg-585x364.jpg 585w\" sizes=\"auto, (max-width: 608px) 100vw, 608px\" \/><\/a><figcaption class=\"wp-element-caption\"><em><strong>(De der. a izq.) Daniel Tur\u00f3n, antiguo secretario de redacci\u00f3n de Diario de Cuyo; Ram\u00f3n Nicol\u00e1s Cornejo, meteor\u00f3logo del INTA EEA San Juan; Enrique C\u00e9sar Fontemacchi, secretario de Agricultura y Ganader\u00eda del Gobierno de San Juan y el periodista del Verde, Alejandro Acosta<\/strong><\/em><\/figcaption><\/figure><\/div>\n\n\n<div style=\"height:30px\" aria-hidden=\"true\" class=\"wp-block-spacer\"><\/div>\n\n\n\n<p>El suple arranc\u00f3 inicialmente en formato s\u00e1bana (58 cm por 35 cm), en blanco y negro, y con s\u00f3lo dos p\u00e1ginas sali\u00f3 con el nombre de <strong>\u00abAgronoticias\u00bb<\/strong>. Aparec\u00eda los d\u00edas domingos, junto a suplementos deportivos, de moda, revistas y otras secciones especiales. El propietario y director de Diario de Cuyo, <strong>Francisco Salvador Montes,<\/strong>\u00a0escrib\u00eda una editorial en la car\u00e1tula del mismo.<\/p>\n\n\n\n<div style=\"height:35px\" aria-hidden=\"true\" class=\"wp-block-spacer\"><\/div>\n\n\n\n<p class=\"has-medium-font-size\"><strong>Agricultura, geograf\u00eda y m\u00e1s<\/strong><\/p>\n\n\n\n<p>As\u00ed, entre otros temas,&nbsp;la publicaci\u00f3n comenz\u00f3 a explayarse sobre desertificaci\u00f3n, desarrollo de zonas francas, exportaci\u00f3n de productos locales, mejoras en turismo y agroindustrias a futuro.&nbsp;En su edici\u00f3n aniversario el 12 de junio de 2021 record\u00f3 las publicaciones del ge\u00f3logo&nbsp;<strong>Alfredo Miolano<\/strong>&nbsp;que <em>\u201cdesplegaba su pluma sobre temas vinculados a la hidrolog\u00eda, minerales, diques y suelos\u201d<\/em>, y al andinista y escritor&nbsp;<strong>Antonio Beorchia Nigris<\/strong>&nbsp;<em>\u201cque deleitaba con relatos de expediciones con integrantes sanjuaninos en la cordillera de los Andes y el Himalaya, en las cuales particip\u00f3 activamente\u201d.<\/em><\/p>\n\n\n\n<p>En dos a\u00f1os tuvo un crecimiento muy fuerte y ya surgi\u00f3 con nombre propio como&nbsp;<strong>Suplemento Verde<\/strong>, los d\u00edas domingos. Impreso con colores de tinta blanco, negro, y un toque de gris y verde, comenz\u00f3 con secciones especiales: como Mercados, Extensi\u00f3n, Ciencia, Exportaciones y Novedades. Su lema fue <em>\u201cVerde, Verdad y Vida\u201d.<\/em><\/p>\n\n\n\n<p>Adem\u00e1s del equipo de redacci\u00f3n integrado por<strong>&nbsp;Zalazar, Carmona y Acosta<\/strong>, acompa\u00f1aron en las salidas al campo y eventos los fot\u00f3grafos&nbsp;<strong>Rodolfo Barrios, Polo Urisa y Hugo Elizondo.<\/strong>&nbsp;Luego se comenz\u00f3 a viajar a congresos y exposiciones de car\u00e1cter nacional e internacional, siempre con la idea de la empresa, de ense\u00f1ar, de mostrar, de buscar mejoras y de aumentar el potencial de San Juan en todo lo que se pueda, vinculado al campo.<\/p>\n\n\n\n<p>Seg\u00fan recodaron los hacedores del suplemento,<strong>&nbsp;\u201cDon Francisco\u201d Montes&nbsp;<\/strong>siempre les dec\u00eda:&nbsp;<em>\u00abhagan notas sencillas, para que las mujeres, los j\u00f3venes y nuevos sectores, se sumen al campo. Con letras simples, im\u00e1genes explicativas y t\u00edtulos que atraigan a leer. Busquen diversificaci\u00f3n y dinamismo\u00bb.<\/em><\/p>\n\n\n\n<div style=\"height:35px\" aria-hidden=\"true\" class=\"wp-block-spacer\"><\/div>\n\n\n\n<p class=\"has-medium-font-size\"><strong>Suplemento hist\u00f3rico<\/strong><\/p>\n\n\n\n<p><strong>Durante toda su vida que finaliz\u00f3 el 30 de marzo de 2024 se imprimieron 1833 suplementos<\/strong>, sin contar las ediciones especiales de las catas de vinos que se hicieron en San Juan.&nbsp;El INTA ten\u00eda un espacio especial donde contar sus avances en investigaciones, frutales de carozo, pepita y frutos secos.&nbsp;Los temas de riego y drenaje, alfalfa, arom\u00e1ticas y toda la gama de hortalizas; vid, poda, labores y recomendaciones.<\/p>\n\n\n\n<p>Tambi\u00e9n se relat\u00f3 en sus p\u00e1ginas el crecimiento de las universidades y sus investigaciones, el cooperativismo tuvo un lugar especial como tambi\u00e9n el cambio Rural, los programas Prohuerta, Programa Social Agropecuario y Fecoagro.\u00a0Con el gobierno provincial se daban a conocer actividades de planes de diversificaci\u00f3n agr\u00edcola, ganader\u00eda mayor y menor, servicios al productor, control de plagas y enfermedades locales, forestaci\u00f3n, educaci\u00f3n y actividades en escuelas agrot\u00e9cnicas.<\/p>\n\n\n\n<div style=\"height:30px\" aria-hidden=\"true\" class=\"wp-block-spacer\"><\/div>\n\n\n\n<figure class=\"wp-block-gallery has-nested-images columns-default is-cropped wp-block-gallery-1 is-layout-flex wp-block-gallery-is-layout-flex\">\n<figure class=\"wp-block-image size-full\"><a href=\"https:\/\/enolife.com.ar\/es\/wp-content\/uploads\/2024\/04\/f2p5verde.jpg_2066351663.jpg\" data-rel=\"penci-gallery-image-content\" ><img loading=\"lazy\" decoding=\"async\" width=\"400\" height=\"667\" data-id=\"113556\" src=\"https:\/\/enolife.com.ar\/es\/wp-content\/uploads\/2024\/04\/f2p5verde.jpg_2066351663.jpg\" alt=\"\" class=\"wp-image-113556\" srcset=\"https:\/\/enolife.com.ar\/es\/wp-content\/uploads\/2024\/04\/f2p5verde.jpg_2066351663.jpg 400w, https:\/\/enolife.com.ar\/es\/wp-content\/uploads\/2024\/04\/f2p5verde.jpg_2066351663-180x300.jpg 180w\" sizes=\"auto, (max-width: 400px) 100vw, 400px\" \/><\/a><figcaption class=\"wp-element-caption\"><em><strong>Tapa a\u00f1o 1995<\/strong><\/em><\/figcaption><\/figure>\n\n\n\n<figure class=\"wp-block-image size-full\"><a href=\"https:\/\/enolife.com.ar\/es\/wp-content\/uploads\/2024\/04\/f3p5verde-1.jpg_84730725-1.jpg\" data-rel=\"penci-gallery-image-content\" ><img loading=\"lazy\" decoding=\"async\" width=\"400\" height=\"638\" data-id=\"113558\" src=\"https:\/\/enolife.com.ar\/es\/wp-content\/uploads\/2024\/04\/f3p5verde-1.jpg_84730725-1.jpg\" alt=\"\" class=\"wp-image-113558\" srcset=\"https:\/\/enolife.com.ar\/es\/wp-content\/uploads\/2024\/04\/f3p5verde-1.jpg_84730725-1.jpg 400w, https:\/\/enolife.com.ar\/es\/wp-content\/uploads\/2024\/04\/f3p5verde-1.jpg_84730725-1-188x300.jpg 188w\" sizes=\"auto, (max-width: 400px) 100vw, 400px\" \/><\/a><figcaption class=\"wp-element-caption\"><em><strong>Tapa a\u00f1o 1997<\/strong><\/em><\/figcaption><\/figure>\n\n\n\n<figure class=\"wp-block-image size-full\"><a href=\"https:\/\/enolife.com.ar\/es\/wp-content\/uploads\/2024\/04\/f3p4verde.jpg_915899625.jpg\" data-rel=\"penci-gallery-image-content\" ><img loading=\"lazy\" decoding=\"async\" width=\"400\" height=\"599\" data-id=\"113559\" src=\"https:\/\/enolife.com.ar\/es\/wp-content\/uploads\/2024\/04\/f3p4verde.jpg_915899625.jpg\" alt=\"\" class=\"wp-image-113559\" srcset=\"https:\/\/enolife.com.ar\/es\/wp-content\/uploads\/2024\/04\/f3p4verde.jpg_915899625.jpg 400w, https:\/\/enolife.com.ar\/es\/wp-content\/uploads\/2024\/04\/f3p4verde.jpg_915899625-200x300.jpg 200w\" sizes=\"auto, (max-width: 400px) 100vw, 400px\" \/><\/a><figcaption class=\"wp-element-caption\"><em><strong>Tapa a\u00f1o 1999<\/strong><\/em><\/figcaption><\/figure>\n<\/figure>\n\n\n\n<div style=\"height:30px\" aria-hidden=\"true\" class=\"wp-block-spacer\"><\/div>\n\n\n\n<p>En 1997, se pasa a formato tabloide, m\u00e1s chico en tama\u00f1o (43 cm por 29 cm), con color y nueva tipograf\u00eda. Antes, en 1996, ingres\u00f3 al equipo como redactor\u00a0<strong>Adri\u00e1n Marcelo Alonso,<\/strong>\u00a0licenciado en comercio internacional, quien se aboc\u00f3 a tratar toda la etapa local del gran auge exportador de San Juan. Ese mismo a\u00f1o empez\u00f3 a salir los d\u00edas s\u00e1bados.<\/p>\n\n\n\n<p>Sus p\u00e1ginas contaron todo sobre\u00a0los diferimientos impositivos en la provincia y la incre\u00edble expansi\u00f3n en superficie cultivada, la incorporaci\u00f3n masiva de tecnolog\u00eda, el riego por goteo, la plasticultura, los galpones de empaque y los de fr\u00edo de todos los cultivos que hay en San Juan. Tambi\u00e9n la elaboraci\u00f3n de Calvados, la expansi\u00f3n del pistacho, del ajo, de las semillas, el tomate industrial y muchos m\u00e1s.<\/p>\n\n\n\n<div style=\"height:30px\" aria-hidden=\"true\" class=\"wp-block-spacer\"><\/div>\n\n\n\n<p class=\"has-medium-font-size\"><strong>Algunos hitos y premios<\/strong><\/p>\n\n\n\n<p>El Verde tambi\u00e9n fue el encargado de relatar la llegada y\u00a0la primera cosecha mec\u00e1nica de uvas de San Juan en la madrugada, y la primera Lucha contra heladas con calefactores.\u00a0Obviamente, la historia de\u00a0la sequ\u00eda,\u00a0y el an\u00e1lisis de los especialistas sobre el tema tambi\u00e9n ocuparon varios titulares.<\/p>\n\n\n\n<p>Form\u00f3 parte tambi\u00e9n de la vida educativa provincial. Se hizo una edici\u00f3n especial de colecci\u00f3n durante varios meses de las cartillas Ap\u00edcola y Oliv\u00edcola para los alumnos, que fueron realizadas por los especialistas&nbsp;<strong>Jorge Rodr\u00edguez y Hugo Andrade<\/strong>.<\/p>\n\n\n\n<div style=\"height:30px\" aria-hidden=\"true\" class=\"wp-block-spacer\"><\/div>\n\n\n\n<figure class=\"wp-block-gallery has-nested-images columns-default is-cropped wp-block-gallery-2 is-layout-flex wp-block-gallery-is-layout-flex\">\n<figure class=\"wp-block-image size-full\"><a href=\"https:\/\/enolife.com.ar\/es\/wp-content\/uploads\/2024\/04\/f4p5verde.jpg_394502927.jpg\" data-rel=\"penci-gallery-image-content\" ><img loading=\"lazy\" decoding=\"async\" width=\"400\" height=\"556\" data-id=\"113561\" src=\"https:\/\/enolife.com.ar\/es\/wp-content\/uploads\/2024\/04\/f4p5verde.jpg_394502927.jpg\" alt=\"\" class=\"wp-image-113561\" srcset=\"https:\/\/enolife.com.ar\/es\/wp-content\/uploads\/2024\/04\/f4p5verde.jpg_394502927.jpg 400w, https:\/\/enolife.com.ar\/es\/wp-content\/uploads\/2024\/04\/f4p5verde.jpg_394502927-216x300.jpg 216w\" sizes=\"auto, (max-width: 400px) 100vw, 400px\" \/><\/a><figcaption class=\"wp-element-caption\"><em><strong>Tapa a\u00f1o 2008<\/strong><\/em><\/figcaption><\/figure>\n\n\n\n<figure class=\"wp-block-image size-full\"><a href=\"https:\/\/enolife.com.ar\/es\/wp-content\/uploads\/2024\/04\/f5p5verde.jpg_1376949617.jpg\" data-rel=\"penci-gallery-image-content\" ><img loading=\"lazy\" decoding=\"async\" width=\"400\" height=\"527\" data-id=\"113562\" src=\"https:\/\/enolife.com.ar\/es\/wp-content\/uploads\/2024\/04\/f5p5verde.jpg_1376949617.jpg\" alt=\"\" class=\"wp-image-113562\" srcset=\"https:\/\/enolife.com.ar\/es\/wp-content\/uploads\/2024\/04\/f5p5verde.jpg_1376949617.jpg 400w, https:\/\/enolife.com.ar\/es\/wp-content\/uploads\/2024\/04\/f5p5verde.jpg_1376949617-228x300.jpg 228w\" sizes=\"auto, (max-width: 400px) 100vw, 400px\" \/><\/a><figcaption class=\"wp-element-caption\"><em><strong>Tapa a\u00f1o 2010<\/strong><\/em><\/figcaption><\/figure>\n\n\n\n<figure class=\"wp-block-image size-full\"><a href=\"https:\/\/enolife.com.ar\/es\/wp-content\/uploads\/2024\/04\/f7p5verde.jpg_891888079.jpg\" data-rel=\"penci-gallery-image-content\" ><img loading=\"lazy\" decoding=\"async\" width=\"400\" height=\"498\" data-id=\"113564\" src=\"https:\/\/enolife.com.ar\/es\/wp-content\/uploads\/2024\/04\/f7p5verde.jpg_891888079.jpg\" alt=\"\" class=\"wp-image-113564\" srcset=\"https:\/\/enolife.com.ar\/es\/wp-content\/uploads\/2024\/04\/f7p5verde.jpg_891888079.jpg 400w, https:\/\/enolife.com.ar\/es\/wp-content\/uploads\/2024\/04\/f7p5verde.jpg_891888079-241x300.jpg 241w\" sizes=\"auto, (max-width: 400px) 100vw, 400px\" \/><\/a><figcaption class=\"wp-element-caption\"><em><strong>Tapa a\u00f1o 2013<\/strong><\/em><\/figcaption><\/figure>\n<\/figure>\n\n\n\n<div style=\"height:30px\" aria-hidden=\"true\" class=\"wp-block-spacer\"><\/div>\n\n\n\n<p>Por otra parte, sus periodistas viajaron a California y Holanda para relatar todo sobre el negocio de las semillas, tambi\u00e9n a Portugal, Espa\u00f1a, Inglaterra, Francia, Uruguay y Chile por notas sobre la industria de la uva.<\/p>\n\n\n\n<p>Las personalidades extranjeras entrevistadas fueron varias.&nbsp;Un hito destacado fue cuando trajo a San Juan al viticultor australiano<strong>&nbsp;Richard Smart&nbsp;<\/strong>que realiz\u00f3 visitas de campo y brindo importantes notas. Suplemento Verde tambi\u00e9n trajo a los espa\u00f1oles&nbsp;<strong>Mar\u00eda Isabel Mijares y Jos\u00e9 S\u00e1ez Illobre<\/strong>, acompa\u00f1ados por el prestigioso&nbsp;<strong>Ra\u00fal Castelani<\/strong>&nbsp;quienes realizaron la primera cata de vinos dirigida a en\u00f3logos, agr\u00f3nomos y bodegueros en la Universidad Cat\u00f3lica de Cuyo. Fue el puntapi\u00e9 para la realizaci\u00f3n posterior de la EVISAN, Evaluaci\u00f3n de Vinos de San Juan.<\/p>\n\n\n\n<p>Tuvo varios premios, uno de ellos, mundial: En 2014 el Congreso Internacional de Geograf\u00eda le otorg\u00f3 el premio al M\u00e9rito Geogr\u00e1fico, de parte de la Sociedad Argentina de Estudios Geogr\u00e1ficos.<\/p>\n\n\n\n<div style=\"height:28px\" aria-hidden=\"true\" class=\"wp-block-spacer\"><\/div>\n","protected":false},"excerpt":{"rendered":"<p>El Suplemento Verde, la publicaci\u00f3n semanal del Diario de Cuyo de San Juan, fue la&hellip;<\/p>\n","protected":false},"author":3,"featured_media":113549,"comment_status":"open","ping_status":"open","sticky":false,"template":"","format":"standard","meta":{"footnotes":""},"categories":[12],"tags":[],"class_list":["post-113475","post","type-post","status-publish","format-standard","has-post-thumbnail","hentry","category-opinion"],"_links":{"self":[{"href":"https:\/\/enolife.com.ar\/es\/wp-json\/wp\/v2\/posts\/113475","targetHints":{"allow":["GET"]}}],"collection":[{"href":"https:\/\/enolife.com.ar\/es\/wp-json\/wp\/v2\/posts"}],"about":[{"href":"https:\/\/enolife.com.ar\/es\/wp-json\/wp\/v2\/types\/post"}],"author":[{"embeddable":true,"href":"https:\/\/enolife.com.ar\/es\/wp-json\/wp\/v2\/users\/3"}],"replies":[{"embeddable":true,"href":"https:\/\/enolife.com.ar\/es\/wp-json\/wp\/v2\/comments?post=113475"}],"version-history":[{"count":0,"href":"https:\/\/enolife.com.ar\/es\/wp-json\/wp\/v2\/posts\/113475\/revisions"}],"wp:featuredmedia":[{"embeddable":true,"href":"https:\/\/enolife.com.ar\/es\/wp-json\/wp\/v2\/media\/113549"}],"wp:attachment":[{"href":"https:\/\/enolife.com.ar\/es\/wp-json\/wp\/v2\/media?parent=113475"}],"wp:term":[{"taxonomy":"category","embeddable":true,"href":"https:\/\/enolife.com.ar\/es\/wp-json\/wp\/v2\/categories?post=113475"},{"taxonomy":"post_tag","embeddable":true,"href":"https:\/\/enolife.com.ar\/es\/wp-json\/wp\/v2\/tags?post=113475"}],"curies":[{"name":"wp","href":"https:\/\/api.w.org\/{rel}","templated":true}]}}