{"id":113257,"date":"2024-04-05T00:56:17","date_gmt":"2024-04-05T00:56:17","guid":{"rendered":"https:\/\/enolife.com.ar\/es\/?p=113257"},"modified":"2024-04-07T15:57:12","modified_gmt":"2024-04-07T15:57:12","slug":"el-17-4-el-dia-del-malbec-argentino-se-celebra-en-todo-el-mundo-con-foco-en-la-sostenibilidad","status":"publish","type":"post","link":"https:\/\/enolife.com.ar\/es\/el-17-4-el-dia-del-malbec-argentino-se-celebra-en-todo-el-mundo-con-foco-en-la-sostenibilidad\/","title":{"rendered":"El 17\/4, el D\u00eda del Malbec Argentino se celebra en todo el mundo, con foco en la sostenibilidad"},"content":{"rendered":"\n<h4 class=\"wp-block-heading\"><em><strong>Wines of Argentina (WofA), instituci\u00f3n responsable de la promoci\u00f3n del Vino Argentino en los mercados mundiales, anunci\u00f3 el lanzamiento de una nueva edici\u00f3n del  D\u00eda Mundial del Malbec Argentino (Malbec World Day, MWD), la campa\u00f1a de la industria vitivin\u00edcola argentina de mayor alcance internacional, que este a\u00f1o celebra su 14\u00b0 edici\u00f3n con fuerte \u00e9nfasis en la sustentabilidad. <\/strong><\/em><\/h4>\n\n\n\n<div style=\"height:35px\" aria-hidden=\"true\" class=\"wp-block-spacer\"><\/div>\n\n\n<a href=\"https:\/\/grupoaltasur.com\/\" aria-label=\"1700-500px\"><img loading=\"lazy\" decoding=\"async\" src=\"https:\/\/enolife.com.ar\/es\/wp-content\/uploads\/2021\/01\/1700-500px.jpg\" alt=\"\"  srcset=\"https:\/\/enolife.com.ar\/es\/wp-content\/uploads\/2021\/01\/1700-500px.jpg 1700w, https:\/\/enolife.com.ar\/es\/wp-content\/uploads\/2021\/01\/1700-500px-300x88.jpg 300w, https:\/\/enolife.com.ar\/es\/wp-content\/uploads\/2021\/01\/1700-500px-1024x301.jpg 1024w, https:\/\/enolife.com.ar\/es\/wp-content\/uploads\/2021\/01\/1700-500px-768x226.jpg 768w, https:\/\/enolife.com.ar\/es\/wp-content\/uploads\/2021\/01\/1700-500px-1536x452.jpg 1536w, https:\/\/enolife.com.ar\/es\/wp-content\/uploads\/2021\/01\/1700-500px-1170x344.jpg 1170w, https:\/\/enolife.com.ar\/es\/wp-content\/uploads\/2021\/01\/1700-500px-585x172.jpg 585w\" sizes=\"auto, (max-width: 1700px) 100vw, 1700px\" width=\"1700\" height=\"500\"   \/><\/a>\n\n\n<div style=\"height:45px\" aria-hidden=\"true\" class=\"wp-block-spacer\"><\/div>\n\n\n\n<p>El <strong>D\u00eda Mundial del Malbec<\/strong> se orienta a reforzar el posicionamiento del Malbec como <strong>varietal insignia de Argentina<\/strong> en los mercados clave para la exportaci\u00f3n del producto nacional. Cada a\u00f1o se desarrollan m\u00faltiples eventos en las principales capitales del mundo en los que el Malbec Argentino es protagonista, desde degustaciones multitudinarias para consumidores, hasta&nbsp;<em>masterclasses&nbsp;<\/em>especializadas y&nbsp;<em>walk-around tastings<\/em>&nbsp;para representantes del&nbsp;<em>trade<\/em>, l\u00edderes de opini\u00f3n, prensa e influencers, acompa\u00f1ados de los platos m\u00e1s caracter\u00edsticos de la gastronom\u00eda nacional. Estas acciones se suman a una serie de activaciones online que involucran promociones con&nbsp;<em>retailers<\/em>&nbsp;en tiendas virtuales y campa\u00f1as de marketing para seguir conquistando paladares en el plano digital.<\/p>\n\n\n\n<div style=\"height:30px\" aria-hidden=\"true\" class=\"wp-block-spacer\"><\/div>\n\n\n<div class=\"wp-block-image\">\n<figure class=\"aligncenter size-large is-resized\"><a href=\"https:\/\/enolife.com.ar\/es\/wp-content\/uploads\/2024\/04\/Foto-Campana-Malbec-World-Day.jpg\" data-rel=\"penci-gallery-image-content\" ><img loading=\"lazy\" decoding=\"async\" src=\"https:\/\/enolife.com.ar\/es\/wp-content\/uploads\/2024\/04\/Foto-Campana-Malbec-World-Day-1024x576.jpg\" alt=\"\" class=\"wp-image-113260\" width=\"662\" height=\"372\" srcset=\"https:\/\/enolife.com.ar\/es\/wp-content\/uploads\/2024\/04\/Foto-Campana-Malbec-World-Day-1024x576.jpg 1024w, https:\/\/enolife.com.ar\/es\/wp-content\/uploads\/2024\/04\/Foto-Campana-Malbec-World-Day-300x169.jpg 300w, https:\/\/enolife.com.ar\/es\/wp-content\/uploads\/2024\/04\/Foto-Campana-Malbec-World-Day-768x432.jpg 768w, https:\/\/enolife.com.ar\/es\/wp-content\/uploads\/2024\/04\/Foto-Campana-Malbec-World-Day-1536x864.jpg 1536w, https:\/\/enolife.com.ar\/es\/wp-content\/uploads\/2024\/04\/Foto-Campana-Malbec-World-Day-1170x658.jpg 1170w, https:\/\/enolife.com.ar\/es\/wp-content\/uploads\/2024\/04\/Foto-Campana-Malbec-World-Day-585x329.jpg 585w, https:\/\/enolife.com.ar\/es\/wp-content\/uploads\/2024\/04\/Foto-Campana-Malbec-World-Day.jpg 1920w\" sizes=\"auto, (max-width: 662px) 100vw, 662px\" \/><\/a><\/figure><\/div>\n\n\n<div style=\"height:30px\" aria-hidden=\"true\" class=\"wp-block-spacer\"><\/div>\n\n\n\n<p>El concepto de este a\u00f1o se encuentra en l\u00ednea con la sostenibilidad, que constituye uno de los pilares de la estrategia de comunicaci\u00f3n de WofA. <strong>El lema Malbec Argentino&nbsp;<em>\u201cBetter for the world\u201d<\/em>&nbsp;<em>(mejor para el mundo)<\/em>,<\/strong> condensa el esp\u00edritu de la industria hacia una vitivinicultura m\u00e1s sostenible, m\u00e1s conciente de la necesidad de preservar el entorno, generar un impacto positivo en el medio ambiente, en las sociedades y las econom\u00edas. Ahora que la expresi\u00f3n y consistencia del Malbec es sostenida, la mirada de la industria est\u00e1 puesta hacia el futuro, haciendo su aporte por un mundo mejor.<br><br>Productores argentinos son cada vez m\u00e1s concientes de los contextos, del dinamismo de los cambios y del valor y cuidado que ponen los consumidores a la hora de elegir algo que no es s\u00f3lo una botella, sino toda una decisi\u00f3n con implicancias sobre el bienestar, la salud y el medio ambiente. Son muchas las bodegas de Argentina que ya vienen tomando acci\u00f3n en ese sentido a trav\u00e9s de la reducci\u00f3n de huella h\u00eddrica, pol\u00edticas de carbono neutral, mejor gesti\u00f3n de residuos y de la energ\u00eda, econom\u00eda circular, reducci\u00f3n en el peso de las botellas, y todo a trav\u00e9s del Malbec como motor de las transformaciones.<\/p>\n\n\n\n<p><strong>Creado por WofA, el festejo del Malbec World Day se inici\u00f3 el 17 de abril del 2011<\/strong> y logr\u00f3 posicionarse como un hito hist\u00f3rico que marc\u00f3 un punto de inflexi\u00f3n en la promoci\u00f3n del&nbsp;Vino Argentino&nbsp;en el mundo y forma parte del calendario de eventos internacionales. <\/p>\n\n\n\n<p>El \u00e9xito alcanzado por el MWD llev\u00f3 a que esta experiencia se replique tambi\u00e9n puertas adentro de Argentina, con celebraciones en distintos puntos del territorio nacional. Esta campa\u00f1a cuenta con el apoyo del Ministerio de Relaciones Exteriores, Comercio Internacional y Culto de la Naci\u00f3n, la Corporaci\u00f3n Vitivin\u00edcola Argentina (Coviar) en el marco del Plan Estrat\u00e9gico Vitivin\u00edcola (PEVI) 2030 y el auspicio del Banco ICBC para su lanzamiento en Buenos Aires el pr\u00f3ximo 17 de abril.<\/p>\n\n\n\n<p class=\"has-medium-font-size\"><br><strong>Festejos en el mundo<\/strong><\/p>\n\n\n\n<p>El cronograma de acciones delineado por Wines of Argentina contempla m\u00e1s de <strong>20 eventos oficiales en los principales destinos de exportaci\u00f3n para el Vino Argentino: Estados Unidos, Reino Unido, Canad\u00e1, Brasil, China y otros mercados asi\u00e1ticos y europeos.<\/strong> <\/p>\n\n\n\n<p>La agenda de actividades pondr\u00e1 el acento en el desarrollo de instancias educativas -tanto presenciales como a trav\u00e9s de los canales online- con seminarios y <em>masterclasses<\/em> de Malbec; degustaciones que permitan mostrar la amplia gama de estilos y perfiles de la variedad; promociones online y en tiendas junto a cadenas de retailers, as\u00ed como acciones con prensa, medios especializados e influencers.<\/p>\n\n\n\n<div style=\"height:15px\" aria-hidden=\"true\" class=\"wp-block-spacer\"><\/div>\n\n\n\n<p class=\"has-background\" style=\"background-color:#abb7c247\">Los festejos por el Malbec World Day pueden seguirse en canales digitales mediante los hashtags <strong>#MalbecArgentino <\/strong>y <strong>#MalbecWorldDay<\/strong>. M\u00e1s informaci\u00f3n en el sitio <strong><a href=\"https:\/\/malbecworldday.com\/\">https:\/\/malbecworldday.com\/<\/a>.<\/strong><\/p>\n\n\n\n<div style=\"height:30px\" aria-hidden=\"true\" class=\"wp-block-spacer\"><\/div>\n","protected":false},"excerpt":{"rendered":"<p>Wines of Argentina (WofA), instituci\u00f3n responsable de la promoci\u00f3n del Vino Argentino en los mercados&hellip;<\/p>\n","protected":false},"author":3,"featured_media":113265,"comment_status":"open","ping_status":"open","sticky":false,"template":"","format":"standard","meta":{"footnotes":""},"categories":[14],"tags":[],"class_list":["post-113257","post","type-post","status-publish","format-standard","has-post-thumbnail","hentry","category-news"],"_links":{"self":[{"href":"https:\/\/enolife.com.ar\/es\/wp-json\/wp\/v2\/posts\/113257","targetHints":{"allow":["GET"]}}],"collection":[{"href":"https:\/\/enolife.com.ar\/es\/wp-json\/wp\/v2\/posts"}],"about":[{"href":"https:\/\/enolife.com.ar\/es\/wp-json\/wp\/v2\/types\/post"}],"author":[{"embeddable":true,"href":"https:\/\/enolife.com.ar\/es\/wp-json\/wp\/v2\/users\/3"}],"replies":[{"embeddable":true,"href":"https:\/\/enolife.com.ar\/es\/wp-json\/wp\/v2\/comments?post=113257"}],"version-history":[{"count":0,"href":"https:\/\/enolife.com.ar\/es\/wp-json\/wp\/v2\/posts\/113257\/revisions"}],"wp:featuredmedia":[{"embeddable":true,"href":"https:\/\/enolife.com.ar\/es\/wp-json\/wp\/v2\/media\/113265"}],"wp:attachment":[{"href":"https:\/\/enolife.com.ar\/es\/wp-json\/wp\/v2\/media?parent=113257"}],"wp:term":[{"taxonomy":"category","embeddable":true,"href":"https:\/\/enolife.com.ar\/es\/wp-json\/wp\/v2\/categories?post=113257"},{"taxonomy":"post_tag","embeddable":true,"href":"https:\/\/enolife.com.ar\/es\/wp-json\/wp\/v2\/tags?post=113257"}],"curies":[{"name":"wp","href":"https:\/\/api.w.org\/{rel}","templated":true}]}}