{"id":113222,"date":"2024-04-04T00:45:46","date_gmt":"2024-04-04T00:45:46","guid":{"rendered":"https:\/\/enolife.com.ar\/es\/?p=113222"},"modified":"2024-04-05T00:31:54","modified_gmt":"2024-04-05T00:31:54","slug":"musica-clasica-por-los-caminos-del-vino-convoco-a-21-000-espectadores-y-335-interpretes","status":"publish","type":"post","link":"https:\/\/enolife.com.ar\/es\/musica-clasica-por-los-caminos-del-vino-convoco-a-21-000-espectadores-y-335-interpretes\/","title":{"rendered":"M\u00fasica Cl\u00e1sica por los Caminos del Vino convoc\u00f3 a 21.000 espectadores y 335 int\u00e9rpretes"},"content":{"rendered":"\n<h4 class=\"wp-block-heading\"><em><strong>En su edici\u00f3n n\u00famero 23, un hito en la historia del Festival porque por primera vez se ampli\u00f3 con conciertos en San Juan y San Luis, M\u00fasica Cl\u00e1sica por los Caminos del Vino se despleg\u00f3 en 65 locaciones entre bodegas y sitios patrimoniales. En esta s\u00edntesis, los n\u00fameros que demuestran el creciente inter\u00e9s de mendocinos y turistas. <\/strong><\/em><\/h4>\n\n\n\n<div style=\"height:35px\" aria-hidden=\"true\" class=\"wp-block-spacer\"><\/div>\n\n\n<a href=\"https:\/\/jmzeballos.com\/\" aria-label=\"PUBLICIDAD ENOLIFE 2023_\u00c1NFORAS 1700 x 500\"><img loading=\"lazy\" decoding=\"async\" src=\"https:\/\/enolife.com.ar\/es\/wp-content\/uploads\/2020\/12\/PUBLICIDAD-ENOLIFE-2023_ANFORAS-1700-x-500.jpg\" alt=\"\"  srcset=\"https:\/\/enolife.com.ar\/es\/wp-content\/uploads\/2020\/12\/PUBLICIDAD-ENOLIFE-2023_ANFORAS-1700-x-500.jpg 1700w, https:\/\/enolife.com.ar\/es\/wp-content\/uploads\/2020\/12\/PUBLICIDAD-ENOLIFE-2023_ANFORAS-1700-x-500-300x88.jpg 300w, https:\/\/enolife.com.ar\/es\/wp-content\/uploads\/2020\/12\/PUBLICIDAD-ENOLIFE-2023_ANFORAS-1700-x-500-1024x301.jpg 1024w, https:\/\/enolife.com.ar\/es\/wp-content\/uploads\/2020\/12\/PUBLICIDAD-ENOLIFE-2023_ANFORAS-1700-x-500-768x226.jpg 768w, https:\/\/enolife.com.ar\/es\/wp-content\/uploads\/2020\/12\/PUBLICIDAD-ENOLIFE-2023_ANFORAS-1700-x-500-1536x452.jpg 1536w, https:\/\/enolife.com.ar\/es\/wp-content\/uploads\/2020\/12\/PUBLICIDAD-ENOLIFE-2023_ANFORAS-1700-x-500-1170x344.jpg 1170w, https:\/\/enolife.com.ar\/es\/wp-content\/uploads\/2020\/12\/PUBLICIDAD-ENOLIFE-2023_ANFORAS-1700-x-500-585x172.jpg 585w\" sizes=\"auto, (max-width: 1700px) 100vw, 1700px\" width=\"1700\" height=\"500\"   \/><\/a>\n\n\n<div style=\"height:45px\" aria-hidden=\"true\" class=\"wp-block-spacer\"><\/div>\n\n\n\n<p>Acaba de finalizar la <strong>edici\u00f3n n\u00famero 23&nbsp;del Festival&nbsp;M\u00fasica Cl\u00e1sica por los Caminos del Vino,<\/strong> un programa cultural y tur\u00edstico que ha logrado mantenerse y trascender a trav\u00e9s de los distintos gobiernos de la provincia, y que posiciona a Mendoza como uno de los lugares m\u00e1s elegidos como destino tur\u00edstico en la \u00e9poca de Semana Santa. <\/p>\n\n\n\n<div style=\"height:30px\" aria-hidden=\"true\" class=\"wp-block-spacer\"><\/div>\n\n\n\n<figure class=\"wp-block-gallery has-nested-images columns-default is-cropped wp-block-gallery-1 is-layout-flex wp-block-gallery-is-layout-flex\">\n<figure class=\"wp-block-image size-full\"><a href=\"https:\/\/enolife.com.ar\/es\/wp-content\/uploads\/2024\/04\/DSC_2028-700x467-1.jpg\" data-rel=\"penci-gallery-image-content\" ><img loading=\"lazy\" decoding=\"async\" width=\"700\" height=\"467\" data-id=\"113233\" src=\"https:\/\/enolife.com.ar\/es\/wp-content\/uploads\/2024\/04\/DSC_2028-700x467-1.jpg\" alt=\"\" class=\"wp-image-113233\" srcset=\"https:\/\/enolife.com.ar\/es\/wp-content\/uploads\/2024\/04\/DSC_2028-700x467-1.jpg 700w, https:\/\/enolife.com.ar\/es\/wp-content\/uploads\/2024\/04\/DSC_2028-700x467-1-300x200.jpg 300w, https:\/\/enolife.com.ar\/es\/wp-content\/uploads\/2024\/04\/DSC_2028-700x467-1-585x390.jpg 585w\" sizes=\"auto, (max-width: 700px) 100vw, 700px\" \/><\/a><\/figure>\n\n\n\n<figure class=\"wp-block-image size-full\"><a href=\"https:\/\/enolife.com.ar\/es\/wp-content\/uploads\/2024\/04\/GJuruKBW8AA_Rgm.jpg\" data-rel=\"penci-gallery-image-content\" ><img loading=\"lazy\" decoding=\"async\" width=\"781\" height=\"500\" data-id=\"113234\" src=\"https:\/\/enolife.com.ar\/es\/wp-content\/uploads\/2024\/04\/GJuruKBW8AA_Rgm.jpg\" alt=\"\" class=\"wp-image-113234\" srcset=\"https:\/\/enolife.com.ar\/es\/wp-content\/uploads\/2024\/04\/GJuruKBW8AA_Rgm.jpg 781w, https:\/\/enolife.com.ar\/es\/wp-content\/uploads\/2024\/04\/GJuruKBW8AA_Rgm-300x192.jpg 300w, https:\/\/enolife.com.ar\/es\/wp-content\/uploads\/2024\/04\/GJuruKBW8AA_Rgm-768x492.jpg 768w, https:\/\/enolife.com.ar\/es\/wp-content\/uploads\/2024\/04\/GJuruKBW8AA_Rgm-585x375.jpg 585w\" sizes=\"auto, (max-width: 781px) 100vw, 781px\" \/><\/a><\/figure>\n<\/figure>\n\n\n\n<div style=\"height:30px\" aria-hidden=\"true\" class=\"wp-block-spacer\"><\/div>\n\n\n\n<p>Mendocinos y turistas han podido conocer artistas vinculados con el mundo de la m\u00fasica cl\u00e1sica y disfrutarlos en marcos arquitect\u00f3nicos y paisajes de excepci\u00f3n. Como valor agregado, se puede visitar bodegas, espacios culturales, escuelas, iglesias y sitios patrimoniales donde se llevan a cabo los recitales.<\/p>\n\n\n\n<div style=\"height:30px\" aria-hidden=\"true\" class=\"wp-block-spacer\"><\/div>\n\n\n\n<figure class=\"wp-block-gallery has-nested-images columns-default is-cropped wp-block-gallery-2 is-layout-flex wp-block-gallery-is-layout-flex\">\n<figure class=\"wp-block-image size-full\"><a href=\"https:\/\/enolife.com.ar\/es\/wp-content\/uploads\/2024\/04\/DSC_1845.jpg\" data-rel=\"penci-gallery-image-content\" ><img loading=\"lazy\" decoding=\"async\" width=\"750\" height=\"500\" data-id=\"113230\" src=\"https:\/\/enolife.com.ar\/es\/wp-content\/uploads\/2024\/04\/DSC_1845.jpg\" alt=\"\" class=\"wp-image-113230\" srcset=\"https:\/\/enolife.com.ar\/es\/wp-content\/uploads\/2024\/04\/DSC_1845.jpg 750w, https:\/\/enolife.com.ar\/es\/wp-content\/uploads\/2024\/04\/DSC_1845-300x200.jpg 300w, https:\/\/enolife.com.ar\/es\/wp-content\/uploads\/2024\/04\/DSC_1845-585x390.jpg 585w\" sizes=\"auto, (max-width: 750px) 100vw, 750px\" \/><\/a><\/figure>\n\n\n\n<figure class=\"wp-block-image size-full\"><a href=\"https:\/\/enolife.com.ar\/es\/wp-content\/uploads\/2024\/04\/junin.jpg\" data-rel=\"penci-gallery-image-content\" ><img loading=\"lazy\" decoding=\"async\" width=\"653\" height=\"453\" data-id=\"113231\" src=\"https:\/\/enolife.com.ar\/es\/wp-content\/uploads\/2024\/04\/junin.jpg\" alt=\"\" class=\"wp-image-113231\" srcset=\"https:\/\/enolife.com.ar\/es\/wp-content\/uploads\/2024\/04\/junin.jpg 653w, https:\/\/enolife.com.ar\/es\/wp-content\/uploads\/2024\/04\/junin-300x208.jpg 300w, https:\/\/enolife.com.ar\/es\/wp-content\/uploads\/2024\/04\/junin-585x406.jpg 585w\" sizes=\"auto, (max-width: 653px) 100vw, 653px\" \/><\/a><\/figure>\n<\/figure>\n\n\n\n<div style=\"height:30px\" aria-hidden=\"true\" class=\"wp-block-spacer\"><\/div>\n\n\n\n<p>Esta edici\u00f3n, se volvi\u00f3 al <strong>car\u00e1cter solidario original del Festival<\/strong>, con entradas a cambio de alimentos en beneficio de la <strong>Fundaci\u00f3n del Banco de Alimentos Mendoza<\/strong>. Y se le imprimi\u00f3 sentido federal, tanto al abarcar todos los municipios de la provincia como, por primera vez, locaciones en San Luis y San Juan. <\/p>\n\n\n\n<div style=\"height:30px\" aria-hidden=\"true\" class=\"wp-block-spacer\"><\/div>\n\n\n\n<figure class=\"wp-block-gallery has-nested-images columns-default is-cropped wp-block-gallery-3 is-layout-flex wp-block-gallery-is-layout-flex\">\n<figure class=\"wp-block-image size-full\"><a href=\"https:\/\/enolife.com.ar\/es\/wp-content\/uploads\/2024\/04\/DSC_3712-700x467-1.jpg\" data-rel=\"penci-gallery-image-content\" ><img loading=\"lazy\" decoding=\"async\" width=\"700\" height=\"467\" data-id=\"113236\" src=\"https:\/\/enolife.com.ar\/es\/wp-content\/uploads\/2024\/04\/DSC_3712-700x467-1.jpg\" alt=\"\" class=\"wp-image-113236\" srcset=\"https:\/\/enolife.com.ar\/es\/wp-content\/uploads\/2024\/04\/DSC_3712-700x467-1.jpg 700w, https:\/\/enolife.com.ar\/es\/wp-content\/uploads\/2024\/04\/DSC_3712-700x467-1-300x200.jpg 300w, https:\/\/enolife.com.ar\/es\/wp-content\/uploads\/2024\/04\/DSC_3712-700x467-1-585x390.jpg 585w\" sizes=\"auto, (max-width: 700px) 100vw, 700px\" \/><\/a><\/figure>\n\n\n\n<figure class=\"wp-block-image size-full\"><a href=\"https:\/\/enolife.com.ar\/es\/wp-content\/uploads\/2024\/04\/f768x511-1573788_1629870_5050.jpg\" data-rel=\"penci-gallery-image-content\" ><img loading=\"lazy\" decoding=\"async\" width=\"737\" height=\"457\" data-id=\"113237\" src=\"https:\/\/enolife.com.ar\/es\/wp-content\/uploads\/2024\/04\/f768x511-1573788_1629870_5050.jpg\" alt=\"\" class=\"wp-image-113237\" srcset=\"https:\/\/enolife.com.ar\/es\/wp-content\/uploads\/2024\/04\/f768x511-1573788_1629870_5050.jpg 737w, https:\/\/enolife.com.ar\/es\/wp-content\/uploads\/2024\/04\/f768x511-1573788_1629870_5050-300x186.jpg 300w, https:\/\/enolife.com.ar\/es\/wp-content\/uploads\/2024\/04\/f768x511-1573788_1629870_5050-585x363.jpg 585w\" sizes=\"auto, (max-width: 737px) 100vw, 737px\" \/><\/a><\/figure>\n<\/figure>\n\n\n\n<div style=\"height:30px\" aria-hidden=\"true\" class=\"wp-block-spacer\"><\/div>\n\n\n\n<p class=\"has-background\" style=\"background-color:#abb7c233\"><strong>Los n\u00fameros del festival<\/strong><br><br>-20.715 asistentes totales<br>-233 asistentes promedio por concierto<br>-65 conciertos de m\u00fasica cl\u00e1sica<br>-21 conciertos con aforo agotado<br>-45 conciertos de canje solidario<br>-20 conciertos de aforo libre<br>-335 m\u00fasicos entre cantantes e instrumentistas participantes<br>-27 bodegas participantes<br>-38 sitios culturales o patrimoniales participantes<br>-10 personas voluntarias del Banco de Alimentos en el canje de entradas<br>-20 personas en el equipo de producci\u00f3n del festival<br>&#8211; Los mayores aforos agotados fueron el Teatro Independencia y el Espacio Arizu, con 600 localidades cada uno.<\/p>\n\n\n\n<div style=\"height:18px\" aria-hidden=\"true\" class=\"wp-block-spacer\"><\/div>\n\n\n\n<p class=\"has-medium-font-size\"><strong>En todo Cuyo<\/strong><\/p>\n\n\n\n<p>Por primera vez, las provincias de San Juan y San Luis se sumaron al evento.&nbsp;El&nbsp;domingo 1, la m\u00fasica cl\u00e1sica&nbsp;son\u00f3&nbsp;en <strong>La Casa del Poeta Antonio Esteban Ag\u00fcero, en Merlo, San Luis<\/strong>, y el lunes pas\u00f3&nbsp;lo mismo en la c\u00e9lebre <strong>Bodega Graffigna de San Juan.<\/strong>&nbsp;En San Luis, toc\u00f3 el Tr\u00edo Agitato, mientras que los sanjuaninos disfrutaron de Violetta Club. Ambos conciertos se llevaron a cabo con entradas agotadas.<\/p>\n\n\n\n<p>M\u00fasica Cl\u00e1sica por los Caminos del Vino constituye un evento \u00fanico en el mundo, ya que propone conciertos de excelencia en sitios espectaculares y permite disfrutar del arte junto al vino que se ofrece en todas las locaciones.<\/p>\n\n\n\n<div style=\"height:30px\" aria-hidden=\"true\" class=\"wp-block-spacer\"><\/div>\n","protected":false},"excerpt":{"rendered":"<p>En su edici\u00f3n n\u00famero 23, un hito en la historia del Festival porque por primera&hellip;<\/p>\n","protected":false},"author":3,"featured_media":113229,"comment_status":"open","ping_status":"open","sticky":false,"template":"","format":"standard","meta":{"footnotes":""},"categories":[11],"tags":[],"class_list":["post-113222","post","type-post","status-publish","format-standard","has-post-thumbnail","hentry","category-enoturismo"],"_links":{"self":[{"href":"https:\/\/enolife.com.ar\/es\/wp-json\/wp\/v2\/posts\/113222","targetHints":{"allow":["GET"]}}],"collection":[{"href":"https:\/\/enolife.com.ar\/es\/wp-json\/wp\/v2\/posts"}],"about":[{"href":"https:\/\/enolife.com.ar\/es\/wp-json\/wp\/v2\/types\/post"}],"author":[{"embeddable":true,"href":"https:\/\/enolife.com.ar\/es\/wp-json\/wp\/v2\/users\/3"}],"replies":[{"embeddable":true,"href":"https:\/\/enolife.com.ar\/es\/wp-json\/wp\/v2\/comments?post=113222"}],"version-history":[{"count":0,"href":"https:\/\/enolife.com.ar\/es\/wp-json\/wp\/v2\/posts\/113222\/revisions"}],"wp:featuredmedia":[{"embeddable":true,"href":"https:\/\/enolife.com.ar\/es\/wp-json\/wp\/v2\/media\/113229"}],"wp:attachment":[{"href":"https:\/\/enolife.com.ar\/es\/wp-json\/wp\/v2\/media?parent=113222"}],"wp:term":[{"taxonomy":"category","embeddable":true,"href":"https:\/\/enolife.com.ar\/es\/wp-json\/wp\/v2\/categories?post=113222"},{"taxonomy":"post_tag","embeddable":true,"href":"https:\/\/enolife.com.ar\/es\/wp-json\/wp\/v2\/tags?post=113222"}],"curies":[{"name":"wp","href":"https:\/\/api.w.org\/{rel}","templated":true}]}}