{"id":113127,"date":"2024-04-01T15:24:08","date_gmt":"2024-04-01T15:24:08","guid":{"rendered":"https:\/\/enolife.com.ar\/es\/?p=113127"},"modified":"2024-04-02T11:22:11","modified_gmt":"2024-04-02T11:22:11","slug":"hasta-el-30-4-exponen-los-maestros-murillo-groselj-bajda-y-luco-en-la-cava-de-arte-de-santa-julia","status":"publish","type":"post","link":"https:\/\/enolife.com.ar\/es\/hasta-el-30-4-exponen-los-maestros-murillo-groselj-bajda-y-luco-en-la-cava-de-arte-de-santa-julia\/","title":{"rendered":"Hasta el 30\/4 exponen los maestros Murillo, Groselj, Bajda y Luco en la Cava de Arte de Santa Julia"},"content":{"rendered":"\n<h4 class=\"wp-block-heading\"><em><strong>Las pinturas de 4 destacados artistas pl\u00e1sticos de Mendoza siguen en exposici\u00f3n en la Cava de Arte de la Bodega Santa Julia de Maip\u00fa hasta el \u00faltimo d\u00eda de abril. Es una buena oportunidad para conocer la obra m\u00e1s reciente de estos maestros, acompa\u00f1ar el recorrido con un vino de la casa e incluso adquirir los trabajos, comunic\u00e1ndose con sus autores. En la foto principal, de izquierda a derecha, Olga Groselj, Francisco Luco, Julia Zuccardi, Pupi Ag\u00fcero, Lenka Bajda y Egar Murillo.<\/strong><\/em><\/h4>\n\n\n\n<div style=\"height:35px\" aria-hidden=\"true\" class=\"wp-block-spacer\"><\/div>\n\n\n<a href=\"https:\/\/grupoaltasur.com\/\" aria-label=\"1700-500px\"><img loading=\"lazy\" decoding=\"async\" src=\"https:\/\/enolife.com.ar\/es\/wp-content\/uploads\/2021\/01\/1700-500px.jpg\" alt=\"\"  srcset=\"https:\/\/enolife.com.ar\/es\/wp-content\/uploads\/2021\/01\/1700-500px.jpg 1700w, https:\/\/enolife.com.ar\/es\/wp-content\/uploads\/2021\/01\/1700-500px-300x88.jpg 300w, https:\/\/enolife.com.ar\/es\/wp-content\/uploads\/2021\/01\/1700-500px-1024x301.jpg 1024w, https:\/\/enolife.com.ar\/es\/wp-content\/uploads\/2021\/01\/1700-500px-768x226.jpg 768w, https:\/\/enolife.com.ar\/es\/wp-content\/uploads\/2021\/01\/1700-500px-1536x452.jpg 1536w, https:\/\/enolife.com.ar\/es\/wp-content\/uploads\/2021\/01\/1700-500px-1170x344.jpg 1170w, https:\/\/enolife.com.ar\/es\/wp-content\/uploads\/2021\/01\/1700-500px-585x172.jpg 585w\" sizes=\"auto, (max-width: 1700px) 100vw, 1700px\" width=\"1700\" height=\"500\"   \/><\/a>\n\n\n<div style=\"height:45px\" aria-hidden=\"true\" class=\"wp-block-spacer\"><\/div>\n\n\n\n<p>La muestra se encuentra habilitada en la <strong>Cava de Arte de Bodega Santa Julia hasta el 30 de abril.<\/strong> Se puede visitar todos los d\u00edas de 9 a 17 con entrada libre y gratuita. La Cava se ubica en la misma bodega, sobre Ruta Provincial 33 km 7,5, Fray Luis Beltr\u00e1n, Maip\u00fa, Mendoza.<\/p>\n\n\n\n<p>Esta cava de arte, a lo largo de 18 a\u00f1os, ha promovido el reconocimiento de artistas de distintas generaciones y de los grandes maestros sin dejar de lado a los nuevos y j\u00f3venes talentos. Desde su fundaci\u00f3n, su creadora <strong>Emma Zuccardi<\/strong>, tuvo como objetivo acercar el arte local a todas y todos los mendocinos como as\u00ed tambi\u00e9n a los turistas que nos visitan.<\/p>\n\n\n\n<div style=\"height:30px\" aria-hidden=\"true\" class=\"wp-block-spacer\"><\/div>\n\n\n<div class=\"wp-block-image\">\n<figure class=\"aligncenter size-full is-resized\"><a href=\"https:\/\/enolife.com.ar\/es\/wp-content\/uploads\/2024\/04\/Imagen6-1.jpg\" data-rel=\"penci-gallery-image-content\" ><img loading=\"lazy\" decoding=\"async\" src=\"https:\/\/enolife.com.ar\/es\/wp-content\/uploads\/2024\/04\/Imagen6-1.jpg\" alt=\"\" class=\"wp-image-113138\" width=\"580\" height=\"442\" srcset=\"https:\/\/enolife.com.ar\/es\/wp-content\/uploads\/2024\/04\/Imagen6-1.jpg 656w, https:\/\/enolife.com.ar\/es\/wp-content\/uploads\/2024\/04\/Imagen6-1-300x229.jpg 300w, https:\/\/enolife.com.ar\/es\/wp-content\/uploads\/2024\/04\/Imagen6-1-585x446.jpg 585w\" sizes=\"auto, (max-width: 580px) 100vw, 580px\" \/><\/a><figcaption class=\"wp-element-caption\"><em><strong>En la inauguraci\u00f3n, Lenka Bajda, Egar Murillo, Francisco Luco, Lenka Bajda, la anfitriona Julia Zuccardi y la curadora Pupi Ag\u00fcero.<\/strong><\/em><\/figcaption><\/figure><\/div>\n\n\n<div style=\"height:30px\" aria-hidden=\"true\" class=\"wp-block-spacer\"><\/div>\n\n\n\n<p>Teniendo en cuenta el importante movimiento de artistas visuales con que cuenta la provincia, a trav\u00e9s de las peri\u00f3dicas muestras que brinda la bodega se apunta a apoyar, difundir y promocionar las producciones locales.<\/p>\n\n\n\n<p>Esta nueva exposici\u00f3n, por su envergadura, se ha convertido en un valioso aporte para descubrir parte de la escena del movimiento del arte actual mendocino .<\/p>\n\n\n\n<p><strong>OLGA GROSELJ:<\/strong> Se form\u00f3 con grandes maestros. Entre ellos con Carlos Ercoli y Egar Murillo. Tambi\u00e9n curs\u00f3 con al Artista Visual David Bernal. Ha participado en numerosos muestra colectivas en General Alvear, Luj\u00e1n. Instituto Nacional de Vitivinicultura, Honorable Legislatura de la provincia. <\/p>\n\n\n\n<div style=\"height:15px\" aria-hidden=\"true\" class=\"wp-block-spacer\"><\/div>\n\n\n<div class=\"wp-block-image\">\n<figure class=\"aligncenter size-full is-resized\"><a href=\"https:\/\/enolife.com.ar\/es\/wp-content\/uploads\/2024\/04\/Imagen4.jpg\" data-rel=\"penci-gallery-image-content\" ><img loading=\"lazy\" decoding=\"async\" src=\"https:\/\/enolife.com.ar\/es\/wp-content\/uploads\/2024\/04\/Imagen4.jpg\" alt=\"\" class=\"wp-image-113141\" width=\"469\" height=\"476\" srcset=\"https:\/\/enolife.com.ar\/es\/wp-content\/uploads\/2024\/04\/Imagen4.jpg 493w, https:\/\/enolife.com.ar\/es\/wp-content\/uploads\/2024\/04\/Imagen4-296x300.jpg 296w\" sizes=\"auto, (max-width: 469px) 100vw, 469px\" \/><\/a><\/figure><\/div>\n\n\n<div style=\"height:36px\" aria-hidden=\"true\" class=\"wp-block-spacer\"><\/div>\n\n\n\n<p>Obtuvo varias distinciones en diversas cert\u00e1menes y salones. Menci\u00f3n Especial en el 38\u00b0 Sal\u00f3n de Pintura del Consejo Profesional de Ciencias Econ\u00f3micas de Mendoza. Menci\u00f3n en la Tercer Bienal de Arte Atuel \u2013 Municipalidad de Gral. Alvear. Menci\u00f3n especial en el Concurso de la Municipalidad de Luj\u00e1n de Cuyo \u2013 Mendoza &#8211; \u201cLuj\u00e1n es oto\u00f1o. Primer Premio Concurso \u201cJuan Scalco\u201d de la Sociedad de Artistas Pl\u00e1sticos de Mendoza (SPAM): Menci\u00f3n Especial en el 39\u00b0 Sal\u00f3n de Pintura del Consejo Profesional de Ciencias Econ\u00f3micas de Mendoza.<\/p>\n\n\n\n<div style=\"height:30px\" aria-hidden=\"true\" class=\"wp-block-spacer\"><\/div>\n\n\n\n<p><strong>LENKA BAJDA:<\/strong> Realiz\u00f3 estudios en la Escuela Provincial de Bellas Artes y en la Facultad de Artes Visuales de la UNC. en Mendoza. Tom\u00f3 clases con el Maestro Alfredo Ceverino 2018\/2021. Participa y ha participado en diferentes Exposiciones y Concursos. Trabaj\u00f3 como docente en diferentes Escuelas de la provincia de Mendoza y de Neuqu\u00e9n. Actualmente vive y trabaja en su taller en la Ciudad de Mendoza. Dicta Clases de Dibujo y Pintura. <\/p>\n\n\n\n<div style=\"height:16px\" aria-hidden=\"true\" class=\"wp-block-spacer\"><\/div>\n\n\n<div class=\"wp-block-image\">\n<figure class=\"aligncenter size-full is-resized\"><a href=\"https:\/\/enolife.com.ar\/es\/wp-content\/uploads\/2024\/04\/Imagen3.jpg\" data-rel=\"penci-gallery-image-content\" ><img loading=\"lazy\" decoding=\"async\" src=\"https:\/\/enolife.com.ar\/es\/wp-content\/uploads\/2024\/04\/Imagen3.jpg\" alt=\"\" class=\"wp-image-113143\" width=\"464\" height=\"466\" srcset=\"https:\/\/enolife.com.ar\/es\/wp-content\/uploads\/2024\/04\/Imagen3.jpg 498w, https:\/\/enolife.com.ar\/es\/wp-content\/uploads\/2024\/04\/Imagen3-300x300.jpg 300w, https:\/\/enolife.com.ar\/es\/wp-content\/uploads\/2024\/04\/Imagen3-150x150.jpg 150w\" sizes=\"auto, (max-width: 464px) 100vw, 464px\" \/><\/a><\/figure><\/div>\n\n\n<div style=\"height:42px\" aria-hidden=\"true\" class=\"wp-block-spacer\"><\/div>\n\n\n\n<p>Exposiciones:<\/p>\n\n\n\n<ul class=\"wp-block-list\">\n<li>2020- Muestra colectiva Virtual \u201cQui\u00e9n soy, hacia d\u00f3nde voy\u201d Casa Palmera Galer\u00eda. <\/li>\n\n\n\n<li>2021- Seleccionada en Sal\u00f3n Vendimia. Muestra colectiva en el ECA &#8211; Muestra individual en Centro Cultural Pascual Lauriente.<\/li>\n\n\n\n<li>2022- Seleccionada en Convocatoria de Artistas Visuales Mendoza Contempor\u00e1nea &#8211; Muestra ECA espacio Eliana Molinelli &#8211; Muestra Escuela de Bellas Artes en el marco de sus 90 a\u00f1os. Espacio de Arte UTN &#8211; Muestra Colectiva Sala Margarita Malharro de Torres. Legislatura Mendoza &#8211;  Muestra colectiva \u201cArchipi\u00e9lago\u201d Sala Sergio Sergi &#8211; Radio Nacional Mendoza &#8211; Seleccionada 2da Edici\u00f3n Premio Donato Grim de Dibujo <\/li>\n\n\n\n<li>2023. Fundaci\u00f3n Aconquija -Tucum\u00e1n &#8211; Muestra Colectiva \u201cEncuentros con la Pintura\u201d Espacio UTN Facultad Regional Mendoza. Particip\u00f3 en EPICENTRO Feria de Galer\u00edas y Proyectos Autogestivos \u2013 CasaPalmera Galer\u00eda. ECA &#8211; Muestra \u201cUn Centenar de Mujeres Artistas\u201d 90\u00b0Aniversario Bellas Artes. Espacio Cultural Julio Le Parc.<\/li>\n<\/ul>\n\n\n\n<div style=\"height:30px\" aria-hidden=\"true\" class=\"wp-block-spacer\"><\/div>\n\n\n\n<p><strong>FRANCISCO LUCO:<\/strong> Nace en 1958 en la ciudad de Villa Mercedes, provincia de San Luis. Egresa de la Escuela de Artes Pl\u00e1sticas. Se radica en Mendoza para ingresar a la Facultad de Arquitectura y Urbanismo de la Universidad de Mendoza. Asiste al Taller del Prof. Dardo Retamosa y en 1986 realiza dibujos para los diarios \u201cLos Andes\u201d y \u201cMendoza\u201d. <\/p>\n\n\n\n<div style=\"height:18px\" aria-hidden=\"true\" class=\"wp-block-spacer\"><\/div>\n\n\n<div class=\"wp-block-image\">\n<figure class=\"aligncenter size-full is-resized\"><a href=\"https:\/\/enolife.com.ar\/es\/wp-content\/uploads\/2024\/04\/Imagen2.jpg\" data-rel=\"penci-gallery-image-content\" ><img loading=\"lazy\" decoding=\"async\" src=\"https:\/\/enolife.com.ar\/es\/wp-content\/uploads\/2024\/04\/Imagen2.jpg\" alt=\"\" class=\"wp-image-113145\" width=\"357\" height=\"476\" srcset=\"https:\/\/enolife.com.ar\/es\/wp-content\/uploads\/2024\/04\/Imagen2.jpg 375w, https:\/\/enolife.com.ar\/es\/wp-content\/uploads\/2024\/04\/Imagen2-225x300.jpg 225w\" sizes=\"auto, (max-width: 357px) 100vw, 357px\" \/><\/a><\/figure><\/div>\n\n\n<div style=\"height:40px\" aria-hidden=\"true\" class=\"wp-block-spacer\"><\/div>\n\n\n\n<p>En 1994 asiste al taller del profesor Eduardo Gon\u00e1lez y del artista pl\u00e1stico H\u00e9ctor Romero. En 1996 realiza un curso de actualidad en el arte con la profesora Nelly Perazzo,en Buenos Aires. Ha cursado un seminario con el maestro Guillermo Roux en Buenos Aires. Particip\u00f3 de numerosos coloquios, encuentros y debates de arte latinoamericano y arte contempor\u00e1neo.<\/p>\n\n\n\n<div style=\"height:30px\" aria-hidden=\"true\" class=\"wp-block-spacer\"><\/div>\n\n\n\n<p><strong>EGAR MURILLO<\/strong>: Artista visual nacido en San Salvador de Jujuy, reside y trabaja en la provincia de Mendoza a donde lleg\u00f3 con su familia de trabajadores golondrinas a la edad de un a\u00f1o de vida. Su trabajo se desarrolla entre las disciplinas de la pintura, grabado, dibujo, fotograf\u00eda, objetos e instalaciones. Curs\u00f3 entre los a\u00f1os 1981-1986 en la Facultad de Arte y Dise\u00f1o de la UNCuyo, con especializaci\u00f3n en pintura. Desde 1984 a la fecha forma parte del colectivo de experimentaci\u00f3n \u201cGrupo Poroto\u201d. Fue becario en el programa Estimulo a la Creaci\u00f3n de la Fundaci\u00f3n Antorchas 1993-1994 y Beca Fundaci\u00f3n Proa de Formaci\u00f3n y desarrollo dirigido por Guillermo Kuitca (Buenos Aires) 1994-1995, donde adem\u00e1s participo de charlas y seminarios con destacadas figuras de la cultura como Alan Pauls (escritor), Anina Nosei (Galerista Nueva York) y Achille.<\/p>\n\n\n\n<div style=\"height:30px\" aria-hidden=\"true\" class=\"wp-block-spacer\"><\/div>\n\n\n<div class=\"wp-block-image\">\n<figure class=\"aligncenter size-full is-resized\"><a href=\"https:\/\/enolife.com.ar\/es\/wp-content\/uploads\/2024\/04\/Imagen5.jpg\" data-rel=\"penci-gallery-image-content\" ><img loading=\"lazy\" decoding=\"async\" src=\"https:\/\/enolife.com.ar\/es\/wp-content\/uploads\/2024\/04\/Imagen5.jpg\" alt=\"\" class=\"wp-image-113147\" width=\"414\" height=\"590\" srcset=\"https:\/\/enolife.com.ar\/es\/wp-content\/uploads\/2024\/04\/Imagen5.jpg 500w, https:\/\/enolife.com.ar\/es\/wp-content\/uploads\/2024\/04\/Imagen5-211x300.jpg 211w\" sizes=\"auto, (max-width: 414px) 100vw, 414px\" \/><\/a><\/figure><\/div>\n\n\n<div style=\"height:39px\" aria-hidden=\"true\" class=\"wp-block-spacer\"><\/div>\n\n\n\n<p>Particip\u00f3 en diversas ferias en Ferias como ArteBa (Argentina), \u201cArte Americas\u201d Feria de Arte Latinoamericano (Miami) en 2005, \u201cInterfaces Di\u00e1logos visuales entre Regiones\u201d Arte Contempor\u00e1neo Argentino (Salta-Buenos Aires-Mendoza) en 2006, \u201cExpotrastienda\u201d (Argentina) en 2007, Feria EGGO (Buenos Aires) en 2007, CHACo Feria de Arte Contempor\u00e1neo (Chile) en 2011, Affordable Art Fair M\u00e9xico en 2014, \u201cInterfaces: Una antolog\u00eda posible\u201d (Buenos Aires) en 2015. Fue invitado a participar de \u201cEl Arte Se\u00f1ala\u201d Bienal de Arte Con- tempor\u00e1neo Argentino en 2010 y de la IV Bienal del Fin del Mundo en Mar del Plata en 2014-1015. Sus obras forman parte de las colecciones: Museo Municipal de Arte Moderno de Mendoza, Museo Provincial de Bellas Artes Emiliano Gui\u00f1az\u00fa-Casa de Fader en Mendoza, Centro Cultural del Bicentenario-Museo G\u00f3mez Cornet en Santiago del Estero, Museo Urbano Poggi en Rafaela Santa Fe, MACRO (Museo de Arte Contempor\u00e1neo de Rosario) Santa Fe, CFI (Consejo Federal de Inversiones) Buenos Aires, FNA (Fondo Nacional de las Artes) Buenos Aires, Museo Franklyn Rawson de San Juan, Consejo Profesional de Ciencias Econ\u00f3micas en Mendoza, y colecciones privadas nacionales e internacionales.<\/p>\n\n\n\n<p>Ha recibido numerosas distinciones: segundo premio en pintura del Sal\u00f3n Nacional de Arte Visuales, Palais de Glace (2012), Premio Nacional a la Trayectoria Art\u00edstica (2023), Premio Directorio, Fondo Nacional de las Artes. (2020), 1\u00b0 Premio Pintura. 7\u00b0 Sal\u00f3n Regional De Pintura del NOA, Museo G\u00f3mez Cornet, Santiago del Estero; 1\u00b0 Premio Pintura. Sal\u00f3n Fundaci\u00f3n Zaldivar, Mendoza. (2016), 1\u00b0 Premio Acuarela. Sal\u00f3n de Acuarela Dardo Retamosa, Espacio Contempor\u00e1neo de Arte, Mendoza (2014), 3\u00b0 Premio Pintura. 4\u00b0 Sal\u00f3n Regional De Pintura del NOA, Museo G\u00f3mez Cornet, Santiago del Estero, Premio Menci\u00f3n Especial. Sal\u00f3n de Acuarela Dardo Retamosa, Espacio Contempor\u00e1neo de Arte, Mendoza (2013), entre otros.<\/p>\n\n\n\n<div style=\"height:29px\" aria-hidden=\"true\" class=\"wp-block-spacer\"><\/div>\n\n\n\n<p><\/p>\n","protected":false},"excerpt":{"rendered":"<p>Las pinturas de 4 destacados artistas pl\u00e1sticos de Mendoza siguen en exposici\u00f3n en la Cava&hellip;<\/p>\n","protected":false},"author":3,"featured_media":113134,"comment_status":"open","ping_status":"open","sticky":false,"template":"","format":"standard","meta":{"footnotes":""},"categories":[47],"tags":[],"class_list":["post-113127","post","type-post","status-publish","format-standard","has-post-thumbnail","hentry","category-agenda"],"_links":{"self":[{"href":"https:\/\/enolife.com.ar\/es\/wp-json\/wp\/v2\/posts\/113127","targetHints":{"allow":["GET"]}}],"collection":[{"href":"https:\/\/enolife.com.ar\/es\/wp-json\/wp\/v2\/posts"}],"about":[{"href":"https:\/\/enolife.com.ar\/es\/wp-json\/wp\/v2\/types\/post"}],"author":[{"embeddable":true,"href":"https:\/\/enolife.com.ar\/es\/wp-json\/wp\/v2\/users\/3"}],"replies":[{"embeddable":true,"href":"https:\/\/enolife.com.ar\/es\/wp-json\/wp\/v2\/comments?post=113127"}],"version-history":[{"count":0,"href":"https:\/\/enolife.com.ar\/es\/wp-json\/wp\/v2\/posts\/113127\/revisions"}],"wp:featuredmedia":[{"embeddable":true,"href":"https:\/\/enolife.com.ar\/es\/wp-json\/wp\/v2\/media\/113134"}],"wp:attachment":[{"href":"https:\/\/enolife.com.ar\/es\/wp-json\/wp\/v2\/media?parent=113127"}],"wp:term":[{"taxonomy":"category","embeddable":true,"href":"https:\/\/enolife.com.ar\/es\/wp-json\/wp\/v2\/categories?post=113127"},{"taxonomy":"post_tag","embeddable":true,"href":"https:\/\/enolife.com.ar\/es\/wp-json\/wp\/v2\/tags?post=113127"}],"curies":[{"name":"wp","href":"https:\/\/api.w.org\/{rel}","templated":true}]}}