{"id":113007,"date":"2024-03-29T11:07:15","date_gmt":"2024-03-29T11:07:15","guid":{"rendered":"https:\/\/enolife.com.ar\/es\/?p=113007"},"modified":"2024-03-29T17:46:31","modified_gmt":"2024-03-29T17:46:31","slug":"artesanias-plantas-ropa-yoga-y-vino-en-la-feria-de-diseno-del-29-al-31-3-en-el-parque-central","status":"publish","type":"post","link":"https:\/\/enolife.com.ar\/es\/artesanias-plantas-ropa-yoga-y-vino-en-la-feria-de-diseno-del-29-al-31-3-en-el-parque-central\/","title":{"rendered":"Artesan\u00edas, plantas, ropa, yoga y vino en la Feria de Dise\u00f1o, del 29 al 31\/3 en el Parque Central"},"content":{"rendered":"\n<h4 class=\"wp-block-heading\"><em><strong>Despu\u00e9s de un receso veraniego, vuelve a las plazas y parques de Mendoza la ya tradicional \u00abFeria Inclusiva y Natural de Arte y Dise\u00f1o\u00bb, con nuevos expositores, m\u00e1s variedad de productos -entre ellos vinos, aceites de oliva virgen extra y pasteler\u00eda- y la novedad: clases de yoga \u00aba la gorra\u00bb para los paseantes. Ser\u00e1 en el \u00e1rea del Reloj de Sol del Parque Central de la Capital mendocina, entre las calles Pellegrini y Parral.<\/strong><\/em><\/h4>\n\n\n\n<div style=\"height:35px\" aria-hidden=\"true\" class=\"wp-block-spacer\"><\/div>\n\n\n\n\n\n<div style=\"height:45px\" aria-hidden=\"true\" class=\"wp-block-spacer\"><\/div>\n\n\n<div class=\"wp-block-image\">\n<figure class=\"alignleft size-full is-resized\"><a href=\"https:\/\/enolife.com.ar\/es\/wp-content\/uploads\/2024\/03\/Imagen2-18.jpg\" data-rel=\"penci-gallery-image-content\" ><img loading=\"lazy\" decoding=\"async\" src=\"https:\/\/enolife.com.ar\/es\/wp-content\/uploads\/2024\/03\/Imagen2-18.jpg\" alt=\"\" class=\"wp-image-113016\" width=\"203\" height=\"287\" srcset=\"https:\/\/enolife.com.ar\/es\/wp-content\/uploads\/2024\/03\/Imagen2-18.jpg 354w, https:\/\/enolife.com.ar\/es\/wp-content\/uploads\/2024\/03\/Imagen2-18-212x300.jpg 212w\" sizes=\"auto, (max-width: 203px) 100vw, 203px\" \/><\/a><\/figure><\/div>\n\n\n<p>La <strong>Feria Inclusiva y Natural de Arte y Dise\u00f1o<\/strong>, organizada por <strong>Encuentro Indi<\/strong>, lleva 12 a\u00f1os de actividad en Mendoza y celebrar\u00e1 una nueva edici\u00f3n desde el viernes 29 hasta el domingo 31 de marzo en el \u00e1rea del Reloj de Sol del Parque Central de la Capital de Mendoza (calles Pellegrini y El Parral).<\/p>\n\n\n\n<p>Con acceso libre y gratuito, en horario de 8 a 21.30, durante las tres jornadas, quienes visiten este tradicional mercado popular a cielo abierto podr\u00e1n elegir entre una diversidad de productos saludables y elaboraciones artesanales ofrecidas a precios accesibles por emprendedores, artistas y dise\u00f1adores locales. Adem\u00e1s se podr\u00e1 asistir con las mascotas.\u00a0<br><\/p>\n\n\n\n<p class=\"has-medium-font-size\"><strong>Clases de yoga integral<\/strong><\/p>\n\n\n\n<p>Adem\u00e1s, en esta ocasi\u00f3n, Encuentro Indi brindar\u00e1 clases de <strong>yoga integral<\/strong> con la particularidad de que ser\u00e1n \u00aba la gorra\u00bb, con la colaboraci\u00f3n voluntaria de quienes deseen participar en ellas en busca del bienestar emocional, f\u00edsico y mental.<\/p>\n\n\n\n<p>Las clases pr\u00e1cticas de yoga integral ser\u00e1n impartidas el viernes 29 y el s\u00e1bado 30 en dos tandas horarias: de 17 a 18 y de 19 a 20. El domingo 31 tambi\u00e9n habr\u00e1, pero en horario de 10 a 11. Estar\u00e1n a cargo de Bhida.<\/p>\n\n\n\n<div style=\"height:35px\" aria-hidden=\"true\" class=\"wp-block-spacer\"><\/div>\n\n\n\n<p class=\"has-medium-font-size\"><strong>Gastronom\u00eda, vestimenta, decoraci\u00f3n y alimentos saludables<\/strong><\/p>\n\n\n\n<p>El gran abanico de ofertas de manufactura netamente mendocina abarcar\u00e1 desde combinaciones de frutos secos y cereales, chocolates artesanales, confituras, pasteler\u00eda y barras de cereal energ\u00e9ticas hasta aceites de oliva, destilados de hierbas, lim\u00f3n y mandarina, licores, vinos, verduras agroecol\u00f3gicas, panificados y caf\u00e9s especiales.&nbsp;<\/p>\n\n\n\n<p>Tambi\u00e9n habr\u00e1 cremas y emulsiones para el cuerpo, calzados, instrumentos y accesorios musicales para ni\u00f1os, libretas, anotadores, cuadros, pa\u00f1ales de tela reciclables, macetas, prendas de vestir, adornos, accesorios para el hogar, bolsos y mochilas de telas combinadas, as\u00ed como velas y aceites arom\u00e1ticos y plantas ornamentales.\u00a0\u00a0<\/p>\n\n\n\n<div style=\"height:30px\" aria-hidden=\"true\" class=\"wp-block-spacer\"><\/div>\n\n\n\n<figure class=\"wp-block-gallery has-nested-images columns-default is-cropped wp-block-gallery-1 is-layout-flex wp-block-gallery-is-layout-flex\">\n<figure class=\"wp-block-image size-full\"><a href=\"https:\/\/enolife.com.ar\/es\/wp-content\/uploads\/2024\/03\/Imagen3-14.jpg\" data-rel=\"penci-gallery-image-content\" ><img loading=\"lazy\" decoding=\"async\" width=\"421\" height=\"400\" data-id=\"113013\" src=\"https:\/\/enolife.com.ar\/es\/wp-content\/uploads\/2024\/03\/Imagen3-14.jpg\" alt=\"\" class=\"wp-image-113013\" srcset=\"https:\/\/enolife.com.ar\/es\/wp-content\/uploads\/2024\/03\/Imagen3-14.jpg 421w, https:\/\/enolife.com.ar\/es\/wp-content\/uploads\/2024\/03\/Imagen3-14-300x285.jpg 300w\" sizes=\"auto, (max-width: 421px) 100vw, 421px\" \/><\/a><\/figure>\n\n\n\n<figure class=\"wp-block-image size-full\"><a href=\"https:\/\/enolife.com.ar\/es\/wp-content\/uploads\/2024\/03\/Imagen4-13.jpg\" data-rel=\"penci-gallery-image-content\" ><img loading=\"lazy\" decoding=\"async\" width=\"429\" height=\"400\" data-id=\"113014\" src=\"https:\/\/enolife.com.ar\/es\/wp-content\/uploads\/2024\/03\/Imagen4-13.jpg\" alt=\"\" class=\"wp-image-113014\" srcset=\"https:\/\/enolife.com.ar\/es\/wp-content\/uploads\/2024\/03\/Imagen4-13.jpg 429w, https:\/\/enolife.com.ar\/es\/wp-content\/uploads\/2024\/03\/Imagen4-13-300x280.jpg 300w\" sizes=\"auto, (max-width: 429px) 100vw, 429px\" \/><\/a><\/figure>\n<\/figure>\n\n\n\n<div style=\"height:30px\" aria-hidden=\"true\" class=\"wp-block-spacer\"><\/div>\n\n\n\n<p>Encuentro Indi es auspiciado por la <strong>Municipalidad de la Ciudad de Mendoza<\/strong>, y ha sido declarado de inter\u00e9s por la C<strong>\u00e1mara de Diputados de Mendoza<\/strong> (resoluci\u00f3n N\u00ba863\/2022) y por el <strong>Ente Mendoza Turismo (Emetur)<\/strong> de la provincia.<\/p>\n\n\n\n<div style=\"height:30px\" aria-hidden=\"true\" class=\"wp-block-spacer\"><\/div>\n","protected":false},"excerpt":{"rendered":"<p>Despu\u00e9s de un receso veraniego, vuelve a las plazas y parques de Mendoza la ya&hellip;<\/p>\n","protected":false},"author":3,"featured_media":113012,"comment_status":"open","ping_status":"open","sticky":false,"template":"","format":"standard","meta":{"footnotes":""},"categories":[47],"tags":[],"class_list":["post-113007","post","type-post","status-publish","format-standard","has-post-thumbnail","hentry","category-agenda"],"_links":{"self":[{"href":"https:\/\/enolife.com.ar\/es\/wp-json\/wp\/v2\/posts\/113007","targetHints":{"allow":["GET"]}}],"collection":[{"href":"https:\/\/enolife.com.ar\/es\/wp-json\/wp\/v2\/posts"}],"about":[{"href":"https:\/\/enolife.com.ar\/es\/wp-json\/wp\/v2\/types\/post"}],"author":[{"embeddable":true,"href":"https:\/\/enolife.com.ar\/es\/wp-json\/wp\/v2\/users\/3"}],"replies":[{"embeddable":true,"href":"https:\/\/enolife.com.ar\/es\/wp-json\/wp\/v2\/comments?post=113007"}],"version-history":[{"count":0,"href":"https:\/\/enolife.com.ar\/es\/wp-json\/wp\/v2\/posts\/113007\/revisions"}],"wp:featuredmedia":[{"embeddable":true,"href":"https:\/\/enolife.com.ar\/es\/wp-json\/wp\/v2\/media\/113012"}],"wp:attachment":[{"href":"https:\/\/enolife.com.ar\/es\/wp-json\/wp\/v2\/media?parent=113007"}],"wp:term":[{"taxonomy":"category","embeddable":true,"href":"https:\/\/enolife.com.ar\/es\/wp-json\/wp\/v2\/categories?post=113007"},{"taxonomy":"post_tag","embeddable":true,"href":"https:\/\/enolife.com.ar\/es\/wp-json\/wp\/v2\/tags?post=113007"}],"curies":[{"name":"wp","href":"https:\/\/api.w.org\/{rel}","templated":true}]}}