{"id":112951,"date":"2024-03-27T20:22:38","date_gmt":"2024-03-27T20:22:38","guid":{"rendered":"https:\/\/enolife.com.ar\/es\/?p=112951"},"modified":"2024-04-01T15:00:03","modified_gmt":"2024-04-01T15:00:03","slug":"un-calentamiento-de-2-oc-haria-inviables-el-90-de-las-zonas-vinicolas-del-mediterraneo-y-california","status":"publish","type":"post","link":"https:\/\/enolife.com.ar\/es\/un-calentamiento-de-2-oc-haria-inviables-el-90-de-las-zonas-vinicolas-del-mediterraneo-y-california\/","title":{"rendered":"Un calentamiento de 2 \u00baC har\u00eda inviables el 90% de las zonas vin\u00edcolas del Mediterr\u00e1neo y California"},"content":{"rendered":"\n<h4 class=\"wp-block-heading\"><em><strong>As\u00ed lo se\u00f1ala un art\u00edculo publicado el martes 26\/3\/24 en la revista Reviews Earth &amp; Environment. Seg\u00fan los investigadores, un aumento de 2 grados cent\u00edgrados o m\u00e1s en la temperatura global del planeta debido al cambio clim\u00e1tico tornar\u00eda inviables el 90 % de las regiones vit\u00edcolas costeras y de tierras bajas de Espa\u00f1a, Italia, Grecia y el sur de California debido a las sequ\u00edas excesivas y olas de calor m\u00e1s frecuentes. Actualmente, la temperatura global ha crecido 1,45\u00b0 C con respecto al comienzo de la era industrial, alrededor de 1860.<\/strong><\/em><\/h4>\n\n\n\n<div style=\"height:35px\" aria-hidden=\"true\" class=\"wp-block-spacer\"><\/div>\n\n\n<a href=\"https:\/\/www.instagram.com\/agroconciencia_\" aria-label=\"BANNER AGROCONCIENCIA 1700X500\"><img loading=\"lazy\" decoding=\"async\" src=\"https:\/\/enolife.com.ar\/es\/wp-content\/uploads\/2019\/07\/BANNER-AGROCONCIENCIA-1700X500-1.jpg\" alt=\"\"  srcset=\"https:\/\/enolife.com.ar\/es\/wp-content\/uploads\/2019\/07\/BANNER-AGROCONCIENCIA-1700X500-1.jpg 1700w, https:\/\/enolife.com.ar\/es\/wp-content\/uploads\/2019\/07\/BANNER-AGROCONCIENCIA-1700X500-1-300x88.jpg 300w, https:\/\/enolife.com.ar\/es\/wp-content\/uploads\/2019\/07\/BANNER-AGROCONCIENCIA-1700X500-1-1024x301.jpg 1024w, https:\/\/enolife.com.ar\/es\/wp-content\/uploads\/2019\/07\/BANNER-AGROCONCIENCIA-1700X500-1-768x226.jpg 768w, https:\/\/enolife.com.ar\/es\/wp-content\/uploads\/2019\/07\/BANNER-AGROCONCIENCIA-1700X500-1-1536x452.jpg 1536w, https:\/\/enolife.com.ar\/es\/wp-content\/uploads\/2019\/07\/BANNER-AGROCONCIENCIA-1700X500-1-1170x344.jpg 1170w, https:\/\/enolife.com.ar\/es\/wp-content\/uploads\/2019\/07\/BANNER-AGROCONCIENCIA-1700X500-1-585x172.jpg 585w\" sizes=\"auto, (max-width: 1700px) 100vw, 1700px\" width=\"1700\" height=\"500\"   \/><\/a>\n\n\n<div style=\"height:45px\" aria-hidden=\"true\" class=\"wp-block-spacer\"><\/div>\n\n\n\n<p>As\u00ed lo pone de manifiesto un estudio publicado este pasado martes 26\/3\/24 en la revista <strong>Reviews Earth &amp; Environment,<\/strong> que se\u00f1ala que el aumento de las temperaturas experimentado hasta la fecha -desde 1850 a la fecha- ya ha desplazado la maduraci\u00f3n de la uva a la \u00e9poca m\u00e1s c\u00e1lida del verano.<\/p>\n\n\n\n<div style=\"height:30px\" aria-hidden=\"true\" class=\"wp-block-spacer\"><\/div>\n\n\n<div class=\"wp-block-image\">\n<figure class=\"aligncenter size-full is-resized\"><a href=\"https:\/\/enolife.com.ar\/es\/wp-content\/uploads\/2024\/03\/image-17.png\" data-rel=\"penci-gallery-image-content\" ><img loading=\"lazy\" decoding=\"async\" src=\"https:\/\/enolife.com.ar\/es\/wp-content\/uploads\/2024\/03\/image-17.png\" alt=\"\" class=\"wp-image-112961\" width=\"610\" height=\"377\" srcset=\"https:\/\/enolife.com.ar\/es\/wp-content\/uploads\/2024\/03\/image-17.png 689w, https:\/\/enolife.com.ar\/es\/wp-content\/uploads\/2024\/03\/image-17-300x185.png 300w, https:\/\/enolife.com.ar\/es\/wp-content\/uploads\/2024\/03\/image-17-585x362.png 585w\" sizes=\"auto, (max-width: 610px) 100vw, 610px\" \/><\/a><figcaption class=\"wp-element-caption\"><strong><em>Anomal\u00edas de la temperatura media mundial anual del per\u00edodo comprendido entre 1850 y 2023 (respecto del per\u00edodo de 1850 a 1900). Los datos proceden de seis conjuntos de datos. Fuente OMM<\/em><\/strong><\/figcaption><\/figure><\/div>\n\n\n<div style=\"height:30px\" aria-hidden=\"true\" class=\"wp-block-spacer\"><\/div>\n\n\n\n<p><em>\u00abEn la mayor\u00eda de las regiones vitivin\u00edcolas del mundo, la vendimia se ha adelantado entre dos y tres semanas en los \u00faltimos a\u00f1os, y esto est\u00e1 cambiando el rendimiento de la uva, su composici\u00f3n en la vendimia y la calidad final del vino\u00bb<\/em>, subrayan.<\/p>\n\n\n\n<p>Los investigadores, de universidades francesas e italianas, segmentan cada continente y sus zonas vitivin\u00edcolas en grandes regiones definidas por condiciones clim\u00e1ticas espec\u00edficas, y en cada uno de ellas se fijan en las consecuencias de los cambios de temperatura, precipitaci\u00f3n, humedad, radiaci\u00f3n y CO2 en la producci\u00f3n de vino.<\/p>\n\n\n\n<div style=\"height:30px\" aria-hidden=\"true\" class=\"wp-block-spacer\"><\/div>\n\n\n\n<p class=\"has-background\" style=\"background-color:#abb7c247\">La <strong>Organizaci\u00f3n Meteorol\u00f3gica Mundial (OMM) <\/strong>present\u00f3 un informe confirmando que 2023 fue el a\u00f1o m\u00e1s c\u00e1lido desde que hay registros, con una temperatura media mundial cerca de la superficie de 1,45 \u00b0C (con un margen de incertidumbre de \u00b1 0,12 \u00b0C) por encima de los niveles preindustriales de referencia. Fue el decenio m\u00e1s c\u00e1lido desde que hay registros.<br><br>Al respecto, <strong>Celeste Saulo<\/strong> -cient\u00edfica argentina, vicepresidenta de la OMM y directora del <strong>Servicio Meteorol\u00f3gico Nacional Argentino<\/strong>&#8211; afirm\u00f3 que <em>\u00abnunca hemos estado tan cerca, aunque de momento de forma temporal, del l\u00edmite inferior de 1,5 \u00b0C del Acuerdo de Par\u00eds sobre el cambio clim\u00e1tico. La comunidad de la OMM est\u00e1 haciendo sonar la Alerta Roja en el mundo\u00bb<\/em><\/p>\n\n\n\n<div style=\"height:35px\" aria-hidden=\"true\" class=\"wp-block-spacer\"><\/div>\n\n\n\n<p class=\"has-medium-font-size\"><strong>Perdedores y ganadores<\/strong><\/p>\n\n\n\n<p>Sus conclusiones ponen de manifiesto un riesgo sustancial de no adaptaci\u00f3n a los impactos del cambio clim\u00e1tico de entre un 49% y el 70% en las regiones vitivin\u00edcolas actualmente existentes, que var\u00eda en funci\u00f3n del grado de calentamiento que llegue a alcanzar el planeta (actualmente rozamos un aumento de 1,5 grados de media respecto a la era preindustrial).<\/p>\n\n\n\n<p>El impacto ser\u00e1 mayor en las regiones que ya tienen un clima c\u00e1lido y seco, como es el caso del 90% de las regiones vin\u00edcolas costeras y de tierras bajas de Espa\u00f1a, Italia, Grecia y el sur de California.<\/p>\n\n\n\n<p>Al contrario, entre el 11% y el 25% de las regiones vin\u00edcolas existentes podr\u00edan experimentar un aumento de la producci\u00f3n con el aumento de las temperaturas, como es el caso del Norte de Francia, Tasmania (Australia) o el estado de Washington, en la costa oeste de EEUU.<\/p>\n\n\n\n<p>Al mismo tiempo, podr\u00edan surgir nuevas zonas aptas en latitudes m\u00e1s elevadas, como el sur de Gran Breta\u00f1a, aunque los investigadores coinciden en que el grado de estos cambios depender\u00e1 del nivel de aumento de la temperatura.<\/p>\n\n\n\n<div style=\"height:35px\" aria-hidden=\"true\" class=\"wp-block-spacer\"><\/div>\n\n\n\n<p class=\"has-medium-font-size\"><strong>Estrategias de adaptaci\u00f3n<\/strong><\/p>\n\n\n\n<p>Los autores coinciden en que el aumento global de la temperatura traer\u00e1 consigo nuevas plagas y enfermedades para la vid, y una creciente oleada de fen\u00f3menos meteorol\u00f3gicos extremos, como olas de calor, lluvias torrenciales y, posiblemente, granizo.<\/p>\n\n\n\n<p>Ante ello proponen estrategias de adaptaci\u00f3n que van desde el manejo del vi\u00f1edo hasta el empleo de determinadas especies de levadura, durante la fermentaci\u00f3n del mosto, que pueden ayudar a paliar los bajos niveles de acidez y a reducir en cierta medida el grado alcoh\u00f3lico cada vez m\u00e1s elevado de los vinos.<\/p>\n\n\n\n<p><em>\u00abLos productores actuales pueden adaptarse a un cierto nivel de calentamiento cambiando el material vegetal por otras variedades e injertos m\u00e1s resistentes a las sequ\u00edas, recurriendo a riego suplementario, cuando existan recursos de agua dulce que lo permitan, o usando t\u00e9cnicas de cultivo que retrasen la madurez de la uva\u00bb<\/em>, apuntan.<\/p>\n\n\n\n<p>Pero los investigadores advierten de que estas medidas no servir\u00e1n para que la vid siga siendo econ\u00f3micamente viable en todas las zonas donde lo es ahora, y destacan que la mejor manera de que esto no ocurra es mitigar el cambio clim\u00e1tico y evitar un aumento de la temperatura global superior al actual.<\/p>\n\n\n\n<p><em>\u201cHay que buscar otras variedades que se adapten mejor a las nuevas condiciones clim\u00e1ticas y, si no las encontramos entre las que ya existen, desarrollar programas de mejora gen\u00e9tica\u201d<\/em>, se\u00f1ala <strong>Adri\u00e1n Mart\u00ednez Cutillas, ex director del Instituto Murciano de Investigaci\u00f3n y Desarrollo Agrario y Medioambiental (Imida),<\/strong> en una reacci\u00f3n recogida en la plataforma <strong>Science Media Centre Espa\u00f1a.<\/strong><\/p>\n\n\n\n<div style=\"height:18px\" aria-hidden=\"true\" class=\"wp-block-spacer\"><\/div>\n\n\n\n<p class=\"has-small-font-size\"><em><strong>Fuente: Agencia EFE<\/strong><\/em><\/p>\n\n\n\n<div style=\"height:30px\" aria-hidden=\"true\" class=\"wp-block-spacer\"><\/div>\n","protected":false},"excerpt":{"rendered":"<p>As\u00ed lo se\u00f1ala un art\u00edculo publicado el martes 26\/3\/24 en la revista Reviews Earth &amp;&hellip;<\/p>\n","protected":false},"author":3,"featured_media":112963,"comment_status":"open","ping_status":"open","sticky":false,"template":"","format":"standard","meta":{"footnotes":""},"categories":[56,14],"tags":[],"class_list":["post-112951","post","type-post","status-publish","format-standard","has-post-thumbnail","hentry","category-destacado","category-news"],"_links":{"self":[{"href":"https:\/\/enolife.com.ar\/es\/wp-json\/wp\/v2\/posts\/112951","targetHints":{"allow":["GET"]}}],"collection":[{"href":"https:\/\/enolife.com.ar\/es\/wp-json\/wp\/v2\/posts"}],"about":[{"href":"https:\/\/enolife.com.ar\/es\/wp-json\/wp\/v2\/types\/post"}],"author":[{"embeddable":true,"href":"https:\/\/enolife.com.ar\/es\/wp-json\/wp\/v2\/users\/3"}],"replies":[{"embeddable":true,"href":"https:\/\/enolife.com.ar\/es\/wp-json\/wp\/v2\/comments?post=112951"}],"version-history":[{"count":0,"href":"https:\/\/enolife.com.ar\/es\/wp-json\/wp\/v2\/posts\/112951\/revisions"}],"wp:featuredmedia":[{"embeddable":true,"href":"https:\/\/enolife.com.ar\/es\/wp-json\/wp\/v2\/media\/112963"}],"wp:attachment":[{"href":"https:\/\/enolife.com.ar\/es\/wp-json\/wp\/v2\/media?parent=112951"}],"wp:term":[{"taxonomy":"category","embeddable":true,"href":"https:\/\/enolife.com.ar\/es\/wp-json\/wp\/v2\/categories?post=112951"},{"taxonomy":"post_tag","embeddable":true,"href":"https:\/\/enolife.com.ar\/es\/wp-json\/wp\/v2\/tags?post=112951"}],"curies":[{"name":"wp","href":"https:\/\/api.w.org\/{rel}","templated":true}]}}