{"id":112861,"date":"2024-03-26T16:15:42","date_gmt":"2024-03-26T16:15:42","guid":{"rendered":"https:\/\/enolife.com.ar\/es\/?p=112861"},"modified":"2024-04-03T13:39:57","modified_gmt":"2024-04-03T13:39:57","slug":"aporte-a-la-agroecologia-verallia-dono-y-planto-300-arbustos-de-jarilla-para-reforestar-el-cerro-arco","status":"publish","type":"post","link":"https:\/\/enolife.com.ar\/es\/aporte-a-la-agroecologia-verallia-dono-y-planto-300-arbustos-de-jarilla-para-reforestar-el-cerro-arco\/","title":{"rendered":"Aporte a la agroecolog\u00eda: Verallia don\u00f3 y plant\u00f3 300 arbustos de jarilla para reforestar el cerro Arco"},"content":{"rendered":"\n<h4 class=\"wp-block-heading\"><em><strong>Con el triple objetivo de recuperar la flora del emblem\u00e1tico cerro de la precordillera mendocina -afectado por devastadores incendios en 2018-, de colaborar con la acci\u00f3n del grupo de mujeres Asociaci\u00f3n Gesti\u00f3n Nativa -que cultivan y comercializan plantas nativas, cactus, cr\u00e1sulas y plantines para huertas- y de avanzar en su plan empresarial de reducir la perjudicial emisi\u00f3n de CO2 al ambiente, personal y voluntarios de Verallia Argentina realizaron este pasado s\u00e1bado 23\/3 una tercera reforestaci\u00f3n de jarilla, totalizando hasta el momento una donaci\u00f3n de 1.000 plantas.<\/strong><\/em><\/h4>\n\n\n\n<div style=\"height:35px\" aria-hidden=\"true\" class=\"wp-block-spacer\"><\/div>\n\n\n<a href=\"https:\/\/ar.verallia.com\/\" aria-label=\"VERALLIA 1700 x 500\"><img loading=\"lazy\" decoding=\"async\" src=\"https:\/\/enolife.com.ar\/es\/wp-content\/uploads\/2021\/04\/VERALLIA-1700-x-500.jpg\" alt=\"\"  srcset=\"https:\/\/enolife.com.ar\/es\/wp-content\/uploads\/2021\/04\/VERALLIA-1700-x-500.jpg 1700w, https:\/\/enolife.com.ar\/es\/wp-content\/uploads\/2021\/04\/VERALLIA-1700-x-500-300x88.jpg 300w, https:\/\/enolife.com.ar\/es\/wp-content\/uploads\/2021\/04\/VERALLIA-1700-x-500-1024x301.jpg 1024w, https:\/\/enolife.com.ar\/es\/wp-content\/uploads\/2021\/04\/VERALLIA-1700-x-500-768x226.jpg 768w, https:\/\/enolife.com.ar\/es\/wp-content\/uploads\/2021\/04\/VERALLIA-1700-x-500-1536x452.jpg 1536w, https:\/\/enolife.com.ar\/es\/wp-content\/uploads\/2021\/04\/VERALLIA-1700-x-500-1170x344.jpg 1170w, https:\/\/enolife.com.ar\/es\/wp-content\/uploads\/2021\/04\/VERALLIA-1700-x-500-585x172.jpg 585w\" sizes=\"auto, (max-width: 1700px) 100vw, 1700px\" width=\"1700\" height=\"500\"   \/><\/a>\n\n\n<div style=\"height:45px\" aria-hidden=\"true\" class=\"wp-block-spacer\"><\/div>\n\n\n\n<p>El s\u00e1bado 23\/3 se vivi\u00f3 la tercera jornada de reforestaci\u00f3n en el<strong> cerro Arco, al oeste de la Capital de Mendoza, <\/strong>la que form\u00f3 parte del plan de restauraci\u00f3n biol\u00f3gica de esta emblem\u00e1tica zona del piedemonte mendocino, afectada en 2018 por un devastador&nbsp;incendio forestal.<\/p>\n\n\n\n<div style=\"height:30px\" aria-hidden=\"true\" class=\"wp-block-spacer\"><\/div>\n\n\n<div class=\"wp-block-image\">\n<figure class=\"aligncenter size-full is-resized\"><a href=\"https:\/\/enolife.com.ar\/es\/wp-content\/uploads\/2024\/03\/Verallia-Reforestacion-Cerro-Arco-2-1.jpg\" data-rel=\"penci-gallery-image-content\" ><img loading=\"lazy\" decoding=\"async\" src=\"https:\/\/enolife.com.ar\/es\/wp-content\/uploads\/2024\/03\/Verallia-Reforestacion-Cerro-Arco-2-1.jpg\" alt=\"\" class=\"wp-image-112884\" width=\"611\" height=\"407\" srcset=\"https:\/\/enolife.com.ar\/es\/wp-content\/uploads\/2024\/03\/Verallia-Reforestacion-Cerro-Arco-2-1.jpg 750w, https:\/\/enolife.com.ar\/es\/wp-content\/uploads\/2024\/03\/Verallia-Reforestacion-Cerro-Arco-2-1-300x200.jpg 300w, https:\/\/enolife.com.ar\/es\/wp-content\/uploads\/2024\/03\/Verallia-Reforestacion-Cerro-Arco-2-1-585x390.jpg 585w\" sizes=\"auto, (max-width: 611px) 100vw, 611px\" \/><\/a><figcaption class=\"wp-element-caption\"><em><strong>Voluntarios trabajando en la restauraci\u00f3n biol\u00f3gica del piedemonte<\/strong><\/em>.<\/figcaption><\/figure><\/div>\n\n\n<div style=\"height:30px\" aria-hidden=\"true\" class=\"wp-block-spacer\"><\/div>\n\n\n\n<p><strong>Verallia Argentina<\/strong>, en alianza con la <strong>Subsecretar\u00eda de Ambiente del Gobierno de Mendoza<\/strong>, ha sido protagonista en esta iniciativa para recuperar el ecosistema del cerro Arco, y para esta tercera jornada financi\u00f3 y don\u00f3<strong> 300 plantas de jarilla<\/strong> y particip\u00f3 activamente en la plantaci\u00f3n con su grupo de voluntarios.&nbsp;<\/p>\n\n\n\n<div style=\"height:15px\" aria-hidden=\"true\" class=\"wp-block-spacer\"><\/div>\n\n\n\n<h3 class=\"wp-block-heading has-text-color\" style=\"color:#0c5644\">La&nbsp;jarilla&nbsp;es una de las especies m\u00e1s representativas de la&nbsp;flora mendocina&nbsp;y, es considerada una de las m\u00e1s&nbsp;afectadas&nbsp;por la depredaci\u00f3n tanto artificial como natural. La marcada&nbsp;disminuci\u00f3n&nbsp;de jarillales en las \u00faltimas d\u00e9cadas motiv\u00f3 a declararla como especie protegida&nbsp;por ley provincial.<\/h3>\n\n\n\n<div style=\"height:15px\" aria-hidden=\"true\" class=\"wp-block-spacer\"><\/div>\n\n\n\n<p><em>\u00abEstamos muy comprometidos en el cuidado de nuestro planeta y uno de nuestros principales objetivos es la reducci\u00f3n de las emisiones de CO2 en todas nuestras operaciones. Verallia desempe\u00f1a un papel de liderazgo en la transici\u00f3n hacia una sociedad neutra en carbono con una ambiciosa hoja de ruta medioambiental. Paralelamente contribuimos con diferentes proyectos de reforestaci\u00f3n y proyectos agroforestales. Estos proyectos, implementados en asociaci\u00f3n con las comunidades locales, est\u00e1n dise\u00f1ados para tener un impacto social y ambiental significativo\u00bb<\/em>, explic\u00f3 <strong>Alejandra Mer\u00edn<\/strong>, coordinadora de RSE de Verallia Argentina.&nbsp;<\/p>\n\n\n\n<div style=\"height:30px\" aria-hidden=\"true\" class=\"wp-block-spacer\"><\/div>\n\n\n<div class=\"wp-block-image\">\n<figure class=\"aligncenter size-full is-resized\"><a href=\"https:\/\/enolife.com.ar\/es\/wp-content\/uploads\/2024\/03\/Verallia-Reforestacion-Cerro-Arco-2.jpg\" data-rel=\"penci-gallery-image-content\" ><img loading=\"lazy\" decoding=\"async\" src=\"https:\/\/enolife.com.ar\/es\/wp-content\/uploads\/2024\/03\/Verallia-Reforestacion-Cerro-Arco-2.jpg\" alt=\"\" class=\"wp-image-112883\" width=\"594\" height=\"396\" srcset=\"https:\/\/enolife.com.ar\/es\/wp-content\/uploads\/2024\/03\/Verallia-Reforestacion-Cerro-Arco-2.jpg 750w, https:\/\/enolife.com.ar\/es\/wp-content\/uploads\/2024\/03\/Verallia-Reforestacion-Cerro-Arco-2-300x200.jpg 300w, https:\/\/enolife.com.ar\/es\/wp-content\/uploads\/2024\/03\/Verallia-Reforestacion-Cerro-Arco-2-585x390.jpg 585w\" sizes=\"auto, (max-width: 594px) 100vw, 594px\" \/><\/a><figcaption class=\"wp-element-caption\"><em><strong>Verallia don\u00f3 1.000 plantas de jarilla para el Plan de Reforestaci\u00f3n del Cerro Arco<\/strong><\/em>.<\/figcaption><\/figure><\/div>\n\n\n<div style=\"height:30px\" aria-hidden=\"true\" class=\"wp-block-spacer\"><\/div>\n\n\n\n<p>En total desde que comenz\u00f3 el <strong>Plan de Reforestaci\u00f3n del cerro Arco<\/strong>, Verallia -empresa dedicada a la fabricaci\u00f3n y comercializaci\u00f3n de envases de vidrio para la industria del vino y el aceite de oliva- don\u00f3 <strong>1.000 plantas de jarilla<\/strong>, que fueron adquiridas en la <strong>Asociaci\u00f3n Gesti\u00f3n Nativa<\/strong>, una organizaci\u00f3n respaldada por mujeres de las comunidades de <strong>Capdeville, en Las Heras.<\/strong> Estas mujeres cultivan plantas nativas, cactus, cr\u00e1sulas y plantines para huertas. Desde 2007, esta ONG se ha dedicado a sensibilizar sobre la importancia de cuidar el medio ambiente y, mediante el trabajo con plantas aut\u00f3ctonas y la reconexi\u00f3n con nuestras ra\u00edces, a preservar el ecosistema mientras se generan recursos para el desarrollo de las comunidades.<\/p>\n\n\n\n<p><em>\u00abNuestro prop\u00f3sito es reimaginar el vidrio para un futuro sostenible y junto con las acciones que llevamos adelante en nuestra f\u00e1brica para reducir la huella de carbono, estamos convencidos de que el cambio es posible si aunamos esfuerzos y definimos causas comunes que nos permitan desarrollar soluciones saludables y sostenibles. Participar en el Plan de Reforestaci\u00f3n del Cerro Arco, donando plantas y colaborando con nuestros voluntarios, es un ejemplo del trabajo mancomunado en pos del cuidado de nuestra casa com\u00fan\u00bb, <\/em>coment\u00f3 <strong>Walter Formica<\/strong>, director general de Verallia Argentina.<\/p>\n\n\n\n<div style=\"height:30px\" aria-hidden=\"true\" class=\"wp-block-spacer\"><\/div>\n\n\n<div class=\"wp-block-image\">\n<figure class=\"aligncenter size-full is-resized\"><a href=\"https:\/\/enolife.com.ar\/es\/wp-content\/uploads\/2024\/03\/Verallia-Reforestacion-Cerro-Arco-4.jpg\" data-rel=\"penci-gallery-image-content\" ><img loading=\"lazy\" decoding=\"async\" src=\"https:\/\/enolife.com.ar\/es\/wp-content\/uploads\/2024\/03\/Verallia-Reforestacion-Cerro-Arco-4.jpg\" alt=\"\" class=\"wp-image-112885\" width=\"589\" height=\"392\" srcset=\"https:\/\/enolife.com.ar\/es\/wp-content\/uploads\/2024\/03\/Verallia-Reforestacion-Cerro-Arco-4.jpg 750w, https:\/\/enolife.com.ar\/es\/wp-content\/uploads\/2024\/03\/Verallia-Reforestacion-Cerro-Arco-4-300x200.jpg 300w, https:\/\/enolife.com.ar\/es\/wp-content\/uploads\/2024\/03\/Verallia-Reforestacion-Cerro-Arco-4-585x390.jpg 585w\" sizes=\"auto, (max-width: 589px) 100vw, 589px\" \/><\/a><figcaption class=\"wp-element-caption\"><em><strong>Colaboradoras de Verallia con la alegr\u00eda de la tarea cumplida<\/strong><\/em>.<\/figcaption><\/figure><\/div>\n\n\n<div style=\"height:35px\" aria-hidden=\"true\" class=\"wp-block-spacer\"><\/div>\n\n\n\n<p class=\"has-medium-font-size\"><strong>Sobre Verallia<\/strong><\/p>\n\n\n\n<p>El lema y el prop\u00f3sito declarado de Verallia es <em>\u00abreimaginar el vidrio para un futuro sostenible\u00bb<\/em>. La empresa fabricante de botellas para las industrias vitivin\u00edcola y oliv\u00edcola de Argentina se ha propuesto redefinir c\u00f3mo se produce, reutiliza y recicla el vidrio, para convertirlo en el material de embalaje m\u00e1s sostenible del mundo. <\/p>\n\n\n\n<div style=\"height:15px\" aria-hidden=\"true\" class=\"wp-block-spacer\"><\/div>\n\n\n\n<h3 class=\"wp-block-heading has-text-color\" style=\"color:#1f5b46\">En 2023, Verallia produjo m\u00e1s de 16.000 millones de botellas y frascos de vidrio y registr\u00f3 ingresos de 3,9 mil millones de euros. <\/h3>\n\n\n\n<div style=\"height:15px\" aria-hidden=\"true\" class=\"wp-block-spacer\"><\/div>\n\n\n\n<p>Para ello, buscan unir fuerzas con clientes, proveedores y otros socios a lo largo de la cadena de valor para desarrollar nuevas soluciones beneficiosas y sostenibles para todos. Con m\u00e1s de 10.000 empleados y 34 plantas de producci\u00f3n de vidrio en 12 pa\u00edses, Verallia es el l\u00edder europeo y el tercer productor mundial de envases de vidrio para bebidas y productos alimenticios. Ofrece soluciones innovadoras, personalizadas y respetuosas con el medio ambiente a m\u00e1s de 10.000 empresas en todo el mundo. <\/p>\n\n\n\n<div style=\"height:30px\" aria-hidden=\"true\" class=\"wp-block-spacer\"><\/div>\n","protected":false},"excerpt":{"rendered":"<p>Con el triple objetivo de recuperar la flora del emblem\u00e1tico cerro de la precordillera mendocina&hellip;<\/p>\n","protected":false},"author":3,"featured_media":112891,"comment_status":"open","ping_status":"open","sticky":false,"template":"","format":"standard","meta":{"footnotes":""},"categories":[56,57],"tags":[],"class_list":["post-112861","post","type-post","status-publish","format-standard","has-post-thumbnail","hentry","category-destacado","category-empresas"],"_links":{"self":[{"href":"https:\/\/enolife.com.ar\/es\/wp-json\/wp\/v2\/posts\/112861","targetHints":{"allow":["GET"]}}],"collection":[{"href":"https:\/\/enolife.com.ar\/es\/wp-json\/wp\/v2\/posts"}],"about":[{"href":"https:\/\/enolife.com.ar\/es\/wp-json\/wp\/v2\/types\/post"}],"author":[{"embeddable":true,"href":"https:\/\/enolife.com.ar\/es\/wp-json\/wp\/v2\/users\/3"}],"replies":[{"embeddable":true,"href":"https:\/\/enolife.com.ar\/es\/wp-json\/wp\/v2\/comments?post=112861"}],"version-history":[{"count":0,"href":"https:\/\/enolife.com.ar\/es\/wp-json\/wp\/v2\/posts\/112861\/revisions"}],"wp:featuredmedia":[{"embeddable":true,"href":"https:\/\/enolife.com.ar\/es\/wp-json\/wp\/v2\/media\/112891"}],"wp:attachment":[{"href":"https:\/\/enolife.com.ar\/es\/wp-json\/wp\/v2\/media?parent=112861"}],"wp:term":[{"taxonomy":"category","embeddable":true,"href":"https:\/\/enolife.com.ar\/es\/wp-json\/wp\/v2\/categories?post=112861"},{"taxonomy":"post_tag","embeddable":true,"href":"https:\/\/enolife.com.ar\/es\/wp-json\/wp\/v2\/tags?post=112861"}],"curies":[{"name":"wp","href":"https:\/\/api.w.org\/{rel}","templated":true}]}}