{"id":112773,"date":"2024-03-25T12:47:15","date_gmt":"2024-03-25T12:47:15","guid":{"rendered":"https:\/\/enolife.com.ar\/es\/?p=112773"},"modified":"2024-03-26T10:40:11","modified_gmt":"2024-03-26T10:40:11","slug":"como-combatir-las-enfermedades-epidemicas-de-la-vid-a-debate-en-un-encuentro-en-texas-el-17-5","status":"publish","type":"post","link":"https:\/\/enolife.com.ar\/es\/como-combatir-las-enfermedades-epidemicas-de-la-vid-a-debate-en-un-encuentro-en-texas-el-17-5\/","title":{"rendered":"C\u00f3mo combatir las enfermedades epid\u00e9micas de la vid, a debate en un encuentro en Texas el 17\/5"},"content":{"rendered":"\n<h4 class=\"wp-block-heading\"><em><strong>El tema central de esta reuni\u00f3n internacional convocada por la Organizaci\u00f3n Internacional de la Vid y el Vino (OIV) y el Departamento de Agricultura de Texas (TDA), que se celebrar\u00e1 el 17 de mayo de 2024 en Austin, Texas (EEUU), ser\u00e1 la lucha contra las enfermedades de la vid. Ser\u00e1 de 8 a 17, presencial, en el hotel Sonesta Bee Caves de Austin, Texas. La participaci\u00f3n tiene un costo de U$S 250 e incluye, desayuno, almuerzo y cata de vinos adem\u00e1s de la asistencia a los debates y el libre acceso a la informaci\u00f3n divulgada.<\/strong><\/em><\/h4>\n\n\n\n<div style=\"height:35px\" aria-hidden=\"true\" class=\"wp-block-spacer\"><\/div>\n\n\n<a href=\"https:\/\/www.instagram.com\/agroconciencia_\" aria-label=\"BANNER AGROCONCIENCIA 1700X500\"><img loading=\"lazy\" decoding=\"async\" src=\"https:\/\/enolife.com.ar\/es\/wp-content\/uploads\/2019\/07\/BANNER-AGROCONCIENCIA-1700X500-1.jpg\" alt=\"\"  srcset=\"https:\/\/enolife.com.ar\/es\/wp-content\/uploads\/2019\/07\/BANNER-AGROCONCIENCIA-1700X500-1.jpg 1700w, https:\/\/enolife.com.ar\/es\/wp-content\/uploads\/2019\/07\/BANNER-AGROCONCIENCIA-1700X500-1-300x88.jpg 300w, https:\/\/enolife.com.ar\/es\/wp-content\/uploads\/2019\/07\/BANNER-AGROCONCIENCIA-1700X500-1-1024x301.jpg 1024w, https:\/\/enolife.com.ar\/es\/wp-content\/uploads\/2019\/07\/BANNER-AGROCONCIENCIA-1700X500-1-768x226.jpg 768w, https:\/\/enolife.com.ar\/es\/wp-content\/uploads\/2019\/07\/BANNER-AGROCONCIENCIA-1700X500-1-1536x452.jpg 1536w, https:\/\/enolife.com.ar\/es\/wp-content\/uploads\/2019\/07\/BANNER-AGROCONCIENCIA-1700X500-1-1170x344.jpg 1170w, https:\/\/enolife.com.ar\/es\/wp-content\/uploads\/2019\/07\/BANNER-AGROCONCIENCIA-1700X500-1-585x172.jpg 585w\" sizes=\"auto, (max-width: 1700px) 100vw, 1700px\" width=\"1700\" height=\"500\"   \/><\/a>\n\n\n<div style=\"height:45px\" aria-hidden=\"true\" class=\"wp-block-spacer\"><\/div>\n\n\n\n<p>Se encuentran abiertas las inscripciones para el <strong>Simposio Internacional sobre Enfermedades Epid\u00e9micas de la Vid: Enfermedad de Pierce y Flavescencia Dorada. <\/strong>En este Simposio, que pretende ser esencial para investigadores, profesionales y partes interesadas del sector vit\u00edcola, se debatir\u00e1n los avances, estrategias y dificultades m\u00e1s recientes en la lucha contra estas importantes enfermedades de la vid. El Simposio tendr\u00e1 lugar el viernes 17 de mayo de 2024, de 8 a 17 (hora local), en el <strong>Hotel Sonesta Bee Caves, en Austin, Texas, EEUU.<\/strong> La <strong>OIV<\/strong> y el <strong>Departamento de Agricultura de Texas (TDA<\/strong>) organizan de forma conjunta este acto.<\/p>\n\n\n\n<div style=\"height:30px\" aria-hidden=\"true\" class=\"wp-block-spacer\"><\/div>\n\n\n<div class=\"wp-block-image\">\n<figure class=\"aligncenter size-large is-resized\"><a href=\"https:\/\/enolife.com.ar\/es\/wp-content\/uploads\/2024\/03\/image-16.png\" data-rel=\"penci-gallery-image-content\" ><img loading=\"lazy\" decoding=\"async\" src=\"https:\/\/enolife.com.ar\/es\/wp-content\/uploads\/2024\/03\/image-16-1024x383.png\" alt=\"\" class=\"wp-image-112777\" width=\"592\" height=\"221\" srcset=\"https:\/\/enolife.com.ar\/es\/wp-content\/uploads\/2024\/03\/image-16-1024x383.png 1024w, https:\/\/enolife.com.ar\/es\/wp-content\/uploads\/2024\/03\/image-16-300x112.png 300w, https:\/\/enolife.com.ar\/es\/wp-content\/uploads\/2024\/03\/image-16-768x287.png 768w, https:\/\/enolife.com.ar\/es\/wp-content\/uploads\/2024\/03\/image-16-1536x574.png 1536w, https:\/\/enolife.com.ar\/es\/wp-content\/uploads\/2024\/03\/image-16-2048x765.png 2048w, https:\/\/enolife.com.ar\/es\/wp-content\/uploads\/2024\/03\/image-16-1170x437.png 1170w, https:\/\/enolife.com.ar\/es\/wp-content\/uploads\/2024\/03\/image-16-585x219.png 585w\" sizes=\"auto, (max-width: 592px) 100vw, 592px\" \/><\/a><\/figure><\/div>\n\n\n<div style=\"height:35px\" aria-hidden=\"true\" class=\"wp-block-spacer\"><\/div>\n\n\n\n<p class=\"has-medium-font-size\"><strong>\u00bfQu\u00e9 incluye la inscripci\u00f3n?<\/strong><\/p>\n\n\n\n<p>El costo de la asistencia a las sesiones del Simposio es de 250&nbsp;USD. La inscripci\u00f3n le dar\u00e1 acceso a las cuatro sesiones, a una mesa redonda, a las pausas para el caf\u00e9, al almuerzo, a la cata de vinos y a la cena de clausura, as\u00ed como a la posibilidad de cultivar contactos con colegas y expertos.<\/p>\n\n\n\n<div style=\"height:13px\" aria-hidden=\"true\" class=\"wp-block-spacer\"><\/div>\n\n\n\n<p class=\"has-background\" style=\"background-color:#abb7c23d\"><strong>Los participantes pueden inscribirse en el Simposio haciendo clic&nbsp;<a href=\"https:\/\/web.cvent.com\/event\/7b4a5e7f-3901-4d94-b035-5c96932142a1\/summary\">aqu\u00ed<\/a>.<\/strong><\/p>\n\n\n\n<div style=\"height:35px\" aria-hidden=\"true\" class=\"wp-block-spacer\"><\/div>\n\n\n\n<p class=\"has-medium-font-size\"><strong>La importancia de este Simposio<\/strong><\/p>\n\n\n\n<p>Organizado en el marco del <strong>A\u00f1o Internacional de la Vi\u00f1a y el Vino<\/strong>, el Simposio tiene por objetivo propiciar un debate internacional sobre los aspectos fitosanitarios, regulatorios, econ\u00f3micos y sociales de la enfermedad de Pierce y la flavescencia dorada -dos de las principales enfermedades epid\u00e9micas de la vid-, as\u00ed como fomentar la reflexi\u00f3n en torno a la situaci\u00f3n actual y las perspectivas sanitarias y productivas de los vi\u00f1edos de todo el mundo.<\/p>\n\n\n\n<div style=\"height:35px\" aria-hidden=\"true\" class=\"wp-block-spacer\"><\/div>\n\n\n\n<p class=\"has-medium-font-size\"><strong>El Simposio constar\u00e1 de cuatro sesiones<\/strong><\/p>\n\n\n\n<p><strong>Sesi\u00f3n 1 <\/strong>&#8211; Epidemiolog\u00eda de las enfermedades y efectos del cambio clim\u00e1tico<\/p>\n\n\n\n<p><strong>Sesi\u00f3n 2 <\/strong>&#8211; Seguimiento y control de las enfermedades: Normas internacionales<\/p>\n\n\n\n<p><strong>Sesi\u00f3n 3<\/strong> &#8211; Seguimiento y control de las enfermedades: Marcos legislativos<\/p>\n\n\n\n<p><strong>Sesi\u00f3n 4<\/strong> &#8211; Estrategias de mitigaci\u00f3n e impacto econ\u00f3mico<\/p>\n\n\n\n<p>Al final del simposio tendr\u00e1 lugar una mesa redonda titulada <strong>\u00abHacia un enfoque internacional coordinado\u00bb,<\/strong> que fomentar\u00e1 el debate sobre la pertinencia de estrategias colectivas para hacer frente a estos retos.<\/p>\n\n\n\n<div style=\"height:35px\" aria-hidden=\"true\" class=\"wp-block-spacer\"><\/div>\n\n\n\n<p class=\"has-medium-font-size\"><strong>Visitas t\u00e9cnicas como actividad opcional<\/strong><\/p>\n\n\n\n<p>En el marco del Simposio, los d\u00edas 16 y 18 de mayo, se realizar\u00e1n visitas t\u00e9cnicas en Texas. El costo ser\u00e1 de 50&nbsp;U$S por d\u00eda e incluye tres visitas t\u00e9cnicas y un almuerzo. Se facilitar\u00e1n autobuses para el transporte de ida y vuelta a las visitas t\u00e9cnicas. Para obtener m\u00e1s informaci\u00f3n, haga clic&nbsp;<a href=\"https:\/\/web.cvent.com\/event\/7b4a5e7f-3901-4d94-b035-5c96932142a1\/websitePage:ddd308b5-b095-480b-af33-f9e950c7ff74\">aqu\u00ed<\/a>.<\/p>\n\n\n\n<div style=\"height:35px\" aria-hidden=\"true\" class=\"wp-block-spacer\"><\/div>\n\n\n\n<p class=\"has-medium-font-size\"><strong>\u00bfQui\u00e9n puede participar?<\/strong><\/p>\n\n\n\n<ul class=\"wp-block-list\">\n<li>Investigadores y acad\u00e9micos<\/li>\n\n\n\n<li>Viticultores y productores de uva<\/li>\n\n\n\n<li>Profesionales del sector vitivin\u00edcola<\/li>\n\n\n\n<li>Funcionarios gubernamentales y responsables pol\u00edticos<\/li>\n\n\n\n<li>Estudiantes y aficionados<\/li>\n<\/ul>\n\n\n\n<div style=\"height:12px\" aria-hidden=\"true\" class=\"wp-block-spacer\"><\/div>\n\n\n\n<p class=\"has-background\" style=\"background-color:#abb7c25e\"><strong>Ver programa completo en ingl\u00e9s: <a href=\"https:\/\/www.oiv.int\/sites\/default\/files\/documents\/International-%20Symposium_on_Grapevine_Epidemic_Diseases_program_1.pdf\" title=\"\">AQU\u00cd<\/a><\/strong><\/p>\n\n\n\n<div style=\"height:30px\" aria-hidden=\"true\" class=\"wp-block-spacer\"><\/div>\n\n\n\n<div style=\"height:12px\" aria-hidden=\"true\" class=\"wp-block-spacer\"><\/div>\n","protected":false},"excerpt":{"rendered":"<p>El tema central de esta reuni\u00f3n internacional convocada por la Organizaci\u00f3n Internacional de la Vid&hellip;<\/p>\n","protected":false},"author":3,"featured_media":112809,"comment_status":"open","ping_status":"open","sticky":false,"template":"","format":"standard","meta":{"footnotes":""},"categories":[47],"tags":[],"class_list":["post-112773","post","type-post","status-publish","format-standard","has-post-thumbnail","hentry","category-agenda"],"_links":{"self":[{"href":"https:\/\/enolife.com.ar\/es\/wp-json\/wp\/v2\/posts\/112773","targetHints":{"allow":["GET"]}}],"collection":[{"href":"https:\/\/enolife.com.ar\/es\/wp-json\/wp\/v2\/posts"}],"about":[{"href":"https:\/\/enolife.com.ar\/es\/wp-json\/wp\/v2\/types\/post"}],"author":[{"embeddable":true,"href":"https:\/\/enolife.com.ar\/es\/wp-json\/wp\/v2\/users\/3"}],"replies":[{"embeddable":true,"href":"https:\/\/enolife.com.ar\/es\/wp-json\/wp\/v2\/comments?post=112773"}],"version-history":[{"count":0,"href":"https:\/\/enolife.com.ar\/es\/wp-json\/wp\/v2\/posts\/112773\/revisions"}],"wp:featuredmedia":[{"embeddable":true,"href":"https:\/\/enolife.com.ar\/es\/wp-json\/wp\/v2\/media\/112809"}],"wp:attachment":[{"href":"https:\/\/enolife.com.ar\/es\/wp-json\/wp\/v2\/media?parent=112773"}],"wp:term":[{"taxonomy":"category","embeddable":true,"href":"https:\/\/enolife.com.ar\/es\/wp-json\/wp\/v2\/categories?post=112773"},{"taxonomy":"post_tag","embeddable":true,"href":"https:\/\/enolife.com.ar\/es\/wp-json\/wp\/v2\/tags?post=112773"}],"curies":[{"name":"wp","href":"https:\/\/api.w.org\/{rel}","templated":true}]}}