{"id":112759,"date":"2024-03-24T16:16:48","date_gmt":"2024-03-24T16:16:48","guid":{"rendered":"https:\/\/enolife.com.ar\/es\/?p=112759"},"modified":"2024-03-25T13:15:38","modified_gmt":"2024-03-25T13:15:38","slug":"conoce-la-grilla-y-como-sacar-tickets-para-musica-clasica-por-los-caminos-del-vino-del-24-3-al-2-4","status":"publish","type":"post","link":"https:\/\/enolife.com.ar\/es\/conoce-la-grilla-y-como-sacar-tickets-para-musica-clasica-por-los-caminos-del-vino-del-24-3-al-2-4\/","title":{"rendered":"Conoc\u00e9 la grilla y c\u00f3mo sacar tickets para M\u00fasica Cl\u00e1sica por los Caminos del Vino, del 24\/3 al 2\/4"},"content":{"rendered":"\n<h4 class=\"wp-block-heading\"><em><strong>Hoy 24\/3, a las 15.30 en la Reserva Natural Villavicencio -Ruta Provincial 52, km 50, Las Heras- se realiza el concierto inaugural del cada vez m\u00e1s concurrido Festival de M\u00fasica con conciertos entre vi\u00f1as, bodegas, sitios patrimoniales y parques de Mendoza, y desde ahora tambi\u00e9n en San Juan y San Luis. Luego, desde el 27 de marzo al 2 de abril, el cl\u00e1sico de Semana Santa continuar\u00e1 con 60 recitales, algunos gratuitos y otros con tickets en canje por alimentos. En esta nota, la agenda completa de espect\u00e1culos.<\/strong><\/em><\/h4>\n\n\n\n<div style=\"height:35px\" aria-hidden=\"true\" class=\"wp-block-spacer\"><\/div>\n\n\n\n\n\n<div style=\"height:45px\" aria-hidden=\"true\" class=\"wp-block-spacer\"><\/div>\n\n\n\n<p><strong>M\u00fasica Cl\u00e1sica por los Caminos del Vino<\/strong>, a lo largo de los a\u00f1os, se consolid\u00f3 como uno de los encuentros culturales m\u00e1s importantes de la provincia, recorriendo teatros, iglesias, museos, bodegas, parques, reservas naturales, jardines y vi\u00f1edos de toda la provincia.<\/p>\n\n\n\n<p>La presente edici\u00f3n ser\u00e1 en homenaje al cent\u00e9simo aniversario de la muerte de <strong>Giacomo Puccini<\/strong> y por los 430 a\u00f1os del fallecimiento de <strong>Giovanni Pierluigi da Palestrina.<\/strong><\/p>\n\n\n\n<p>Es organizado por el <strong>Gobierno de Mendoza<\/strong>, como <strong>Capital Mundial del Vino<\/strong> y <strong>Capital Iberoamericana de Gastronom\u00eda y Vino<\/strong>, a trav\u00e9s de la Subsecretar\u00eda de Cultura, dependiente del Ministerio de Educaci\u00f3n, Cultura, Infancias y DGE. Lo hace en conjunto con todos los municipios de la provincia y el sector privado y tiene como objetivo difundir el g\u00e9nero en escenarios de todo el territorio.<\/p>\n\n\n\n<p>En la presentaci\u00f3n del ciclo, el ministro de Educaci\u00f3n, Cultura, Infancias y DGE de Mendoza, <strong>Tadeo Garc\u00eda Zalazar<\/strong>, detall\u00f3: <em>\u201cEstamos anunciando la edici\u00f3n 23 del Festival de M\u00fasica Cl\u00e1sica por los Caminos del Vino, que llega no s\u00f3lo a bodegas sino a edificios y lugares que son parte el patrimonio de nuestra provincia, con dos agregados: la Bodega Graffigna, en San Juan, y la Casa del Poeta de Esteban Ag\u00fcero, en San Luis. Generamos una agenda cultural para el fin de semana extralargo y una oferta tanto para nuestra provincia como para el turismo que viene a visitarnos. Este a\u00f1o, con una particularidad, que es su llegada a Cuyo, con una visi\u00f3n de integraci\u00f3n regional y de ampliar esta combinaci\u00f3n de cultura, producci\u00f3n, patrimonio y que, adem\u00e1s, esto sea aprovechado por quienes nos visitan pero tambi\u00e9n, obviamente, por quienes viven en nuestra provincia. Por lo tanto, en un contexto dif\u00edcil en lo econ\u00f3mico, es importante el acompa\u00f1amiento que hemos tenido tanto de Turismo como de las bodegas en distintos lugares donde se van a llevar a cabo estos eventos y conciertos\u201d.<\/em><\/p>\n\n\n\n<div style=\"height:35px\" aria-hidden=\"true\" class=\"wp-block-spacer\"><\/div>\n\n\n\n<figure class=\"wp-block-embed is-type-video is-provider-youtube wp-block-embed-youtube wp-embed-aspect-16-9 wp-has-aspect-ratio\"><div class=\"wp-block-embed__wrapper\">\n<iframe loading=\"lazy\" title=\"M\u00fasica cl\u00e1sica por los caminos del vino. XXIII Edici\u00f3n 2024\" width=\"1170\" height=\"658\" src=\"https:\/\/www.youtube.com\/embed\/Hx1B0-7tpHg?feature=oembed\" frameborder=\"0\" allow=\"accelerometer; autoplay; clipboard-write; encrypted-media; gyroscope; picture-in-picture; web-share\" allowfullscreen><\/iframe>\n<\/div><\/figure>\n\n\n\n<div style=\"height:35px\" aria-hidden=\"true\" class=\"wp-block-spacer\"><\/div>\n\n\n\n<p>Por su parte, el subsecretario de Cultura, Diego Gareca, destac\u00f3: <em>\u201cEs un festival que da muchas posibilidades de crecimiento, ya que la m\u00fasica cl\u00e1sica es un g\u00e9nero que se puede desarrollar con una visi\u00f3n regional, con conciertos en los 18 departamentos de la provincia y llegar a todo cuyo. Adem\u00e1s, es muy importante para nosotros que el canje de entradas se pueda articular con el Banco de Alimentos en el actual contexto. Por otro lado, vamos a tener un concierto de cierre que es un lujo, con la participaci\u00f3n de Horacio Lavandera, un gran pianista argentino que viene desarrollando una importante carrera de reconocimiento internacional\u201d.<\/em><\/p>\n\n\n\n<p>Cristina Mengarelli, directora de Promoci\u00f3n Tur\u00edstica del Emetur, destac\u00f3 por su parte la importancia en materia tur\u00edstica: <em>\u201cEn esta ocasi\u00f3n en particular, que se sumen a Mendoza provincias como San Juan y San Luis ayuda a fortalecer mucho m\u00e1s la oferta de los tres destinos para atraer m\u00e1s turismo. Espec\u00edficamente en Semana Santa hay una movida importante que se est\u00e1 desarrollando a nivel tur\u00edstico. El turista decide, quiz\u00e1s, tomar escapadas m\u00e1s cortas a lugares m\u00e1s cercanos, entonces para Mendoza es una oportunidad importante\u201d.<\/em><\/p>\n\n\n\n<p>Todos los oto\u00f1os, coincidiendo con la celebraci\u00f3n de<strong> Semana Santa<\/strong>, mendocinos y turistas puede disfrutar de este espect\u00e1culo de creaci\u00f3n e interpretaci\u00f3n art\u00edstica, adem\u00e1s de todo lo que ofrece Mendoza en materia enotur\u00edstica. <\/p>\n\n\n\n<p>El cierre del festival tendr\u00e1 un invitado de lujo con la presentaci\u00f3n del prestigioso pianista <strong>Horacio Lavander<\/strong>a, que ofrecer\u00e1 un concierto dedicado a Mozart, Beethoven y Gershwin. Ser\u00e1 el martes 2 de abril, a las 20.30, en el Teatro Independencia.<\/p>\n\n\n\n<div style=\"height:35px\" aria-hidden=\"true\" class=\"wp-block-spacer\"><\/div>\n\n\n\n<p class=\"has-medium-font-size\"><strong>Conciertos en Cuyo<\/strong><\/p>\n\n\n\n<p>En una edici\u00f3n hist\u00f3rica, el Festival de M\u00fasica Cl\u00e1sica por los Caminos del Vino extiende sus fronteras para llegar con sus conciertos a la zona de Cuyo.<\/p>\n\n\n\n<p>El domingo 31 de marzo, a las 18, en la <strong>Casa del Poeta Antonio Esteban Ag\u00fcero<\/strong>, Poeta Ag\u00fcero 380, <strong>Merlo, San Luis<\/strong>, actuar\u00e1 el <strong>Tr\u00edo Agitato<\/strong> y se solicitar\u00e1 canje de entradas de una leche larga vida por una entrada, con m\u00e1ximo de cuatro por persona.<\/p>\n\n\n\n<p>El lunes 1 de marzo, a las 18.30, en el <strong>Museo Bodega Santiago Graffigna de San Juan<\/strong>, se presentar\u00e1 la reconocida agrupaci\u00f3n <strong>Violetta Club<\/strong>. La entrada es gratuita y por orden de llegada hasta agotar la capacidad.<\/p>\n\n\n\n<div style=\"height:35px\" aria-hidden=\"true\" class=\"wp-block-spacer\"><\/div>\n\n\n\n<p class=\"has-medium-font-size\"><strong>Canje de entradas<\/strong><\/p>\n\n\n\n<p>En esta edici\u00f3n XXIII, el festival M\u00fasica Cl\u00e1sica por los Caminos del Vino mantendr\u00e1 su car\u00e1cter solidario. Por ello, para los conciertos que as\u00ed lo requieran se entregar\u00e1 una entrada a cambio de <strong>una caja de leche larga vida, destinada al Banco de Alimentos de Mendoz<\/strong>a, instituci\u00f3n que trabaja junto organizaciones de la provincia y los comedores municipales.<\/p>\n\n\n\n<p>El canje comenz\u00f3 el viernes 22 de marzo, de 12 a 17, y contin\u00faa hoy domingo 24 y toda la semana pr\u00f3xima, de 10 a 17, en la Subsecretar\u00eda de Cultura, Espa\u00f1a y Guti\u00e9rrez, Ciudad de Mendoza.<\/p>\n\n\n\n<p class=\"has-black-color has-text-color has-background\" style=\"background-color:#abb7c242\"><strong>La programaci\u00f3n puede consultarse en&nbsp;<a href=\"http:\/\/www.mendoza.gov.ar\/cultura\" target=\"_blank\" rel=\"noreferrer noopener\">www.mendoza.gov.ar\/cultura<\/a><\/strong><\/p>\n\n\n\n<div style=\"height:35px\" aria-hidden=\"true\" class=\"wp-block-spacer\"><\/div>\n\n\n\n<p class=\"has-medium-font-size\"><strong>Concierto inaugural<\/strong><\/p>\n\n\n\n<p>Es hoy domingo 24 de marzo, a las 15.30, en la Reserva Natural Villavicencio de Ruta Provincial 52, km 50, Las Heras.<\/p>\n\n\n\n<p>Los artistas que tendr\u00e1n a cargo el inicio del festival ser\u00e1 Bel Suono \u2013 Ensamble L\u00edrico con Julieta Caparotta, soprano; Andrea Vaia, mezzosoprano; Mariano Leota, tenor; Rub\u00e9n Caparotta, tenor; Marcelo Zelada, tenor (invitado), y Pablo Fascio, en piano.<\/p>\n\n\n\n<p>El ensamble presentar\u00e1 un programa inspirado en \u201cM\u00e1gico Puccini\u201d. Las entradas para este concierto ser\u00e1n por canje de una leche larga vida por una entrada, con un m\u00e1ximo de cuatro por persona.<\/p>\n\n\n\n<p>El concierto estar\u00e1 dedicado, en gran parte, a las composiciones de Giacomo Puccini (1838-1875) y sus grandes t\u00edtulos oper\u00edsticos, como\u00a0<em>Tosca, Madama Buterfly, La Boh\u00e8me, Turandot<\/em>, etc. en el a\u00f1o de su aniversario. Se interpretar\u00e1n algunas de las arias, d\u00faos y conjuntos m\u00e1s\u00a0 caracter\u00edsticos de este compositor, junto a obras propias de la \u00f3pera mundial.<\/p>\n\n\n\n<div style=\"height:35px\" aria-hidden=\"true\" class=\"wp-block-spacer\"><\/div>\n\n\n\n<p class=\"has-medium-font-size\"><strong>Programa para Villavicencio<\/strong><\/p>\n\n\n\n<p>\u2022 W. A. Mozart (1756-1791) \u2013 Cosi Fan Tute: \u201cSoave Sia Il Vento\u201d<\/p>\n\n\n\n<p>\u2022 Giochino Rossini (1792-1868) \u2013 Il Barbiere di Siviglia: \u201cLa calunnia\u201d<\/p>\n\n\n\n<p>\u2022 Georges Bizet (1838-1875) \u2013 Carmen: \u201cPr\u00e9s des remparts de S\u00e9ville\u201d<\/p>\n\n\n\n<p>\u2022 Giacomo Puccini (1858-1924):<\/p>\n\n\n\n<p>\u2013 Salve Regina-<\/p>\n\n\n\n<p>\u2013 Tosca: \u201cVissi d\u2019arte\u201d<\/p>\n\n\n\n<p>\u2013 Madama Buterfly: Coro a Bocca Chiusa<\/p>\n\n\n\n<p>\u2013 Gianni Schicchi: \u201cO mio babbino caro\u201d<\/p>\n\n\n\n<p>\u2013 La Boh\u00e8me: \u201cQuando m\u2019en vo\u201d<\/p>\n\n\n\n<p>\u2013 La Boh\u00e8me: \u201cVecchia Zimarra\u201d<\/p>\n\n\n\n<p>\u2013 La Boh\u00e8me: \u201cO soave fanciulla\u201d<\/p>\n\n\n\n<p>\u2013 Turandot: \u201cNessun Dorma\u201d<\/p>\n\n\n\n<p>\u2013 Turnadot: \u201cPradre Augusto\u201d<\/p>\n\n\n\n<p>\u2013 Giuseppe Verdi (1813-1901) \u2013 La Traviata: \u201cLibiamo, ne\u2019 lie calici\u201d<\/p>\n\n\n\n<div style=\"height:30px\" aria-hidden=\"true\" class=\"wp-block-spacer\"><\/div>\n","protected":false},"excerpt":{"rendered":"<p>Hoy 24\/3, a las 15.30 en la Reserva Natural Villavicencio -Ruta Provincial 52, km 50,&hellip;<\/p>\n","protected":false},"author":3,"featured_media":112771,"comment_status":"open","ping_status":"open","sticky":false,"template":"","format":"standard","meta":{"footnotes":""},"categories":[47,11],"tags":[],"class_list":["post-112759","post","type-post","status-publish","format-standard","has-post-thumbnail","hentry","category-agenda","category-enoturismo"],"_links":{"self":[{"href":"https:\/\/enolife.com.ar\/es\/wp-json\/wp\/v2\/posts\/112759","targetHints":{"allow":["GET"]}}],"collection":[{"href":"https:\/\/enolife.com.ar\/es\/wp-json\/wp\/v2\/posts"}],"about":[{"href":"https:\/\/enolife.com.ar\/es\/wp-json\/wp\/v2\/types\/post"}],"author":[{"embeddable":true,"href":"https:\/\/enolife.com.ar\/es\/wp-json\/wp\/v2\/users\/3"}],"replies":[{"embeddable":true,"href":"https:\/\/enolife.com.ar\/es\/wp-json\/wp\/v2\/comments?post=112759"}],"version-history":[{"count":0,"href":"https:\/\/enolife.com.ar\/es\/wp-json\/wp\/v2\/posts\/112759\/revisions"}],"wp:featuredmedia":[{"embeddable":true,"href":"https:\/\/enolife.com.ar\/es\/wp-json\/wp\/v2\/media\/112771"}],"wp:attachment":[{"href":"https:\/\/enolife.com.ar\/es\/wp-json\/wp\/v2\/media?parent=112759"}],"wp:term":[{"taxonomy":"category","embeddable":true,"href":"https:\/\/enolife.com.ar\/es\/wp-json\/wp\/v2\/categories?post=112759"},{"taxonomy":"post_tag","embeddable":true,"href":"https:\/\/enolife.com.ar\/es\/wp-json\/wp\/v2\/tags?post=112759"}],"curies":[{"name":"wp","href":"https:\/\/api.w.org\/{rel}","templated":true}]}}