{"id":112655,"date":"2024-03-23T12:38:57","date_gmt":"2024-03-23T12:38:57","guid":{"rendered":"https:\/\/enolife.com.ar\/es\/?p=112655"},"modified":"2024-03-25T14:06:30","modified_gmt":"2024-03-25T14:06:30","slug":"de-6-al-8-8-expo-agua-2024-debatira-el-uso-del-agua-y-nuevas-tecnologias-de-riego-contra-la-sequia","status":"publish","type":"post","link":"https:\/\/enolife.com.ar\/es\/de-6-al-8-8-expo-agua-2024-debatira-el-uso-del-agua-y-nuevas-tecnologias-de-riego-contra-la-sequia\/","title":{"rendered":"De 6 al 8\/8, Expo Agua 2024 debatir\u00e1 el uso del agua y nuevas tecnolog\u00edas de riego contra la sequ\u00eda"},"content":{"rendered":"\n<h4 class=\"wp-block-heading\"><em><strong>En un encuentro cient\u00edfico-productivo que durar\u00e1 tres d\u00edas, la comunidad agron\u00f3mica podr\u00e1 actualizar e intercambiar conocimientos sobre el manejo y el ahorro del agua en tiempos de cambio clim\u00e1tico y crisis h\u00eddrica, y conocer las \u00faltimas tendencias tecnol\u00f3gicas en agricultura de regad\u00edo. Ser\u00e1 del 6 al 8 de agosto de 2024 en la Facultad de Ciencias Agrarias de la UNCuyo, en Luj\u00e1n, Mendoza.<\/strong><\/em><\/h4>\n\n\n\n<div style=\"height:35px\" aria-hidden=\"true\" class=\"wp-block-spacer\"><\/div>\n\n\n\n\n\n<div style=\"height:45px\" aria-hidden=\"true\" class=\"wp-block-spacer\"><\/div>\n\n\n<div class=\"wp-block-image\">\n<figure class=\"alignleft size-full is-resized\"><a href=\"https:\/\/enolife.com.ar\/es\/wp-content\/uploads\/2024\/03\/Imagen3-9.jpg\" data-rel=\"penci-gallery-image-content\" ><img loading=\"lazy\" decoding=\"async\" src=\"https:\/\/enolife.com.ar\/es\/wp-content\/uploads\/2024\/03\/Imagen3-9.jpg\" alt=\"\" class=\"wp-image-112701\" width=\"372\" height=\"385\" srcset=\"https:\/\/enolife.com.ar\/es\/wp-content\/uploads\/2024\/03\/Imagen3-9.jpg 433w, https:\/\/enolife.com.ar\/es\/wp-content\/uploads\/2024\/03\/Imagen3-9-290x300.jpg 290w\" sizes=\"auto, (max-width: 372px) 100vw, 372px\" \/><\/a><\/figure><\/div>\n\n\n<p>En el D\u00eda Mundial del Agua, 22 de marzo, la <strong>Facultad de Ciencias Agrarias (FCA)<\/strong> de la <strong>Universidad Nacional de Cuyo (UNCuyo)<\/strong>; el <strong>Departamento General de Irrigaci\u00f3n (DGI)<\/strong> -ente aut\u00e1rquico del gobierno provincial-; el <strong>Instituto Nacional de Tecnolog\u00eda Agropecuaria (INTA)<\/strong>; el <strong>Instituto Nacional del Agua (INA) <\/strong>y el <strong>Gobierno de Mendoza<\/strong> anunciaron la realizaci\u00f3n de la <strong>Expo Agua y Producci\u00f3n Sustentable 2024.&nbsp;<\/strong><\/p>\n\n\n\n<p>En el contexto de este encuentro cient\u00edfico-productivo, tendr\u00e1n lugar las <strong>VIII Jornadas de Actualizaci\u00f3n en Riego y Fertirriego y la Feria de Tecnolog\u00eda Agr\u00edcola<\/strong>. Ser\u00e1n del 6 al 8 de agosto en el predio de la FCA, en Luj\u00e1n de Cuyo.<\/p>\n\n\n\n<p>Actualizar conocimientos y tecnolog\u00edas, intercambiar experiencias y adoptar mejores pr\u00e1cticas de manejo del agua de riego son algunos de los objetivos del encuentro. Sus destinatarios son profesionales vinculados con la producci\u00f3n agropecuaria, productores, inspectores de cauce, t\u00e9cnicos, docentes e investigadores, estudiantes, usuarios y p\u00fablico en general.<\/p>\n\n\n\n<div style=\"height:35px\" aria-hidden=\"true\" class=\"wp-block-spacer\"><\/div>\n\n\n\n<p class=\"has-medium-font-size\"><strong>Escenarios y desaf\u00edos<\/strong><\/p>\n\n\n\n<p>Las estrategias para una mejor gesti\u00f3n del recurso h\u00eddrico deben ser integrales, tanto en estas condiciones actuales como en aquellos escenarios y desaf\u00edos que plantean el cambio clim\u00e1tico y el aumento poblacional. Adem\u00e1s, deben articular a todos los actores involucrados y contemplar a todos los usuarios para garantizar equidad en el acceso al agua en cantidad, calidad y oportunidad. En definitiva, lo que se busca es responder a las demandas y necesidades de cultivos intensivos y extensivos de todo el territorio nacional.<\/p>\n\n\n\n<p>Las jornadas constituyen un evento excepcional para transferir conocimientos, comunicar resultados y discutir los logros obtenidos en temas relacionados con la gesti\u00f3n del agua, en sus fases de administraci\u00f3n y distribuci\u00f3n extrapredial, y en aquellas de aplicaci\u00f3n y manejo en la parcela de cultivo.<\/p>\n\n\n\n<p>Tres son los ejes tem\u00e1ticos sobre los que girar\u00e1n las exposiciones y el debate: <strong>Agua, clima y planificaci\u00f3n<\/strong>; <strong>Tecnolog\u00edas de gesti\u00f3n del agua<\/strong> y <strong>Econom\u00eda, educaci\u00f3n, legislaci\u00f3n y gobernanza del agua<\/strong>. Como complemento de esta actividad cient\u00edfica, la <strong>Feria de Tecnolog\u00eda Agr\u00edcola <\/strong>apunta a convertirse en una exhibici\u00f3n de los \u00faltimos avances aplicados a la agricultura de regad\u00edo, poniendo al alcance de los asistentes una variedad de desarrollos locales, nacionales e internacionales.<\/p>\n\n\n\n<div style=\"height:35px\" aria-hidden=\"true\" class=\"wp-block-spacer\"><\/div>\n\n\n<a href=\"https:\/\/www.irrigacion.gov.ar\/web\/\" aria-label=\"irrigaci\u00f3n-1700X500\"><img loading=\"lazy\" decoding=\"async\" src=\"https:\/\/enolife.com.ar\/es\/wp-content\/uploads\/2021\/02\/irrigacion-1700X500.gif\" alt=\"\"  width=\"1700\" height=\"500\"   \/><\/a>\n\n\n<div style=\"height:35px\" aria-hidden=\"true\" class=\"wp-block-spacer\"><\/div>\n\n\n\n<p class=\"has-medium-font-size\"><strong>Cuidado del agua y eficiencia en el riego<\/strong><\/p>\n\n\n\n<p><strong>Mar\u00eda Flavia Filippini<\/strong>, decana de la <strong>Facultad de Ciencias Agrarias<\/strong>, afirm\u00f3: <em>\u201cLa gesti\u00f3n del agua y la sustentabilidad se constituyen como elementos centrales para la producci\u00f3n agroindustrial de Mendoza y la regi\u00f3n. La expo re\u00fane ambos conceptos y lo hace con una mirada p\u00fablico-privada, favoreciendo la interacci\u00f3n entre investigadores, empresas y Gobierno. Desde la facultad venimos trabajando esta tem\u00e1tica de manera sostenida a trav\u00e9s de acciones de formaci\u00f3n, de investigaci\u00f3n y de vinculaci\u00f3n. En esta l\u00ednea, hemos coorganizado las siete ediciones de las Jornadas de Riego y Fertirriego y, en esta oportunidad, buscamos integrar al sector privado de una manera contundente, respondiendo a un nuevo modelo de gesti\u00f3n ecosist\u00e9mica\u201d.<\/em><\/p>\n\n\n\n<p>En tanto, <strong>Sergio Marinelli<\/strong>, superintendente de Irrigaci\u00f3n, coment\u00f3: <em>\u201cVenimos construyendo gobernanza junto a la Facultad de Ciencias Agrarias con distintas iniciativas en torno al cuidado del agua y la eficiencia de riego, trabajando en ciclos, capacitaciones, cursos y charlas para la comunidad de usuarios y la sociedad en general\u201d.<\/em><\/p>\n\n\n\n<p>Asimismo, el funcionario agreg\u00f3: <em>\u201cEs siempre importante para una provincia como Mendoza, que desde hace una d\u00e9cada transita una sequ\u00eda sostenida, con per\u00edodos de mayor agua como el actual, y de menor cantidad como la temporada pasada; abordar de manera cient\u00edfica y tecnol\u00f3gica los retos y desaf\u00edos que se presentar\u00e1n en los pr\u00f3ximos a\u00f1os entre el agua disponible y la demanda cada vez m\u00e1s creciente\u201d.<\/em><\/p>\n\n\n\n<p>Finalmente, Marinelli dijo: <em>\u201cLa innovaci\u00f3n, el desarrollo, la investigaci\u00f3n y la participaci\u00f3n de diferentes actores sociales involucrados en la gesti\u00f3n de los recursos h\u00eddricos ser\u00e1 fundamental para planificar y abordar los escenarios h\u00eddricos pr\u00f3ximos en torno al cambio clim\u00e1tico\u201d.<\/em><\/p>\n\n\n\n<div style=\"height:30px\" aria-hidden=\"true\" class=\"wp-block-spacer\"><\/div>\n\n\n<div class=\"wp-block-image\">\n<figure class=\"aligncenter size-full is-resized\"><a href=\"https:\/\/enolife.com.ar\/es\/wp-content\/uploads\/2024\/03\/3ra-edicion-escuela-de-oficios_546_966.jpg\" data-rel=\"penci-gallery-image-content\" ><img loading=\"lazy\" decoding=\"async\" src=\"https:\/\/enolife.com.ar\/es\/wp-content\/uploads\/2024\/03\/3ra-edicion-escuela-de-oficios_546_966.jpg\" alt=\"\" class=\"wp-image-112695\" width=\"476\" height=\"433\" srcset=\"https:\/\/enolife.com.ar\/es\/wp-content\/uploads\/2024\/03\/3ra-edicion-escuela-de-oficios_546_966.jpg 450w, https:\/\/enolife.com.ar\/es\/wp-content\/uploads\/2024\/03\/3ra-edicion-escuela-de-oficios_546_966-300x273.jpg 300w\" sizes=\"auto, (max-width: 476px) 100vw, 476px\" \/><\/a><figcaption class=\"wp-element-caption\"><em><strong>Sergio Marinelli y Mar\u00eda Flavia Filippini<\/strong><\/em><\/figcaption><\/figure><\/div>\n\n\n<div style=\"height:30px\" aria-hidden=\"true\" class=\"wp-block-spacer\"><\/div>\n\n\n\n<p>Por su parte, <strong>Claudio Galmarini,<\/strong> director del<strong> Centro Regional Mendoza-San Juan INTA<\/strong>, asegur\u00f3: <em>\u201cEl consenso acerca de que la regi\u00f3n atraviesa una grave crisis h\u00eddrica, y con perspectiva de no mejorar en los pr\u00f3ximos a\u00f1os, nos interpela en nuestro rol institucional para abordar la problem\u00e1tica de manera hol\u00edstica e integrada\u201d.<\/em><\/p>\n\n\n\n<p>Posteriormente, agreg\u00f3:<em> \u201cEs por ello que el INTA ha priorizado la tem\u00e1tica en la regi\u00f3n. Esto significa que, mediante nuestros equipos de extensi\u00f3n e investigaci\u00f3n, como tambi\u00e9n mediante la articulaci\u00f3n y coordinaci\u00f3n de esfuerzos con organismos nacionales, provinciales, municipales como con organizaciones civiles, desarrollamos acciones para hacer un uso eficiente del agua y facilitar el acceso a tecnolog\u00edas que permitan a los actores del sector productivo adecuarse a la realidad h\u00eddrica de la regi\u00f3n. La Expo Agua ser\u00e1 una gran oportunidad para mostrar los avances logrados y proponer nuevos desaf\u00edos\u201d.<\/em><\/p>\n\n\n\n<div style=\"height:30px\" aria-hidden=\"true\" class=\"wp-block-spacer\"><\/div>\n\n\n<div class=\"wp-block-image\">\n<figure class=\"aligncenter size-full is-resized\"><a href=\"https:\/\/enolife.com.ar\/es\/wp-content\/uploads\/2024\/03\/galmarini-1.jpg\" data-rel=\"penci-gallery-image-content\" ><img loading=\"lazy\" decoding=\"async\" src=\"https:\/\/enolife.com.ar\/es\/wp-content\/uploads\/2024\/03\/galmarini-1.jpg\" alt=\"\" class=\"wp-image-112699\" width=\"483\" height=\"326\" srcset=\"https:\/\/enolife.com.ar\/es\/wp-content\/uploads\/2024\/03\/galmarini-1.jpg 741w, https:\/\/enolife.com.ar\/es\/wp-content\/uploads\/2024\/03\/galmarini-1-300x202.jpg 300w, https:\/\/enolife.com.ar\/es\/wp-content\/uploads\/2024\/03\/galmarini-1-585x395.jpg 585w\" sizes=\"auto, (max-width: 483px) 100vw, 483px\" \/><\/a><figcaption class=\"wp-element-caption\"><em><strong>Claudio Galmarini<\/strong><\/em><\/figcaption><\/figure><\/div>\n\n\n<div style=\"height:30px\" aria-hidden=\"true\" class=\"wp-block-spacer\"><\/div>\n\n\n\n<p>Entre tanto, <strong>Santiago Ruiz Freites<\/strong>, subgerente del Centro Regional Andino del INA, explic\u00f3 que <em>\u201ces de suma importancia que se re\u00fanan, para el tratamiento de estos temas, el Gobierno, en el dise\u00f1o de las pol\u00edticas p\u00fablicas; los organismos de ciencia y tecnolog\u00eda como el INTA y el Instituto Nacional del Agua; la academia, con la Facultad de Ciencias Agrarias; y el Departamento General de Irrigaci\u00f3n, como organismo de gesti\u00f3n y de distribuci\u00f3n del agua, para analizar integralmente las nuevas tecnolog\u00edas en materia de pr\u00e1cticas agr\u00edcolas y fertirriego, acompa\u00f1ando su desarrollo y aplicaci\u00f3n a la realidad de Mendoza\u201d.<\/em><\/p>\n\n\n\n<div style=\"height:30px\" aria-hidden=\"true\" class=\"wp-block-spacer\"><\/div>\n\n\n<div class=\"wp-block-image\">\n<figure class=\"aligncenter size-full is-resized\"><a href=\"https:\/\/enolife.com.ar\/es\/wp-content\/uploads\/2024\/03\/5392528c89403aea82c1bd99e9f30c30.jpg\" data-rel=\"penci-gallery-image-content\" ><img loading=\"lazy\" decoding=\"async\" src=\"https:\/\/enolife.com.ar\/es\/wp-content\/uploads\/2024\/03\/5392528c89403aea82c1bd99e9f30c30.jpg\" alt=\"\" class=\"wp-image-112700\" width=\"508\" height=\"377\" srcset=\"https:\/\/enolife.com.ar\/es\/wp-content\/uploads\/2024\/03\/5392528c89403aea82c1bd99e9f30c30.jpg 608w, https:\/\/enolife.com.ar\/es\/wp-content\/uploads\/2024\/03\/5392528c89403aea82c1bd99e9f30c30-300x223.jpg 300w, https:\/\/enolife.com.ar\/es\/wp-content\/uploads\/2024\/03\/5392528c89403aea82c1bd99e9f30c30-585x434.jpg 585w\" sizes=\"auto, (max-width: 508px) 100vw, 508px\" \/><\/a><figcaption class=\"wp-element-caption\"><em><strong> Santiago Ruiz Freites<\/strong><\/em><\/figcaption><\/figure><\/div>\n\n\n<div style=\"height:30px\" aria-hidden=\"true\" class=\"wp-block-spacer\"><\/div>\n\n\n\n<p>Por \u00faltimo, <strong>Alfredo Draque<\/strong>, director de <strong>Agricultura, del Ministerio de Producci\u00f3n, <\/strong>coment\u00f3 que <em>\u201cla Expo Agua es fundamental para el Gobierno de Mendoza, al tratarse de un tema estrat\u00e9gico para la producci\u00f3n y el desarrollo de la agroindustria. En un espacio de interacci\u00f3n de organismos p\u00fablicos, agentes privados y academia se buscar\u00e1n y generar\u00e1n soluciones innovadoras y participativas a los grandes problemas que se nos presentan\u201d.<\/em><\/p>\n\n\n\n<div style=\"height:30px\" aria-hidden=\"true\" class=\"wp-block-spacer\"><\/div>\n\n\n<div class=\"wp-block-image\">\n<figure class=\"aligncenter size-full is-resized\"><a href=\"https:\/\/enolife.com.ar\/es\/wp-content\/uploads\/2024\/03\/Imagen1-22.jpg\" data-rel=\"penci-gallery-image-content\" ><img loading=\"lazy\" decoding=\"async\" src=\"https:\/\/enolife.com.ar\/es\/wp-content\/uploads\/2024\/03\/Imagen1-22.jpg\" alt=\"\" class=\"wp-image-112697\" width=\"496\" height=\"332\" srcset=\"https:\/\/enolife.com.ar\/es\/wp-content\/uploads\/2024\/03\/Imagen1-22.jpg 636w, https:\/\/enolife.com.ar\/es\/wp-content\/uploads\/2024\/03\/Imagen1-22-300x201.jpg 300w, https:\/\/enolife.com.ar\/es\/wp-content\/uploads\/2024\/03\/Imagen1-22-585x392.jpg 585w\" sizes=\"auto, (max-width: 496px) 100vw, 496px\" \/><\/a><figcaption class=\"wp-element-caption\"><em><strong>Alfredo Draque<\/strong><\/em><\/figcaption><\/figure><\/div>\n\n\n<div style=\"height:35px\" aria-hidden=\"true\" class=\"wp-block-spacer\"><\/div>\n\n\n\n<p class=\"has-medium-font-size\"><strong>En detalle<\/strong><\/p>\n\n\n\n<p>La Expo tendr\u00e1 varias modalidades para participar. Por un lado, las sesiones t\u00e9cnico-cient\u00edficas, que servir\u00e1n para compartir trabajos en formato oral y p\u00f3sters y, por otro, las sesiones t\u00e9cnico-productivas por medio de conversatorios donde se dar\u00e1n a conocer experiencias y casos pr\u00e1cticos. Integrada a la expo, se podr\u00e1 exhibir en la feria la oferta de tecnolog\u00eda destinada al sector agr\u00edcola.<\/p>\n\n\n\n<p>Tambi\u00e9n habr\u00e1 conferencias centrales a cargo de referentes del sector acad\u00e9mico, privado y gubernamental. Y, finalmente, se har\u00e1n visitas t\u00e9cnicas por temas de fincas, y en ellas, las tecnolog\u00edas de riego y las energ\u00edas renovables, de re\u00faso de agua y de distribuci\u00f3n.<\/p>\n\n\n\n<p>Adem\u00e1s, se ofrecer\u00e1 una instancia para la publicaci\u00f3n de trabajos. En primer lugar, en el libro de res\u00famenes con ISBN que incluir\u00e1 las conclusiones del encuentro. Tambi\u00e9n se seleccionar\u00e1n trabajos para publicar en las revistas&nbsp;<strong>Experticia<\/strong><em>&nbsp;<\/em>y de <strong>Ciencias Agrarias.<\/strong><\/p>\n\n\n\n<div style=\"height:35px\" aria-hidden=\"true\" class=\"wp-block-spacer\"><\/div>\n\n\n\n<p class=\"has-medium-font-size\"><strong>C\u00f3mo participar<\/strong><\/p>\n\n\n\n<p>Las personas interesadas en asistir tienen que<strong> completar\u00a0<a href=\"https:\/\/www.uncuyo.edu.ar\/expoagua\/inscripciones\" target=\"_blank\" rel=\"noreferrer noopener\">este formulario de inscripci\u00f3n<\/a><\/strong>\u00a0y abonar el arancel correspondiente seg\u00fan el perfil del asistente. Cada inscripci\u00f3n habilita la presentaci\u00f3n de hasta tres trabajos. Est\u00e1 previsto un fondo de becas para estudiantes.<\/p>\n\n\n\n<p><strong>La recepci\u00f3n de res\u00famenes est\u00e1 abierta hasta el 15 de mayo.<\/strong> El env\u00edo debe hacerse a trav\u00e9s<strong> de\u00a0<a href=\"https:\/\/www.uncuyo.edu.ar\/expoagua\/resumenes\" target=\"_blank\" rel=\"noreferrer noopener\">este formulario<\/a><\/strong>\u00a0y los resultados de la evaluaci\u00f3n se comunicar\u00e1n el 20 de junio.<\/p>\n\n\n\n<p class=\"has-background\" style=\"background-color:#abb7c252\"><strong>Toda la informaci\u00f3n para participar est\u00e1 disponible en el\u00a0<a href=\"https:\/\/www.uncuyo.edu.ar\/expoagua\/\" target=\"_blank\" rel=\"noreferrer noopener\">sitio web de la expo<\/a>. Por consultas, comunicarse al correo\u00a0<a href=\"mailto:expoagua@fca.uncu.edu.ar\" target=\"_blank\" rel=\"noreferrer noopener\">expoagua@fca.uncu.edu.ar<\/a>.<\/strong><\/p>\n\n\n\n<div style=\"height:31px\" aria-hidden=\"true\" class=\"wp-block-spacer\"><\/div>\n","protected":false},"excerpt":{"rendered":"<p>En un encuentro cient\u00edfico-productivo que durar\u00e1 tres d\u00edas, la comunidad agron\u00f3mica podr\u00e1 actualizar e intercambiar&hellip;<\/p>\n","protected":false},"author":3,"featured_media":112706,"comment_status":"open","ping_status":"open","sticky":false,"template":"","format":"standard","meta":{"footnotes":""},"categories":[10],"tags":[],"class_list":["post-112655","post","type-post","status-publish","format-standard","has-post-thumbnail","hentry","category-ferias"],"_links":{"self":[{"href":"https:\/\/enolife.com.ar\/es\/wp-json\/wp\/v2\/posts\/112655","targetHints":{"allow":["GET"]}}],"collection":[{"href":"https:\/\/enolife.com.ar\/es\/wp-json\/wp\/v2\/posts"}],"about":[{"href":"https:\/\/enolife.com.ar\/es\/wp-json\/wp\/v2\/types\/post"}],"author":[{"embeddable":true,"href":"https:\/\/enolife.com.ar\/es\/wp-json\/wp\/v2\/users\/3"}],"replies":[{"embeddable":true,"href":"https:\/\/enolife.com.ar\/es\/wp-json\/wp\/v2\/comments?post=112655"}],"version-history":[{"count":0,"href":"https:\/\/enolife.com.ar\/es\/wp-json\/wp\/v2\/posts\/112655\/revisions"}],"wp:featuredmedia":[{"embeddable":true,"href":"https:\/\/enolife.com.ar\/es\/wp-json\/wp\/v2\/media\/112706"}],"wp:attachment":[{"href":"https:\/\/enolife.com.ar\/es\/wp-json\/wp\/v2\/media?parent=112655"}],"wp:term":[{"taxonomy":"category","embeddable":true,"href":"https:\/\/enolife.com.ar\/es\/wp-json\/wp\/v2\/categories?post=112655"},{"taxonomy":"post_tag","embeddable":true,"href":"https:\/\/enolife.com.ar\/es\/wp-json\/wp\/v2\/tags?post=112655"}],"curies":[{"name":"wp","href":"https:\/\/api.w.org\/{rel}","templated":true}]}}