{"id":112486,"date":"2024-03-21T11:57:01","date_gmt":"2024-03-21T11:57:01","guid":{"rendered":"https:\/\/enolife.com.ar\/es\/?p=112486"},"modified":"2024-03-23T12:39:41","modified_gmt":"2024-03-23T12:39:41","slug":"que-artistas-tocaran-en-el-festival-de-musica-clasica-por-los-caminos-del-vino-del-27-3-al-2-4","status":"publish","type":"post","link":"https:\/\/enolife.com.ar\/es\/que-artistas-tocaran-en-el-festival-de-musica-clasica-por-los-caminos-del-vino-del-27-3-al-2-4\/","title":{"rendered":"Qu\u00e9 artistas tocar\u00e1n en el Festival de M\u00fasica Cl\u00e1sica por los Caminos del Vino del 27\/3 al 2\/4"},"content":{"rendered":"\n<h4 class=\"wp-block-heading\"><em><strong>Como cada a\u00f1o desde el 2000, a principios de oto\u00f1o Mendoza ofrece a vecinos y turistas el ya reconocido festival de m\u00fasica cl\u00e1sica entre vi\u00f1edos y bodegas, cavas e iglesias, espacios p\u00fablicos y escenarios especiales montados para la ocasi\u00f3n. En esta edici\u00f3n 2024, 41 m\u00fasicos y agrupaciones ya confirmados suben a escena desde el pr\u00f3ximo mi\u00e9rcoles 27 de marzo y hasta el 2 de abril. Algunos de los espect\u00e1culos ser\u00e1n gratuitos y en otros hay que pagar entrada. En todos los casos, hay que reservar o comprar el ticket en&nbsp;<strong>Entradaweb<\/strong>. En los pr\u00f3ximos d\u00edas, la grilla completa y los detalles de adquisici\u00f3n de tickets estar\u00e1n disponible en la web del Gobierno de Mendoza.<\/strong><\/em><\/h4>\n\n\n\n<div style=\"height:35px\" aria-hidden=\"true\" class=\"wp-block-spacer\"><\/div>\n\n\n<a href=\"https:\/\/jmzeballos.com\/\" aria-label=\"PUBLICIDAD ENOLIFE 2023_\u00c1NFORAS 1700 x 500\"><img loading=\"lazy\" decoding=\"async\" src=\"https:\/\/enolife.com.ar\/es\/wp-content\/uploads\/2020\/12\/PUBLICIDAD-ENOLIFE-2023_ANFORAS-1700-x-500.jpg\" alt=\"\"  srcset=\"https:\/\/enolife.com.ar\/es\/wp-content\/uploads\/2020\/12\/PUBLICIDAD-ENOLIFE-2023_ANFORAS-1700-x-500.jpg 1700w, https:\/\/enolife.com.ar\/es\/wp-content\/uploads\/2020\/12\/PUBLICIDAD-ENOLIFE-2023_ANFORAS-1700-x-500-300x88.jpg 300w, https:\/\/enolife.com.ar\/es\/wp-content\/uploads\/2020\/12\/PUBLICIDAD-ENOLIFE-2023_ANFORAS-1700-x-500-1024x301.jpg 1024w, https:\/\/enolife.com.ar\/es\/wp-content\/uploads\/2020\/12\/PUBLICIDAD-ENOLIFE-2023_ANFORAS-1700-x-500-768x226.jpg 768w, https:\/\/enolife.com.ar\/es\/wp-content\/uploads\/2020\/12\/PUBLICIDAD-ENOLIFE-2023_ANFORAS-1700-x-500-1536x452.jpg 1536w, https:\/\/enolife.com.ar\/es\/wp-content\/uploads\/2020\/12\/PUBLICIDAD-ENOLIFE-2023_ANFORAS-1700-x-500-1170x344.jpg 1170w, https:\/\/enolife.com.ar\/es\/wp-content\/uploads\/2020\/12\/PUBLICIDAD-ENOLIFE-2023_ANFORAS-1700-x-500-585x172.jpg 585w\" sizes=\"auto, (max-width: 1700px) 100vw, 1700px\" width=\"1700\" height=\"500\"   \/><\/a>\n\n\n<div style=\"height:45px\" aria-hidden=\"true\" class=\"wp-block-spacer\"><\/div>\n\n\n\n<p><a href=\"https:\/\/www.mendoza.gov.ar\/cultura\"><\/a>El oto\u00f1o es la estaci\u00f3n del a\u00f1o en la que Mendoza se muestra m\u00e1s bella a los ojos del visitante y al coraz\u00f3n de los que viven en ella. Marzo y abril deslumbran con un estallido de colores y contrastes. Las arboledas y los vi\u00f1edos empiezan a vestirse de oro, la cordillera sigue ofreciendo todo su esplendor, ahora con las cumbres nevadas y contrastando con el azul intenso del cielo.<\/p>\n\n\n\n<p>Mientras el tibio sol mendocino acompa\u00f1a las jornadas e invita a quedarse disfrutando de los paisajes, Mendoza ofrece una incomparable fiesta para el esp\u00edritu, para el goce de los sentidos en su m\u00e1s refinada condici\u00f3n est\u00e9tica: el <strong>Festival Internacional M\u00fasica Cl\u00e1sica por los Caminos del Vino<\/strong>, que organiza cada a\u00f1o el <strong>Gobierno de Mendoza<\/strong>, a trav\u00e9s de la <strong>Subsecretar\u00eda de Cultura<\/strong>.<\/p>\n\n\n\n<div style=\"height:30px\" aria-hidden=\"true\" class=\"wp-block-spacer\"><\/div>\n\n\n<div class=\"wp-block-image\">\n<figure class=\"aligncenter size-full is-resized\"><a href=\"https:\/\/enolife.com.ar\/es\/wp-content\/uploads\/2024\/03\/LA7_2886-web-700x350-1.jpg\" data-rel=\"penci-gallery-image-content\" ><img loading=\"lazy\" decoding=\"async\" src=\"https:\/\/enolife.com.ar\/es\/wp-content\/uploads\/2024\/03\/LA7_2886-web-700x350-1.jpg\" alt=\"\" class=\"wp-image-112529\" width=\"720\" height=\"360\" srcset=\"https:\/\/enolife.com.ar\/es\/wp-content\/uploads\/2024\/03\/LA7_2886-web-700x350-1.jpg 700w, https:\/\/enolife.com.ar\/es\/wp-content\/uploads\/2024\/03\/LA7_2886-web-700x350-1-300x150.jpg 300w, https:\/\/enolife.com.ar\/es\/wp-content\/uploads\/2024\/03\/LA7_2886-web-700x350-1-585x293.jpg 585w\" sizes=\"auto, (max-width: 720px) 100vw, 720px\" \/><\/a><figcaption class=\"wp-element-caption\"><strong><em>Una escena t\u00edpica del festival M\u00fasica Cl\u00e1sica por los Caminos del Vino: artistas y p\u00fablico entre vi\u00f1as y un estallido de colores y contrastes.<\/em><\/strong><\/figcaption><\/figure><\/div>\n\n\n<div style=\"height:30px\" aria-hidden=\"true\" class=\"wp-block-spacer\"><\/div>\n\n\n\n<p>Coincidiendo con la celebraci\u00f3n de Semana Santa, durante cada inicio de oto\u00f1o, este prestigioso festival musical permite disfrutar a reconocidos m\u00fasicos mendocinos e invitados. Por ello est\u00e1 bueno conocer por anticipado qui\u00e9nes interpretar\u00e1n los m\u00e1s variados instrumentos, que voces cantar\u00e1n y que ensambles subir\u00e1n a escena<\/p>\n\n\n\n<div style=\"height:35px\" aria-hidden=\"true\" class=\"wp-block-spacer\"><\/div>\n\n\n\n<p class=\"has-medium-font-size\"><strong>Propuestas que participan de la edici\u00f3n 2024<\/strong><\/p>\n\n\n\n<p>\u2013 Cuarteto de Guitarras Ecos<\/p>\n\n\n\n<p>\u2013 Gast\u00f3n Abdala, solista de guitarra<\/p>\n\n\n\n<p>\u2013 Piazzollamente<\/p>\n\n\n\n<p>\u2013&nbsp;D\u00fao Ganem-Campo,&nbsp; flauta y piano<\/p>\n\n\n\n<p>\u2013&nbsp;D\u00fao Garay-Gidoni, guitarra y flauta<\/p>\n\n\n\n<p>\u2013 D\u00fao Galigniana- Quiroga, viol\u00edn y piano<\/p>\n\n\n\n<p>\u2013&nbsp;Jazz Cuve\u00e9<\/p>\n\n\n\n<p>\u2013&nbsp;Zabala-Fazio,<\/p>\n\n\n\n<p>\u2013 Bel Suono, ensamble l\u00edrico<\/p>\n\n\n\n<p>\u2013 Octeto Esloveno de Mendoza<\/p>\n\n\n\n<p>\u2013 Graciela Milana,&nbsp; solista de arpa<\/p>\n\n\n\n<p>\u2013 D\u00fao&nbsp; del sur,&nbsp; cello y guitarra<\/p>\n\n\n\n<p>\u2013 Cuarteto Ecos<\/p>\n\n\n\n<p>\u2013&nbsp;Ignacio Figueroa Fernandez, solista de piano<\/p>\n\n\n\n<p>\u2013 Juan Molina, solista de guitarra<\/p>\n\n\n\n<p>\u2013 D\u00fao Sonoras, flauta y guitarra<\/p>\n\n\n\n<p>\u2013 Rodr\u00edguez Rial, Zelada, y Fac.<\/p>\n\n\n\n<p>\u2013 D\u00fao Plana-Pittella<\/p>\n\n\n\n<p>\u2013 D\u00fao Mena-Almada,&nbsp; canto y guitarra<\/p>\n\n\n\n<p>\u2013 Laurino Vieri, d\u00fao clarinete&nbsp; y piano<\/p>\n\n\n\n<p>\u2013 D\u00fao&nbsp; Cerusico,&nbsp; viol\u00edn y piano<\/p>\n\n\n\n<p>\u2013 Tr\u00edo Bordeaux,&nbsp;&nbsp; canto, flauta y piano<\/p>\n\n\n\n<p>\u2013 Ensamble&nbsp; Viva la l\u00edrica<\/p>\n\n\n\n<p>\u2013 Salcedo,&nbsp; Masetti y Cutuli, piano.<\/p>\n\n\n\n<p>\u2013 ClariNotes<\/p>\n\n\n\n<p>\u2013&nbsp;Cuerdas del Plata<\/p>\n\n\n\n<p>\u2013 Mendoza piano and winds<\/p>\n\n\n\n<p>\u2013 Federico Tomba<\/p>\n\n\n\n<p>\u2013 Albertina&nbsp; Crescitelli,&nbsp; solista de piano<\/p>\n\n\n\n<p>\u2013 Cuarteto&nbsp; Suqu\u00eda<\/p>\n\n\n\n<p>\u2013 Germ\u00e1n&nbsp; Andr\u00e9s L\u00f3pez,&nbsp; solista de guitarra<\/p>\n\n\n\n<p>\u2013 D\u00fao L\u00fce\/Masetti,&nbsp; canto piano<\/p>\n\n\n\n<p>\u2013 Clarinetistas d\u00fao<\/p>\n\n\n\n<p>\u2013 Tr\u00edo&nbsp; agitato<\/p>\n\n\n\n<p>\u2013 Nahuel&nbsp; Romero,&nbsp; solista de guitarra<\/p>\n\n\n\n<p>\u2013&nbsp;La gran \u00f3pera,&nbsp; canto y piano<\/p>\n\n\n\n<p>\u2013 Nauta, canto&nbsp; y arpa<\/p>\n\n\n\n<p>\u2013&nbsp;Mujeres en el arte, pianistas<\/p>\n\n\n\n<p>\u2013 Chiara D\u2019Odorico<\/p>\n\n\n\n<p>\u2013 Grupo Vocal DE 2 a 4<\/p>\n\n\n\n<p>\u2013 Quintetas&nbsp; del&nbsp; Brass<\/p>\n\n\n\n<div style=\"height:35px\" aria-hidden=\"true\" class=\"wp-block-spacer\"><\/div>\n\n\n\n<p class=\"has-medium-font-size\"><strong>El festival a\u00f1o tras a\u00f1o<\/strong><\/p>\n\n\n\n<p>En el\u00a0<strong>2000<\/strong>\u00a0comienza el Festival M\u00fasica Cl\u00e1sica por los Caminos del Vino. En ese primer a\u00f1o fueron siete conciertos en siete iglesias, durante Semana Santa. En 2001 se incorporaron las bodegas.<\/p>\n\n\n\n<p><strong>2001<\/strong>: Hay m\u00e1s conciertos, incluyendo otros sitios, adem\u00e1s de las Iglesias. As\u00ed surge lo que luego de diez a\u00f1os pasa a llamarse Festival Internacional M\u00fasica Cl\u00e1sica por los Caminos del Vino. Fueron siete conciertos en seis bodegas y dos m\u00e1s al aire libre en el Parque Gral. San Mart\u00edn y el Dique Valle Grande ubicado en San Rafael.<\/p>\n\n\n\n<p><strong>2002:<\/strong>&nbsp;Hubo m\u00e1s de treinta conciertos, incluyendo diez bodegas de distintos departamentos.<\/p>\n\n\n\n<p><strong>2003:<\/strong>&nbsp;Casi todos los conciertos contaron con la presencia de m\u00fasicos mendocinos encabezados por la Orquesta Filarm\u00f3nica de Mendoza y numerosos conjuntos de c\u00e1mara. Se destac\u00f3 la Orquesta Fritz Kreisler de Santiago de Chile.<\/p>\n\n\n\n<p><strong>2004:<\/strong>&nbsp;Comienza a denominarse Festival. Las bodegas suman degustaciones de vinos y comidas t\u00edpicas a los conciertos. La mayor asistencia se dio en bodegas.<\/p>\n\n\n\n<p><strong>2005:<\/strong>&nbsp;Contin\u00faa aumentando el n\u00famero de conciertos: 40 de ellos se llevan a cabo en la mayor\u00eda de los departamentos. Los escenarios fueron museos, capillas y algunas de las bodegas participantes.<\/p>\n\n\n\n<p><strong>2006:<\/strong>&nbsp;En s\u00f3lo 5 d\u00edas hubo 52 conciertos en 16 bodegas.<\/p>\n\n\n\n<div style=\"height:30px\" aria-hidden=\"true\" class=\"wp-block-spacer\"><\/div>\n\n\n<div class=\"wp-block-image\">\n<figure class=\"aligncenter size-full is-resized\"><a href=\"https:\/\/enolife.com.ar\/es\/wp-content\/uploads\/2024\/03\/cronologia-al-2017.jpg\" data-rel=\"penci-gallery-image-content\" ><img loading=\"lazy\" decoding=\"async\" src=\"https:\/\/enolife.com.ar\/es\/wp-content\/uploads\/2024\/03\/cronologia-al-2017.jpg\" alt=\"\" class=\"wp-image-112526\" width=\"565\" height=\"390\" srcset=\"https:\/\/enolife.com.ar\/es\/wp-content\/uploads\/2024\/03\/cronologia-al-2017.jpg 699w, https:\/\/enolife.com.ar\/es\/wp-content\/uploads\/2024\/03\/cronologia-al-2017-300x207.jpg 300w, https:\/\/enolife.com.ar\/es\/wp-content\/uploads\/2024\/03\/cronologia-al-2017-585x403.jpg 585w\" sizes=\"auto, (max-width: 565px) 100vw, 565px\" \/><\/a><figcaption class=\"wp-element-caption\"><strong><em>Cronolog\u00eda al 2017<\/em><\/strong><\/figcaption><\/figure><\/div>\n\n\n<div style=\"height:30px\" aria-hidden=\"true\" class=\"wp-block-spacer\"><\/div>\n\n\n\n<p><strong>2007:<\/strong>&nbsp;El Festival se posiciona como una de las atracciones m\u00e1s importantes de Semana Santa. Hubo 50 conciertos en 20 bodegas m\u00e1s la Enoteca y el Museo Nacional del Vino y la Vendimia en Maip\u00fa, escenarios al aire libre y museos como el Fader o el de Arte Moderno, los teatros Independencia, Universidad, Roma en San Rafael, auditorios como el Bustelo templos hist\u00f3ricos como la Bas\u00edlica San Francisco y el Santuario de Mar\u00eda Auxiliadora de Rodeo del Medio, que volvieron a ceder sus espacios para la mejor combinaci\u00f3n de m\u00fasica y degustaciones.<\/p>\n\n\n\n<p><strong>2008:<\/strong>&nbsp;M\u00e1s de 50 eventos en los cuatro puntos cardinales de la provincia. Se distinguieron los invitados internacionales. Como novedades, incorporan clases para j\u00f3venes m\u00fasicos, dictadas por los profesores Ingrid Zury Jorge Heder, de Frankfurt, Alemania.<\/p>\n\n\n\n<p><strong>2009:<\/strong>&nbsp;El festival agrega su veta solidaria a trav\u00e9s de un convenio con el Rotary Club, lo que permiti\u00f3 el canje de dos entradas por una caja de leche en polvo. Esta modalidad se mantiene hasta hoy.<\/p>\n\n\n\n<p><strong>2010:<\/strong>&nbsp;Comienza a llamarse a concurso de propuestas art\u00edsticas para participar del festival. Se confeccionan bases y un reglamento. Se eligieron 45 propuestas que, junto a los artistas invitados, dieron vida a 54 conciertos.<\/p>\n\n\n\n<p><strong>2011:<\/strong>&nbsp;Reafirm\u00f3 la impronta latinoamericana del a\u00f1o anterior. Tuvo m\u00e1s de 50 conciertos con grupos locales, nacionales e internacionales. Por primera vez actu\u00f3 para el Concierto de cierre la Orquesta de C\u00e1mara de Caminos del Vino, dirigida por Pablo Sarav\u00ed.<\/p>\n\n\n\n<p><strong>2012:<\/strong>&nbsp;Comienza a homenajear a compositores. Ese a\u00f1o se record\u00f3 a Claude Debussy, Carlos Guastavino y Tito Francia.<\/p>\n\n\n\n<p><strong>2013:<\/strong>&nbsp;El n\u00famero de conciertos asciende a 60 y el Festival se extiende por dos semanas. Mendoza se destaca como uno de los principales destinos para Semana Santa. Los conciertos abarcan todos los g\u00e9neros posibles dentro de la m\u00fasica cl\u00e1sica: sinf\u00f3nico, de c\u00e1mara, sol\u00edstico, coral y teatro musical. Se homenajea al argentino Gilardo Gilardi, el italiano Giuseppe Verdi y el belga-argentino Julio Perceval. Se incorpora el Espacio Cultural, Julio Le Parc al circuito del Festival.<\/p>\n\n\n\n<div style=\"height:30px\" aria-hidden=\"true\" class=\"wp-block-spacer\"><\/div>\n\n\n\n<figure class=\"wp-block-gallery has-nested-images columns-default is-cropped wp-block-gallery-1 is-layout-flex wp-block-gallery-is-layout-flex\">\n<figure class=\"wp-block-image size-full\"><a href=\"https:\/\/enolife.com.ar\/es\/wp-content\/uploads\/2024\/03\/2012.jpg\" data-rel=\"penci-gallery-image-content\" ><img loading=\"lazy\" decoding=\"async\" width=\"695\" height=\"831\" data-id=\"112511\" src=\"https:\/\/enolife.com.ar\/es\/wp-content\/uploads\/2024\/03\/2012.jpg\" alt=\"\" class=\"wp-image-112511\" srcset=\"https:\/\/enolife.com.ar\/es\/wp-content\/uploads\/2024\/03\/2012.jpg 695w, https:\/\/enolife.com.ar\/es\/wp-content\/uploads\/2024\/03\/2012-251x300.jpg 251w, https:\/\/enolife.com.ar\/es\/wp-content\/uploads\/2024\/03\/2012-585x699.jpg 585w\" sizes=\"auto, (max-width: 695px) 100vw, 695px\" \/><\/a><\/figure>\n\n\n\n<figure class=\"wp-block-image size-full\"><a href=\"https:\/\/enolife.com.ar\/es\/wp-content\/uploads\/2024\/03\/2013.jpg\" data-rel=\"penci-gallery-image-content\" ><img loading=\"lazy\" decoding=\"async\" width=\"698\" height=\"543\" data-id=\"112512\" src=\"https:\/\/enolife.com.ar\/es\/wp-content\/uploads\/2024\/03\/2013.jpg\" alt=\"\" class=\"wp-image-112512\" srcset=\"https:\/\/enolife.com.ar\/es\/wp-content\/uploads\/2024\/03\/2013.jpg 698w, https:\/\/enolife.com.ar\/es\/wp-content\/uploads\/2024\/03\/2013-300x233.jpg 300w, https:\/\/enolife.com.ar\/es\/wp-content\/uploads\/2024\/03\/2013-585x455.jpg 585w\" sizes=\"auto, (max-width: 698px) 100vw, 698px\" \/><\/a><\/figure>\n<\/figure>\n\n\n\n<div style=\"height:30px\" aria-hidden=\"true\" class=\"wp-block-spacer\"><\/div>\n\n\n\n<p><strong>2014:<\/strong>&nbsp;Fueron 55 los conciertos de esta edici\u00f3n que tiene a la monta\u00f1a y los sitios sanmartinianos como escenarios de lujo. El concierto de apertura tuvo lugar en el circuito de la Laguna de Horcones, al pie del Aconcagua, con un recital del prestigioso compositor e int\u00e9rprete L\u00e1zaro M\u00e9ndolas en quenas y su cuarteto de cuerdas. Adem\u00e1s, continu\u00f3 el domingo en la Reserva Natural de Villavicencio. Ese a\u00f1o se sum\u00f3 a la propuesta la evocaci\u00f3n de los 200 a\u00f1os del nombramiento del general Jos\u00e9 de San Mart\u00edn como gobernador intendente de Mendoza.<\/p>\n\n\n\n<p><strong>2015:<\/strong>&nbsp;El Festival mantiene su car\u00e1cter solidario, a trav\u00e9s de un convenio con el Banco de Alimentos. Ese a\u00f1o se realiza en homenaje a Johann Sebastian Bach, en el 330 aniversario de su nacimiento.<\/p>\n\n\n\n<div style=\"height:30px\" aria-hidden=\"true\" class=\"wp-block-spacer\"><\/div>\n\n\n\n<figure class=\"wp-block-gallery has-nested-images columns-default is-cropped wp-block-gallery-2 is-layout-flex wp-block-gallery-is-layout-flex\">\n<figure class=\"wp-block-image size-full\"><a href=\"https:\/\/enolife.com.ar\/es\/wp-content\/uploads\/2024\/03\/2014.jpg\" data-rel=\"penci-gallery-image-content\" ><img loading=\"lazy\" decoding=\"async\" width=\"482\" height=\"369\" data-id=\"112498\" src=\"https:\/\/enolife.com.ar\/es\/wp-content\/uploads\/2024\/03\/2014.jpg\" alt=\"\" class=\"wp-image-112498\" srcset=\"https:\/\/enolife.com.ar\/es\/wp-content\/uploads\/2024\/03\/2014.jpg 482w, https:\/\/enolife.com.ar\/es\/wp-content\/uploads\/2024\/03\/2014-300x230.jpg 300w\" sizes=\"auto, (max-width: 482px) 100vw, 482px\" \/><\/a><\/figure>\n\n\n\n<figure class=\"wp-block-image size-full\"><a href=\"https:\/\/enolife.com.ar\/es\/wp-content\/uploads\/2024\/03\/2015.jpg\" data-rel=\"penci-gallery-image-content\" ><img loading=\"lazy\" decoding=\"async\" width=\"591\" height=\"493\" data-id=\"112516\" src=\"https:\/\/enolife.com.ar\/es\/wp-content\/uploads\/2024\/03\/2015.jpg\" alt=\"\" class=\"wp-image-112516\" srcset=\"https:\/\/enolife.com.ar\/es\/wp-content\/uploads\/2024\/03\/2015.jpg 591w, https:\/\/enolife.com.ar\/es\/wp-content\/uploads\/2024\/03\/2015-300x250.jpg 300w, https:\/\/enolife.com.ar\/es\/wp-content\/uploads\/2024\/03\/2015-585x488.jpg 585w\" sizes=\"auto, (max-width: 591px) 100vw, 591px\" \/><\/a><\/figure>\n<\/figure>\n\n\n\n<div style=\"height:30px\" aria-hidden=\"true\" class=\"wp-block-spacer\"><\/div>\n\n\n\n<p><strong>2016:<\/strong>&nbsp;La \u00faltima edici\u00f3n tuvo su apertura formal en el Teatro Independencia y estuvo dedicada a homenajear al gran maestro Alberto Ginastera en homenaje al centenario de su nacimiento (1916- 1983). Adem\u00e1s, cont\u00f3 con una serie de conciertos de m\u00fasica donde se presentaron los m\u00e1s destacados artistas mendocinos y m\u00fasicos de excelencia internacional.<\/p>\n\n\n\n<div style=\"height:30px\" aria-hidden=\"true\" class=\"wp-block-spacer\"><\/div>\n\n\n\n<p><\/p>\n\n\n\n<p><strong>2017:<\/strong>&nbsp;La imagen de esta edici\u00f3n es un viol\u00edn. En la apertura y en el cierre se interpretaron dos obras importantes para este instrumento.<\/p>\n\n\n\n<p><strong>2018:<\/strong>&nbsp;La apertura del Festival vuelve al gran escenario de la Reserva Ecol\u00f3gica Villavicencio.<\/p>\n\n\n\n<p><strong>2019:<\/strong>&nbsp;Ese a\u00f1o, se realiz\u00f3 en diferentes locaciones del territorio provincial, entre el 13 y el 21 de abril. Y tras 20 a\u00f1os de vigencia, el Festival de M\u00fasica Cl\u00e1sica por los Caminos del Vino, recibi\u00f3 el Diploma al M\u00e9rito Konex como Hecho Destacado. Se realiz\u00f3 en Buenos Aires la ceremonia de entrega de galardones a lo mejor de la d\u00e9cada de la M\u00fasica Cl\u00e1sica Argentina.<\/p>\n\n\n\n<div style=\"height:30px\" aria-hidden=\"true\" class=\"wp-block-spacer\"><\/div>\n\n\n\n<figure class=\"wp-block-gallery has-nested-images columns-default is-cropped wp-block-gallery-3 is-layout-flex wp-block-gallery-is-layout-flex\">\n<figure class=\"wp-block-image size-full\"><a href=\"https:\/\/enolife.com.ar\/es\/wp-content\/uploads\/2024\/03\/2016.jpg\" data-rel=\"penci-gallery-image-content\" ><img loading=\"lazy\" decoding=\"async\" width=\"350\" height=\"350\" data-id=\"112513\" src=\"https:\/\/enolife.com.ar\/es\/wp-content\/uploads\/2024\/03\/2016.jpg\" alt=\"\" class=\"wp-image-112513\" srcset=\"https:\/\/enolife.com.ar\/es\/wp-content\/uploads\/2024\/03\/2016.jpg 350w, https:\/\/enolife.com.ar\/es\/wp-content\/uploads\/2024\/03\/2016-300x300.jpg 300w, https:\/\/enolife.com.ar\/es\/wp-content\/uploads\/2024\/03\/2016-150x150.jpg 150w\" sizes=\"auto, (max-width: 350px) 100vw, 350px\" \/><\/a><\/figure>\n\n\n\n<figure class=\"wp-block-image size-large\"><a href=\"https:\/\/enolife.com.ar\/es\/wp-content\/uploads\/2024\/03\/29386934_766414276877485_2539429783473750016_o.jpg\" data-rel=\"penci-gallery-image-content\" ><img loading=\"lazy\" decoding=\"async\" width=\"1024\" height=\"1024\" data-id=\"112536\" src=\"https:\/\/enolife.com.ar\/es\/wp-content\/uploads\/2024\/03\/29386934_766414276877485_2539429783473750016_o-1024x1024.jpg\" alt=\"\" class=\"wp-image-112536\" srcset=\"https:\/\/enolife.com.ar\/es\/wp-content\/uploads\/2024\/03\/29386934_766414276877485_2539429783473750016_o-1024x1024.jpg 1024w, https:\/\/enolife.com.ar\/es\/wp-content\/uploads\/2024\/03\/29386934_766414276877485_2539429783473750016_o-300x300.jpg 300w, https:\/\/enolife.com.ar\/es\/wp-content\/uploads\/2024\/03\/29386934_766414276877485_2539429783473750016_o-150x150.jpg 150w, https:\/\/enolife.com.ar\/es\/wp-content\/uploads\/2024\/03\/29386934_766414276877485_2539429783473750016_o-768x768.jpg 768w, https:\/\/enolife.com.ar\/es\/wp-content\/uploads\/2024\/03\/29386934_766414276877485_2539429783473750016_o-1536x1536.jpg 1536w, https:\/\/enolife.com.ar\/es\/wp-content\/uploads\/2024\/03\/29386934_766414276877485_2539429783473750016_o-1170x1170.jpg 1170w, https:\/\/enolife.com.ar\/es\/wp-content\/uploads\/2024\/03\/29386934_766414276877485_2539429783473750016_o-585x585.jpg 585w, https:\/\/enolife.com.ar\/es\/wp-content\/uploads\/2024\/03\/29386934_766414276877485_2539429783473750016_o.jpg 1654w\" sizes=\"auto, (max-width: 1024px) 100vw, 1024px\" \/><\/a><\/figure>\n<\/figure>\n\n\n\n<div style=\"height:20px\" aria-hidden=\"true\" class=\"wp-block-spacer\"><\/div>\n\n\n<div class=\"wp-block-image\">\n<figure class=\"aligncenter size-full\"><a href=\"https:\/\/enolife.com.ar\/es\/wp-content\/uploads\/2024\/03\/2019.jpg\" data-rel=\"penci-gallery-image-content\" ><img loading=\"lazy\" decoding=\"async\" width=\"700\" height=\"253\" src=\"https:\/\/enolife.com.ar\/es\/wp-content\/uploads\/2024\/03\/2019.jpg\" alt=\"\" class=\"wp-image-112521\" srcset=\"https:\/\/enolife.com.ar\/es\/wp-content\/uploads\/2024\/03\/2019.jpg 700w, https:\/\/enolife.com.ar\/es\/wp-content\/uploads\/2024\/03\/2019-300x108.jpg 300w, https:\/\/enolife.com.ar\/es\/wp-content\/uploads\/2024\/03\/2019-585x211.jpg 585w\" sizes=\"auto, (max-width: 700px) 100vw, 700px\" \/><\/a><\/figure><\/div>\n\n\n<div style=\"height:30px\" aria-hidden=\"true\" class=\"wp-block-spacer\"><\/div>\n\n\n\n<p><strong>2020:<\/strong>&nbsp;No hubo conciertos debido a la pandemia COVID-19.<\/p>\n\n\n\n<p><strong>2021:<\/strong>&nbsp;Homenaje a Astor Piazzolla, en el centenario de su nacimiento.<\/p>\n\n\n\n<div style=\"height:30px\" aria-hidden=\"true\" class=\"wp-block-spacer\"><\/div>\n\n\n<div class=\"wp-block-image\">\n<figure class=\"aligncenter size-full is-resized\"><a href=\"https:\/\/enolife.com.ar\/es\/wp-content\/uploads\/2024\/03\/Musica-Clasica-por-los-Caminos-del-Vino-2021.jpeg\" data-rel=\"penci-gallery-image-content\" ><img loading=\"lazy\" decoding=\"async\" src=\"https:\/\/enolife.com.ar\/es\/wp-content\/uploads\/2024\/03\/Musica-Clasica-por-los-Caminos-del-Vino-2021.jpeg\" alt=\"\" class=\"wp-image-112523\" width=\"497\" height=\"276\" srcset=\"https:\/\/enolife.com.ar\/es\/wp-content\/uploads\/2024\/03\/Musica-Clasica-por-los-Caminos-del-Vino-2021.jpeg 834w, https:\/\/enolife.com.ar\/es\/wp-content\/uploads\/2024\/03\/Musica-Clasica-por-los-Caminos-del-Vino-2021-300x167.jpeg 300w, https:\/\/enolife.com.ar\/es\/wp-content\/uploads\/2024\/03\/Musica-Clasica-por-los-Caminos-del-Vino-2021-768x427.jpeg 768w, https:\/\/enolife.com.ar\/es\/wp-content\/uploads\/2024\/03\/Musica-Clasica-por-los-Caminos-del-Vino-2021-585x325.jpeg 585w\" sizes=\"auto, (max-width: 497px) 100vw, 497px\" \/><\/a><\/figure><\/div>\n\n\n<div style=\"height:30px\" aria-hidden=\"true\" class=\"wp-block-spacer\"><\/div>\n\n\n\n<p><strong>2022:<\/strong>&nbsp;Se desarroll\u00f3 en teatros, iglesias, museos, bodegas, cavas, parques, reservas naturales, jardines y vi\u00f1edos.2023: Los cl\u00e1sicos conciertos se llevaron a cabo desde el 2 al 9 de abril.<\/p>\n\n\n\n<p><strong>2023:<\/strong>&nbsp;Hubo m\u00e1s de 60 conciertos del 2 al 9 de abril en los 18 municipios, en 11 espacios culturales y 25 bodegas.<\/p>\n\n\n\n<div style=\"height:30px\" aria-hidden=\"true\" class=\"wp-block-spacer\"><\/div>\n\n\n<div class=\"wp-block-image\">\n<figure class=\"aligncenter size-full is-resized\"><a href=\"https:\/\/enolife.com.ar\/es\/wp-content\/uploads\/2024\/03\/2023.jpg\" data-rel=\"penci-gallery-image-content\" ><img loading=\"lazy\" decoding=\"async\" src=\"https:\/\/enolife.com.ar\/es\/wp-content\/uploads\/2024\/03\/2023.jpg\" alt=\"\" class=\"wp-image-112524\" width=\"354\" height=\"354\" srcset=\"https:\/\/enolife.com.ar\/es\/wp-content\/uploads\/2024\/03\/2023.jpg 650w, https:\/\/enolife.com.ar\/es\/wp-content\/uploads\/2024\/03\/2023-300x300.jpg 300w, https:\/\/enolife.com.ar\/es\/wp-content\/uploads\/2024\/03\/2023-150x150.jpg 150w, https:\/\/enolife.com.ar\/es\/wp-content\/uploads\/2024\/03\/2023-585x585.jpg 585w\" sizes=\"auto, (max-width: 354px) 100vw, 354px\" \/><\/a><\/figure><\/div>\n\n\n<div style=\"height:30px\" aria-hidden=\"true\" class=\"wp-block-spacer\"><\/div>\n","protected":false},"excerpt":{"rendered":"<p>Como cada a\u00f1o desde el 2000, a principios de oto\u00f1o Mendoza ofrece a vecinos y&hellip;<\/p>\n","protected":false},"author":3,"featured_media":112539,"comment_status":"open","ping_status":"open","sticky":false,"template":"","format":"standard","meta":{"footnotes":""},"categories":[11],"tags":[],"class_list":["post-112486","post","type-post","status-publish","format-standard","has-post-thumbnail","hentry","category-enoturismo"],"_links":{"self":[{"href":"https:\/\/enolife.com.ar\/es\/wp-json\/wp\/v2\/posts\/112486","targetHints":{"allow":["GET"]}}],"collection":[{"href":"https:\/\/enolife.com.ar\/es\/wp-json\/wp\/v2\/posts"}],"about":[{"href":"https:\/\/enolife.com.ar\/es\/wp-json\/wp\/v2\/types\/post"}],"author":[{"embeddable":true,"href":"https:\/\/enolife.com.ar\/es\/wp-json\/wp\/v2\/users\/3"}],"replies":[{"embeddable":true,"href":"https:\/\/enolife.com.ar\/es\/wp-json\/wp\/v2\/comments?post=112486"}],"version-history":[{"count":0,"href":"https:\/\/enolife.com.ar\/es\/wp-json\/wp\/v2\/posts\/112486\/revisions"}],"wp:featuredmedia":[{"embeddable":true,"href":"https:\/\/enolife.com.ar\/es\/wp-json\/wp\/v2\/media\/112539"}],"wp:attachment":[{"href":"https:\/\/enolife.com.ar\/es\/wp-json\/wp\/v2\/media?parent=112486"}],"wp:term":[{"taxonomy":"category","embeddable":true,"href":"https:\/\/enolife.com.ar\/es\/wp-json\/wp\/v2\/categories?post=112486"},{"taxonomy":"post_tag","embeddable":true,"href":"https:\/\/enolife.com.ar\/es\/wp-json\/wp\/v2\/tags?post=112486"}],"curies":[{"name":"wp","href":"https:\/\/api.w.org\/{rel}","templated":true}]}}