{"id":112406,"date":"2024-03-18T11:13:36","date_gmt":"2024-03-18T11:13:36","guid":{"rendered":"https:\/\/enolife.com.ar\/es\/?p=112406"},"modified":"2024-03-21T15:34:00","modified_gmt":"2024-03-21T15:34:00","slug":"en-argentina-se-ha-perpetuado-el-subdesarrollo-debemos-superarlo-por-julio-totero","status":"publish","type":"post","link":"https:\/\/enolife.com.ar\/es\/en-argentina-se-ha-perpetuado-el-subdesarrollo-debemos-superarlo-por-julio-totero\/","title":{"rendered":"En Argentina se ha perpetuado el subdesarrollo, debemos superarlo. Por Julio Totero"},"content":{"rendered":"\n<h4 class=\"wp-block-heading\"><em><strong>El empresario metal\u00fargico mendocino, presidente de  la Comisi\u00f3n de Miner\u00eda de la Asociaci\u00f3n Industrial de Metal\u00fargicos de la Provincia de Mendoza (Asinmet), despliega en esta nota los n\u00fameros y datos comparativos de la utilizaci\u00f3n del agua en la actividad minera en Mendoza, San Juan y Chile. Esas cifras muestran que el sector emplea una m\u00ednima proporci\u00f3n del vital elemento con respecto al total disponible. A la vez, explora las diferentes opciones de explotaci\u00f3n, por ejemplo del cobre, sin transgredir las leyes de la provincia, que proh\u00edbe el uso del \u00e1cido sulf\u00farico para la extracci\u00f3n del mineral. Su opini\u00f3n, fundamentada en una dilatada experiencia en el sector, busca tambi\u00e9n tranquilizar a la industria vitivin\u00edcola y a sectores del agro que temen que el uso de agua para miner\u00eda reste recursos para el desarrollo agr\u00edcola.<\/strong><\/em><\/h4>\n\n\n\n<div style=\"height:35px\" aria-hidden=\"true\" class=\"wp-block-spacer\"><\/div>\n\n\n<a href=\"https:\/\/enolife.com.ar\/es\/category\/vino\/\" aria-label=\"banner-el-vino-las-une\"><img loading=\"lazy\" decoding=\"async\" src=\"https:\/\/enolife.com.ar\/es\/wp-content\/uploads\/2021\/12\/banner-el-vino-las-une.gif\" alt=\"\"  width=\"1700\" height=\"500\"   \/><\/a>\n\n\n<div style=\"height:45px\" aria-hidden=\"true\" class=\"wp-block-spacer\"><\/div>\n\n\n\n<p>La finalidad de la pol\u00edtica econ\u00f3mica ser\u00e1 emplear mejor los recursos productivos como \u00fanico medio valedero para obtener el m\u00e1s alto nivel de vida posible. Aumentar la producci\u00f3n y posibilitar su m\u00e1s equitativa distribuci\u00f3n son los dos objetivos que deben ser armonizados. <\/p>\n\n\n\n<p>Un aumento del conjunto de la riqueza que produce el pa\u00eds, que no aproveche a toda la poblaci\u00f3n, no es un bien socialmente apreciable. Una distribuci\u00f3n que desaliente el esfuerzo productivo concluye por empobrecer a todos. <\/p>\n\n\n\n<p>La pol\u00edtica econ\u00f3mica ha de procurar encontrar y mantener el punto de equilibrio entre la fuerza din\u00e1mica de la creaci\u00f3n individual y los principios de equitativa distribuci\u00f3n impuestos por la solidaridad social. La creaci\u00f3n de riqueza exige un incremento sustancial del ingreso nacional, una movilizaci\u00f3n integral del esfuerzo productivo del pa\u00eds y un aprovechamiento pleno de todos los recursos disponibles. Para que este esfuerzo sea duradero, deber\u00e1n fortalecerse, al mismo tiempo, las bases concretas del desarrollo nacional. El impulso a la miner\u00eda y el cuidado del agua deben estar en perfecta sinton\u00eda, para lograr los objetivos del desarrollo sostenible.<\/p>\n\n\n\n<div style=\"height:35px\" aria-hidden=\"true\" class=\"wp-block-spacer\"><\/div>\n\n\n\n<p class=\"has-medium-font-size\"><strong>Datos para considerar sobre el agua en la miner\u00eda<\/strong><\/p>\n\n\n\n<p class=\"has-background\" style=\"background-color:#abb7c257\">En <strong>Chile,<\/strong> nuestros vecinos, que exportan m\u00e1s de <strong>40.000 millones de d\u00f3lares al a\u00f1o en cobre<\/strong>, utilizan s\u00f3lo el <strong>4% del agua dulce disponible para las actividades mineras<\/strong>; el 8 % se usa para consumo humano; el 6% para otras industrias y el 82 % para el sector agropecuario. <\/p>\n\n\n\n<p>No obstante, en los \u00faltimos a\u00f1os se comenz\u00f3 a utilizar el agua de mar, la cual se desaliniza a trav\u00e9s de procesos de \u00f3smosis inversa, fundamentalmente en proyectos mineros del norte chileno donde la existencia de agua dulce es extremadamente escasa. Esto har\u00e1 bajar a\u00fan m\u00e1s el consumo de agua dulce en proyectos mineros y adem\u00e1s llevar agua a lugares impensados. <\/p>\n\n\n\n<p>Las nuevas tecnolog\u00edas ayudar\u00e1n a estos procesos. En nuestra vecina provincia de <strong>San Juan<\/strong>, la producci\u00f3n minera es muy baja a\u00fan, por lo que el consumo de agua es muy poco significativo. As\u00ed, hoy el sector agr\u00edcola consume el 92 % del agua disponible; el 3 % agua potable para la poblaci\u00f3n; <strong>s\u00f3lo el 0,9 % lo usa la miner\u00eda;<\/strong> y el 4,1 % restante se utiliza para generaci\u00f3n de energ\u00eda, usos recreativos y otras actividades industriales. Si se desarrollara plenamente la miner\u00eda en San Juan, se considera que se deber\u00eda disponer del 3% aproximadamente del agua disponible, lo que implicar\u00eda optimizar otros usos. <\/p>\n\n\n\n<p>Esto puede realizarse con los recursos aportados por la miner\u00eda para optimizar el riego, tecnificarlo y hacer obras de infraestructura necesarias. Se estima que puede reducirse el consumo agr\u00edcola y las p\u00e9rdidas por otras causas en m\u00e1s de un 30%, lo que permitir\u00e1 no solo desarrollar a\u00fan m\u00e1s la miner\u00eda sino otras actividades agr\u00edcolas e industriales. <\/p>\n\n\n\n<div style=\"height:30px\" aria-hidden=\"true\" class=\"wp-block-spacer\"><\/div>\n\n\n\n<blockquote class=\"wp-block-quote is-layout-flow wp-block-quote-is-layout-flow\">\n<p>En <strong>Mendoza<\/strong> tenemos una ley que proh\u00edbe el uso de \u00e1cido sulf\u00farico, necesario para lixiviar los \u00f3xidos de cobre y del cianuro necesario para la separaci\u00f3n del oro. No obstante, en el marco de la legislaci\u00f3n vigente puede extraerse el cobre cuando se lo encuentra en forma de sulfuros, por procesos de flotaci\u00f3n\u00bb.<\/p>\n<cite>Julio Totero<\/cite><\/blockquote>\n\n\n\n<div style=\"height:30px\" aria-hidden=\"true\" class=\"wp-block-spacer\"><\/div>\n\n\n\n<p>En la medida que avancemos con la exploraci\u00f3n de las diversas zonas geogr\u00e1ficas que poseen indicios de posibles yacimientos, determinaremos si es factible que ese proyecto pueda transformarse en una mina para su posterior desarrollo. Los estudios preliminares indicar\u00edan la existencia de importantes yacimientos de cobre en forma de sulfuros para ser separados por flotaci\u00f3n, dejando para un futuro el aprovechamiento de los \u00f3xidos remanentes. El agua a utilizar en estos proyectos est\u00e1 estimada en <strong>menos del 1% del agua disponible<\/strong>, lo que al igual que en la vecina provincia de San Juan necesitamos inversiones para optimizar el uso del agua y hacer obras de infraestructura que optimicen el uso del recurso h\u00eddrico principalmente en el sector agr\u00edcola que consume m\u00e1s del 80% del disponible. <\/p>\n\n\n\n<p>Datos aportados por el proyecto <strong>San Jorge<\/strong>, que estima utilizar 140 lts\/seg para el proceso industrial, reciclarlo y devolverlo al circuito normal, se comparan con datos del sector agr\u00edcola, d\u00f3nde el mismo caudal de agua alcanzar\u00eda s\u00f3lo para regar una finca de 70 hect\u00e1reas. <\/p>\n\n\n\n<p>Podemos comprender r\u00e1pidamente que el resultado econ\u00f3mico de una actividad u otra es diferente, pero en ambas es necesario por igual. Mendoza necesita de todos y de todas las actividades productivas posibles. Los avances del pa\u00eds y la provincia pueden ser el inicio del camino. El pa\u00eds necesita inversiones; seguramente vendr\u00e1n esas leyes o desregulaciones necesarias para fomentarlas. La provincia ha iniciado el camino con las leyes enviadas a la Legislatura para actualizar el marco normativo que rige a los proyectos mineros, junto con la iniciativa de <strong>\u201cMalarg\u00fce Distrito Minero\u201d. <\/strong><\/p>\n\n\n\n<p>Los gobiernos est\u00e1n a la altura de las circunstancias en este tema; hoy hace falta que una parte de la sociedad, de la pol\u00edtica y algunos sectores econ\u00f3micos interpreten la necesidad del desarrollo minero, como un aporte m\u00e1s para salir de ese subdesarrollo en el cual parecemos atrapados.<\/p>\n\n\n\n<div style=\"height:30px\" aria-hidden=\"true\" class=\"wp-block-spacer\"><\/div>\n","protected":false},"excerpt":{"rendered":"<p>El empresario metal\u00fargico mendocino, presidente de la Comisi\u00f3n de Miner\u00eda de la Asociaci\u00f3n Industrial de&hellip;<\/p>\n","protected":false},"author":3,"featured_media":112411,"comment_status":"open","ping_status":"open","sticky":false,"template":"","format":"standard","meta":{"footnotes":""},"categories":[12],"tags":[],"class_list":["post-112406","post","type-post","status-publish","format-standard","has-post-thumbnail","hentry","category-opinion"],"_links":{"self":[{"href":"https:\/\/enolife.com.ar\/es\/wp-json\/wp\/v2\/posts\/112406","targetHints":{"allow":["GET"]}}],"collection":[{"href":"https:\/\/enolife.com.ar\/es\/wp-json\/wp\/v2\/posts"}],"about":[{"href":"https:\/\/enolife.com.ar\/es\/wp-json\/wp\/v2\/types\/post"}],"author":[{"embeddable":true,"href":"https:\/\/enolife.com.ar\/es\/wp-json\/wp\/v2\/users\/3"}],"replies":[{"embeddable":true,"href":"https:\/\/enolife.com.ar\/es\/wp-json\/wp\/v2\/comments?post=112406"}],"version-history":[{"count":0,"href":"https:\/\/enolife.com.ar\/es\/wp-json\/wp\/v2\/posts\/112406\/revisions"}],"wp:featuredmedia":[{"embeddable":true,"href":"https:\/\/enolife.com.ar\/es\/wp-json\/wp\/v2\/media\/112411"}],"wp:attachment":[{"href":"https:\/\/enolife.com.ar\/es\/wp-json\/wp\/v2\/media?parent=112406"}],"wp:term":[{"taxonomy":"category","embeddable":true,"href":"https:\/\/enolife.com.ar\/es\/wp-json\/wp\/v2\/categories?post=112406"},{"taxonomy":"post_tag","embeddable":true,"href":"https:\/\/enolife.com.ar\/es\/wp-json\/wp\/v2\/tags?post=112406"}],"curies":[{"name":"wp","href":"https:\/\/api.w.org\/{rel}","templated":true}]}}