{"id":112379,"date":"2024-03-16T21:17:37","date_gmt":"2024-03-16T21:17:37","guid":{"rendered":"https:\/\/enolife.com.ar\/es\/?p=112379"},"modified":"2024-03-19T12:36:19","modified_gmt":"2024-03-19T12:36:19","slug":"escuela-de-encargados-de-fincas-una-propuesta-de-agrarias-uncuyo-para-fortalecer-el-sector-agrario","status":"publish","type":"post","link":"https:\/\/enolife.com.ar\/es\/escuela-de-encargados-de-fincas-una-propuesta-de-agrarias-uncuyo-para-fortalecer-el-sector-agrario\/","title":{"rendered":"Escuela de encargados de fincas, una propuesta de Agrarias UNCuyo para fortalecer el sector agrario"},"content":{"rendered":"\n<h4 class=\"wp-block-heading\"><em><strong>Dentro de su oferta educativa dirigida a capacitar en oficios pr\u00e1cticos con salida laboral, la Facultad de Ciencias Agrarias (FCA) de la Universidad Nacional de Cuyo (UNCuyo) ofrece una nueva formaci\u00f3n para encargados de fincas frut\u00edcolas, hort\u00edcolas y vitivin\u00edcolas. La misma arranca el 23 de abril y posee una duraci\u00f3n de 10 jornadas de 5 horas cada una. Los cupos son limitados y requiere inscripci\u00f3n. Aqu\u00ed los detalles.<\/strong><\/em><\/h4>\n\n\n\n<div style=\"height:35px\" aria-hidden=\"true\" class=\"wp-block-spacer\"><\/div>\n\n\n<a href=\"https:\/\/www.linkedin.com\/company\/agrinet-sa\/?originalSubdomain=ar\" aria-label=\"1700X500\"><img loading=\"lazy\" decoding=\"async\" src=\"https:\/\/enolife.com.ar\/es\/wp-content\/uploads\/2021\/11\/1700X500.gif\" alt=\"\"  width=\"1700\" height=\"500\"   \/><\/a>\n\n\n<div style=\"height:45px\" aria-hidden=\"true\" class=\"wp-block-spacer\"><\/div>\n\n\n\n<p>La<strong>\u00a0Facultad de Ciencias Agrarias\u00a0<\/strong>de la\u00a0<strong>UNCuyo<\/strong>, a trav\u00e9s de la\u00a0<strong>Escuela de Oficios,\u00a0<\/strong>realiza\u00a0una nueva\u00a0<strong>capacitaci\u00f3n dirigida a encargados de fincas frut\u00edcolas, hort\u00edcolas y vitivin\u00edcolas<\/strong>. La formaci\u00f3n est\u00e1\u00a0<strong>programada para iniciar el d\u00eda 23 de abril\u00a0<\/strong>y concluir el 2 de julio, abarcando un total de<strong>\u00a010 jornadas de 5 horas cada una<\/strong>. Esta iniciativa se suma al compromiso de la Facultad por ofrecer programas de formaci\u00f3n continua en el sector agrario.<\/p>\n\n\n\n<div style=\"height:15px\" aria-hidden=\"true\" class=\"wp-block-spacer\"><\/div>\n\n\n\n<p class=\"has-background\" style=\"background-color:#abb7c26e\">Los cupos son limitados, por lo que se insta a los interesados a realizar sus inscripciones a trav\u00e9s del siguiente&nbsp;<strong><a href=\"https:\/\/docs.google.com\/forms\/d\/e\/1FAIpQLSftT5iwJBxZjHgeseB1gi5pW17GVrvLb6Aj__BNBKX3zJZZuA\/viewform\">Formulario de Inscripci\u00f3n<\/a><\/strong>.<\/p>\n\n\n\n<div style=\"height:15px\" aria-hidden=\"true\" class=\"wp-block-spacer\"><\/div>\n\n\n\n<p>Esta oportunidad brinda a los participantes la posibilidad de adquirir conocimientos actualizados y especializados en la gesti\u00f3n y mantenimiento de fincas agr\u00edcolas, contribuyendo as\u00ed al fortalecimiento del sector productivo de la regi\u00f3n.<\/p>\n\n\n\n<div style=\"height:30px\" aria-hidden=\"true\" class=\"wp-block-spacer\"><\/div>\n\n\n<div class=\"wp-block-image\">\n<figure class=\"aligncenter size-full is-resized\"><a href=\"https:\/\/enolife.com.ar\/es\/wp-content\/uploads\/2024\/03\/Imagen1-16.jpg\" data-rel=\"penci-gallery-image-content\" ><img loading=\"lazy\" decoding=\"async\" src=\"https:\/\/enolife.com.ar\/es\/wp-content\/uploads\/2024\/03\/Imagen1-16.jpg\" alt=\"\" class=\"wp-image-112384\" width=\"586\" height=\"377\" srcset=\"https:\/\/enolife.com.ar\/es\/wp-content\/uploads\/2024\/03\/Imagen1-16.jpg 778w, https:\/\/enolife.com.ar\/es\/wp-content\/uploads\/2024\/03\/Imagen1-16-300x193.jpg 300w, https:\/\/enolife.com.ar\/es\/wp-content\/uploads\/2024\/03\/Imagen1-16-768x494.jpg 768w, https:\/\/enolife.com.ar\/es\/wp-content\/uploads\/2024\/03\/Imagen1-16-585x376.jpg 585w\" sizes=\"auto, (max-width: 586px) 100vw, 586px\" \/><\/a><\/figure><\/div>\n\n\n<div style=\"height:35px\" aria-hidden=\"true\" class=\"wp-block-spacer\"><\/div>\n\n\n\n<p class=\"has-medium-font-size\"><strong>Objetivos<\/strong><\/p>\n\n\n\n<ul class=\"wp-block-list\">\n<li>Contribuir con la formaci\u00f3n de los encargados de fincas de cultivos&nbsp;frut\u00edcolas, hort\u00edcolas y vin\u00edcolas.<\/li>\n\n\n\n<li>Valorizar el trabajo de los encargados en la cadena de mando y trabajo&nbsp;en fincas.<\/li>\n\n\n\n<li>Mejorar el di\u00e1logo en la relaci\u00f3n de los encargados con los ingenieros,&nbsp;t\u00e9cnicos y operarios.<\/li>\n<\/ul>\n\n\n\n<div style=\"height:35px\" aria-hidden=\"true\" class=\"wp-block-spacer\"><\/div>\n\n\n\n<p class=\"has-medium-font-size\"><strong>Destinatarios<\/strong><\/p>\n\n\n\n<p>Encargados de fincas vit\u00edcolas, frut\u00edcolas y hort\u00edcolas o responsables deequipos de trabajo en fincas con o sin estudios completos.&nbsp;Se busca formar a personal con responsabilidades de planificaci\u00f3n,&nbsp;manejo de personal y equipamiento.<\/p>\n\n\n\n<div style=\"height:35px\" aria-hidden=\"true\" class=\"wp-block-spacer\"><\/div>\n\n\n\n<p class=\"has-medium-font-size\"><strong>Contenidos m\u00ednimos<\/strong><\/p>\n\n\n\n<ul class=\"wp-block-list\">\n<li>Mecanizaci\u00f3n<\/li>\n\n\n\n<li>Riego<\/li>\n\n\n\n<li>Heladas<\/li>\n\n\n\n<li>Nutrici\u00f3n Vegetal<\/li>\n\n\n\n<li>Manejo responsable de fitosanitarios<\/li>\n\n\n\n<li>Normas de calidad<\/li>\n\n\n\n<li>Planificaci\u00f3n y presupuesto<\/li>\n\n\n\n<li>Comunicaci\u00f3n y trabajo en equipo\u00a0<\/li>\n<\/ul>\n\n\n\n<div style=\"height:35px\" aria-hidden=\"true\" class=\"wp-block-spacer\"><\/div>\n\n\n\n<p class=\"has-medium-font-size\"><strong>Aranceles<\/strong><\/p>\n\n\n\n<ul class=\"wp-block-list\">\n<li>Costo Total del Curso $330.000<\/li>\n\n\n\n<li>Se abona\u00a0 en la Cooperadora de la Facultad de Ciencias Agrarias UNCUYO.\u00a0<\/li>\n\n\n\n<li>CBU: 1500087900051332075196<\/li>\n\n\n\n<li>Alias: gafas.padre.fuga<\/li>\n<\/ul>\n\n\n\n<div style=\"height:15px\" aria-hidden=\"true\" class=\"wp-block-spacer\"><\/div>\n\n\n\n<blockquote class=\"wp-block-quote is-layout-flow wp-block-quote-is-layout-flow\">\n<p class=\"has-background\" style=\"background-color:#abb7c26e\"><strong>Para consultas comunicarse al correo:&nbsp;<a href=\"mailto:vinculacion@fca.uncu.edu.ar\">vinculacion@fca.uncu.edu.ar<\/a><\/strong><\/p>\n\n\n\n<div style=\"height:30px\" aria-hidden=\"true\" class=\"wp-block-spacer\"><\/div>\n<\/blockquote>\n","protected":false},"excerpt":{"rendered":"<p>Dentro de su oferta educativa dirigida a capacitar en oficios pr\u00e1cticos con salida laboral, la&hellip;<\/p>\n","protected":false},"author":3,"featured_media":112387,"comment_status":"open","ping_status":"open","sticky":false,"template":"","format":"standard","meta":{"footnotes":""},"categories":[47],"tags":[],"class_list":["post-112379","post","type-post","status-publish","format-standard","has-post-thumbnail","hentry","category-agenda"],"_links":{"self":[{"href":"https:\/\/enolife.com.ar\/es\/wp-json\/wp\/v2\/posts\/112379","targetHints":{"allow":["GET"]}}],"collection":[{"href":"https:\/\/enolife.com.ar\/es\/wp-json\/wp\/v2\/posts"}],"about":[{"href":"https:\/\/enolife.com.ar\/es\/wp-json\/wp\/v2\/types\/post"}],"author":[{"embeddable":true,"href":"https:\/\/enolife.com.ar\/es\/wp-json\/wp\/v2\/users\/3"}],"replies":[{"embeddable":true,"href":"https:\/\/enolife.com.ar\/es\/wp-json\/wp\/v2\/comments?post=112379"}],"version-history":[{"count":0,"href":"https:\/\/enolife.com.ar\/es\/wp-json\/wp\/v2\/posts\/112379\/revisions"}],"wp:featuredmedia":[{"embeddable":true,"href":"https:\/\/enolife.com.ar\/es\/wp-json\/wp\/v2\/media\/112387"}],"wp:attachment":[{"href":"https:\/\/enolife.com.ar\/es\/wp-json\/wp\/v2\/media?parent=112379"}],"wp:term":[{"taxonomy":"category","embeddable":true,"href":"https:\/\/enolife.com.ar\/es\/wp-json\/wp\/v2\/categories?post=112379"},{"taxonomy":"post_tag","embeddable":true,"href":"https:\/\/enolife.com.ar\/es\/wp-json\/wp\/v2\/tags?post=112379"}],"curies":[{"name":"wp","href":"https:\/\/api.w.org\/{rel}","templated":true}]}}