{"id":112308,"date":"2024-03-14T13:46:10","date_gmt":"2024-03-14T13:46:10","guid":{"rendered":"https:\/\/enolife.com.ar\/es\/?p=112308"},"modified":"2024-03-16T21:18:01","modified_gmt":"2024-03-16T21:18:01","slug":"el-vino-no-esta-incluido-en-la-lista-de-alimentos-que-se-podran-importar-sin-pagar-iva-adicional","status":"publish","type":"post","link":"https:\/\/enolife.com.ar\/es\/el-vino-no-esta-incluido-en-la-lista-de-alimentos-que-se-podran-importar-sin-pagar-iva-adicional\/","title":{"rendered":"El vino no est\u00e1 incluido en la lista de alimentos que se podr\u00e1n importar sin pagar IVA adicional"},"content":{"rendered":"\n<h4 class=\"wp-block-heading\"><em><strong>Tras una reuni\u00f3n entre el secretario de Comercio de Argentina, Pablo Lavigne, y empresarios nucleados en la Uni\u00f3n Industrial Argentina (UIA), el gobierno difundi\u00f3 una lista provisoria -que se confirmar\u00e1 en los pr\u00f3ximos d\u00edas- de productos que se podr\u00e1n importar sin pagar IVA adicional, aunque con una reducci\u00f3n en el plazo de pago, que pasar\u00e1 de un esquema de pago en 4 cuotas a los 30, 60, 90 y 120 d\u00edas, a un plazo de pago en una sola cuota a los 30 d\u00edas. Se determin\u00f3 suspender, por el plazo de 120 d\u00edas, el cobro de la percepci\u00f3n de IVA adicional e impuesto a las ganancias a las importaciones de estos productos y de los medicamentos. El vino no figura en esa lista, aunque s\u00ed la cerveza y bebidas sin alcohol.<\/strong><\/em><\/h4>\n\n\n\n<div style=\"height:35px\" aria-hidden=\"true\" class=\"wp-block-spacer\"><\/div>\n\n\n\n\n\n<div style=\"height:45px\" aria-hidden=\"true\" class=\"wp-block-spacer\"><\/div>\n\n\n\n<p>Tras la decisi\u00f3n del Gobierno de permitir una importaci\u00f3n m\u00e1s acelerada de alimentos y otros productos de la canasta b\u00e1sica para compensar los precios altos en g\u00f3ndolas, el Ministerio de Econom\u00eda de Argentina, a trav\u00e9s del secretario de Comercio<strong>\u00a0Pablo Lavigne,\u00a0<\/strong>recibi\u00f3 a ejecutivos de empresas<strong>\u00a0fabricantes de alimentos de la c\u00e1mara Copal<\/strong>, que es presidida por el tambi\u00e9n titular de la Uni\u00f3n Industrial Argentina (UIA),\u00a0<strong>Daniel Funes de Rioja<\/strong>.<\/p>\n\n\n\n<div style=\"height:30px\" aria-hidden=\"true\" class=\"wp-block-spacer\"><\/div>\n\n\n<div class=\"wp-block-image\">\n<figure class=\"aligncenter size-full is-resized\"><a href=\"https:\/\/enolife.com.ar\/es\/wp-content\/uploads\/2024\/03\/Imagen2-8.jpg\" data-rel=\"penci-gallery-image-content\" ><img loading=\"lazy\" decoding=\"async\" src=\"https:\/\/enolife.com.ar\/es\/wp-content\/uploads\/2024\/03\/Imagen2-8.jpg\" alt=\"\" class=\"wp-image-112316\" width=\"622\" height=\"359\" srcset=\"https:\/\/enolife.com.ar\/es\/wp-content\/uploads\/2024\/03\/Imagen2-8.jpg 797w, https:\/\/enolife.com.ar\/es\/wp-content\/uploads\/2024\/03\/Imagen2-8-300x173.jpg 300w, https:\/\/enolife.com.ar\/es\/wp-content\/uploads\/2024\/03\/Imagen2-8-768x443.jpg 768w, https:\/\/enolife.com.ar\/es\/wp-content\/uploads\/2024\/03\/Imagen2-8-585x338.jpg 585w\" sizes=\"auto, (max-width: 622px) 100vw, 622px\" \/><\/a><figcaption class=\"wp-element-caption\"><em><strong>Reuni\u00f3n con fabricantes de alimentos de la c\u00e1mara Copal y el equipo econ\u00f3mico argentino<\/strong><\/em><\/figcaption><\/figure><\/div>\n\n\n<div style=\"height:30px\" aria-hidden=\"true\" class=\"wp-block-spacer\"><\/div>\n\n\n\n<p><a href=\"https:\/\/www.infobae.com\/economia\/2024\/03\/14\/el-gobierno-definira-en-las-proximas-horas-un-aumento-para-el-gas-cuanto-pagaria-cada-usuario\/\" target=\"_blank\" rel=\"noreferrer noopener\"><\/a>El secretario de Comercio explic\u00f3 a Copal el sentido de la medida y les asegur\u00f3 que buscan una baja de precios en un contexto de valores en g\u00f3ndola que, seg\u00fan midieron, corresponden a un tipo de cambio mucho m\u00e1s alto que el actual. La c\u00e1mara alimenticia, por su parte, reclam\u00f3 que la reducci\u00f3n de los plazos de pago de importaciones por esos productos perjudica a los fabricantes locales, que importan insumos en hasta 120 d\u00edas.<\/p>\n\n\n\n<div style=\"height:30px\" aria-hidden=\"true\" class=\"wp-block-spacer\"><\/div>\n\n\n\n<p class=\"has-background has-medium-font-size\" style=\"background-color:#7bdbb569\"><strong>La lista completa de productos<\/strong><\/p>\n\n\n\n<p class=\"has-background\" style=\"background-color:#7bdbb569\">Durante el encuentro, que tuvo lugar en la sede de la Secretar\u00eda de Comercio, el Gobierno plante\u00f3 cu\u00e1l ser\u00e1 la lista de productos a importar que estar\u00e1n exentos de IVA adicional. En ese listado aparecen, entre los<strong>&nbsp;alimentos<\/strong>: Carnes bovinas, porcinas, aviar, y derivados; Pescados y derivados; L\u00e1cteos y derivados; Huevos, Hortalizas, Legumbres, Frutas, Verduras, Frutos secos y dem\u00e1s alimentos primarios, Especias, Cereales y sus derivados, Oleaginosas y sus derivados, Grasas y aceites, Preparaciones alimenticias (pastas, salsas, panificados, confituras, enlatados, etc.) e Insumos alimenticios (extractos, concentrados, cacao, etc.). Cervezas y&nbsp;<strong>Bebidas sin alcohol<\/strong>&nbsp;aparecen tambi\u00e9n.<br><br><a href=\"https:\/\/www.infobae.com\/economia\/2024\/03\/14\/dolar-tasa-de-interes-y-el-regreso-de-ganancias-los-temas-en-discusion-entre-el-gobierno-y-el-fmi-hacia-un-nuevo-programa\/\" target=\"_blank\" rel=\"noreferrer noopener\"><\/a>Por otra parte estar\u00e1n incluidos productos de&nbsp;<strong>higiene personal<\/strong>: Algodones e hisopos, Desodorantes Corporales, M\u00e1quinas y espuma de afeitar, Insecticidas de uso personal, Jab\u00f3n de tocador, Pa\u00f1ales Descartables, Papel Higi\u00e9nico, Pastas Dentales, Preservativos, Productos para Bebes, Protecci\u00f3n Femenina, Shampoo y Acondicionador, indicaron fuentes oficiales. Entre los de<strong>&nbsp;limpieza<\/strong>&nbsp;estar\u00e1n detergentes, Jab\u00f3n\/Detergente para Ropa y Suavizantes; y Lavandina y Limpiadores. Habr\u00e1, tambi\u00e9n, unos 800&nbsp;<strong>medicamentos<\/strong>&nbsp;que tendr\u00e1n ese tratamiento impositivo.<\/p>\n\n\n\n<div style=\"height:30px\" aria-hidden=\"true\" class=\"wp-block-spacer\"><\/div>\n\n\n\n<p>Seg\u00fan se inform\u00f3 oficialmente, la medida se toma <em>\u201cpara mejorar la competencia y apuntalar la baja de la inflaci\u00f3n en los productos de la canasta b\u00e1sica y medicamentos\u201d<\/em>.&nbsp;<strong>En rigor se trata de una medida con la que el Gobierno aspira a frenar los aumentos de precios<\/strong>. <em>\u201cNo es un proceso inmediato, pero es un mensaje claro a una industria concentrada, como lo es la de los alimentos. Y en casi todos los rubros. Es un mensaje claro del Gobierno. Esto apunta a los b\u00e1sicos, a los commodities de la cadena, y el resto baja en cadena\u201d,<\/em> detall\u00f3 una fuente de la industria.<\/p>\n\n\n\n<p>Hubo repercusiones negativas en algunos sectores fabriles. La <strong>Uni\u00f3n Industrial Argentina (UIA)&nbsp;mostr\u00f3 su preocupaci\u00f3n&nbsp;<\/strong>por la decisi\u00f3n del gobierno de dar beneficios fiscales a la importaci\u00f3n de alimentos con el objetivo de contener los precios al consumidor y consider\u00f3 que esa medida <em>\u201cafecta seriamente la competitividad\u201d<\/em><strong>&nbsp;<\/strong>de los productores locales.<\/p>\n\n\n\n<p>Los directivos de la entidad <em>\u201cmanifestaron su preocupaci\u00f3n por lo que consideran un<strong>&nbsp;trato desigual&nbsp;<\/strong>para la industria. Mientras los productores nacionales deben pagar en 4 cuotas mensuales y con impuesto PAIS los insumos necesarios para la fabricaci\u00f3n, los importadores de bienes terminados<strong>&nbsp;estar\u00e1n exentos de impuestos&nbsp;<\/strong>(en referencia al no cobro de IVA adicional e impuesto a las ganancias al que eran sujetas las importaciones)y tendr\u00e1n acceso total a las divisas necesarias en un solo pago a 30 d\u00edas. El anuncio realizado hoy afecta seriamente la competitividad de las empresas que operan, producen y emplean en el pa\u00eds\u201d.<\/em><\/p>\n\n\n\n<div style=\"height:35px\" aria-hidden=\"true\" class=\"wp-block-spacer\"><\/div>\n\n\n\n<p class=\"has-medium-font-size\"><strong>Las claves del anuncio<\/strong><\/p>\n\n\n\n<ul class=\"wp-block-list\">\n<li>El BCRA reducir\u00e1 el plazo de pago de importaciones de alimentos, bebidas y productos de limpieza, cuidado e higiene personal: pasar\u00e1n de un esquema de pago en 4 cuotas a los 30, 60, 90 y 120 d\u00edas a un plazo de pago en una sola cuota a los 30 d\u00edas.<br><\/li>\n\n\n\n<li>Se determin\u00f3 suspender, por el plazo de 120 d\u00edas, el cobro de la percepci\u00f3n de IVA adicional e impuesto a las ganancias a las importaciones de estos productos y de los medicamentos.<br><\/li>\n\n\n\n<li>Esta medida alentar\u00e1 la importaci\u00f3n de productos de la canasta b\u00e1sica cuyo precio en el mercado local sea superior al precio internacional, lo que contribuir\u00e1 a una mayor competencia y, en consecuencia, a una ca\u00edda en la inflaci\u00f3n y en el nivel de precio de estos productos.<br><\/li>\n\n\n\n<li>Entre los principales productos beneficiados se encuentran: banana, papas, carne de cerdo, caf\u00e9, at\u00fan, productos de cacao, insecticidas, shampoos, pa\u00f1ales, entre muchos otros productos.<\/li>\n<\/ul>\n\n\n\n<div style=\"height:16px\" aria-hidden=\"true\" class=\"wp-block-spacer\"><\/div>\n\n\n\n<p class=\"has-small-font-size\"><em><strong>Fuente: Infobae, por Mariano Boettner<\/strong><\/em><\/p>\n\n\n\n<div style=\"height:17px\" aria-hidden=\"true\" class=\"wp-block-spacer\"><\/div>\n","protected":false},"excerpt":{"rendered":"<p>Tras una reuni\u00f3n entre el secretario de Comercio de Argentina, Pablo Lavigne, y empresarios nucleados&hellip;<\/p>\n","protected":false},"author":3,"featured_media":112320,"comment_status":"open","ping_status":"open","sticky":false,"template":"","format":"standard","meta":{"footnotes":""},"categories":[14],"tags":[],"class_list":["post-112308","post","type-post","status-publish","format-standard","has-post-thumbnail","hentry","category-news"],"_links":{"self":[{"href":"https:\/\/enolife.com.ar\/es\/wp-json\/wp\/v2\/posts\/112308","targetHints":{"allow":["GET"]}}],"collection":[{"href":"https:\/\/enolife.com.ar\/es\/wp-json\/wp\/v2\/posts"}],"about":[{"href":"https:\/\/enolife.com.ar\/es\/wp-json\/wp\/v2\/types\/post"}],"author":[{"embeddable":true,"href":"https:\/\/enolife.com.ar\/es\/wp-json\/wp\/v2\/users\/3"}],"replies":[{"embeddable":true,"href":"https:\/\/enolife.com.ar\/es\/wp-json\/wp\/v2\/comments?post=112308"}],"version-history":[{"count":0,"href":"https:\/\/enolife.com.ar\/es\/wp-json\/wp\/v2\/posts\/112308\/revisions"}],"wp:featuredmedia":[{"embeddable":true,"href":"https:\/\/enolife.com.ar\/es\/wp-json\/wp\/v2\/media\/112320"}],"wp:attachment":[{"href":"https:\/\/enolife.com.ar\/es\/wp-json\/wp\/v2\/media?parent=112308"}],"wp:term":[{"taxonomy":"category","embeddable":true,"href":"https:\/\/enolife.com.ar\/es\/wp-json\/wp\/v2\/categories?post=112308"},{"taxonomy":"post_tag","embeddable":true,"href":"https:\/\/enolife.com.ar\/es\/wp-json\/wp\/v2\/tags?post=112308"}],"curies":[{"name":"wp","href":"https:\/\/api.w.org\/{rel}","templated":true}]}}