{"id":112303,"date":"2024-03-15T01:02:35","date_gmt":"2024-03-15T01:02:35","guid":{"rendered":"https:\/\/enolife.com.ar\/es\/?p=112303"},"modified":"2024-03-15T13:48:44","modified_gmt":"2024-03-15T13:48:44","slug":"el-juego-de-las-voces-y-el-vino-con-el-cantautor-gustavo-maza-y-alumnos-en-casa-montenegro-el-16-3","status":"publish","type":"post","link":"https:\/\/enolife.com.ar\/es\/el-juego-de-las-voces-y-el-vino-con-el-cantautor-gustavo-maza-y-alumnos-en-casa-montenegro-el-16-3\/","title":{"rendered":"El juego de las voces y el vino, con el cantautor Gustavo Maza y alumnos en Casa Montenegro el 16\/3"},"content":{"rendered":"\n<h4 class=\"wp-block-heading\"><em><strong>En la continuidad de un ciclo que marida poes\u00eda, m\u00fasica y vino, el acogedor espacio cultural Casa Montenegro, en Olascoaga 1.480 de la Capital mendocina, pondr\u00e1 en escena este s\u00e1bado 16\/3 desde las 21 hs un original show: \u00abTaller de texturas musicales aplicadas al canto\u00bb. En una primera parte, el multiintrumentista, docente y cantautor Gustavo Maza desarrollar\u00e1 un ejercicio de canciones con todas las combinaciones posibles de voces, del solista al coro, pasando por el dueto y otras alianzas vocales. Maza estar\u00e1 acompa\u00f1ado por sus alumnos y tambi\u00e9n por artistas ya consagrados, como la cantautora y poeta Eugenia Ferrer y los int\u00e9rpretes Diana Sotelo, Cristian Andreucetti, Mat\u00edas Cardozo y Adolfo Koala Gebhard. En la segunda parte se propondr\u00e1 cantar a todos, incluso al p\u00fablico, en una modalidad de pe\u00f1a que invitar\u00e1 a tomar los ricos vinos mendocinos de la casa. <\/strong><\/em><\/h4>\n\n\n\n<div style=\"height:35px\" aria-hidden=\"true\" class=\"wp-block-spacer\"><\/div>\n\n\n\n\n\n<div style=\"height:45px\" aria-hidden=\"true\" class=\"wp-block-spacer\"><\/div>\n\n\n<div class=\"wp-block-image\">\n<figure class=\"alignleft size-full is-resized\"><a href=\"https:\/\/enolife.com.ar\/es\/wp-content\/uploads\/2024\/03\/FLYER-2.jpg\" data-rel=\"penci-gallery-image-content\" ><img loading=\"lazy\" decoding=\"async\" src=\"https:\/\/enolife.com.ar\/es\/wp-content\/uploads\/2024\/03\/FLYER-2.jpg\" alt=\"\" class=\"wp-image-112356\" width=\"274\" height=\"348\" srcset=\"https:\/\/enolife.com.ar\/es\/wp-content\/uploads\/2024\/03\/FLYER-2.jpg 300w, https:\/\/enolife.com.ar\/es\/wp-content\/uploads\/2024\/03\/FLYER-2-236x300.jpg 236w\" sizes=\"auto, (max-width: 274px) 100vw, 274px\" \/><\/a><\/figure><\/div>\n\n\n<p>La cita es desde las 21 en el acogedor reducto de calle <strong>Olascoaga 1.480<\/strong> de la Capital de Mendoza, un espacio creado por la periodista y conductora <strong>Patricia Slukich<\/strong> y la fot\u00f3grafa y productora <strong>Majo Navarro Sard\u00e1<\/strong>. El espect\u00e1culo forma parte de un ciclo de talleres musicales generados por el m\u00fasico, cantautor y docente <strong>Gustavo Maza<\/strong>, quien en esta ocasi\u00f3n desarrollar\u00e1 una original idea junto a sus alumnos: dar a conocer todas las formas posibles de cantar, poni\u00e9ndolas en juego sobre el escenario, por ejemplo al un\u00edsono, en d\u00faos, en grupos. El espect\u00e1culo tendr\u00e1 un componente did\u00e1ctico y otro consistente en compartir esas canciones y voces con el p\u00fablico. En su segunda parte, todos los m\u00fasicos se integrar\u00e1n para ofrecer una pe\u00f1a con participaci\u00f3n de los presentes.<\/p>\n\n\n\n<p>Entre los alumnos y compa\u00f1eros m\u00fasicos de Maza se cuentan int\u00e9rpretes ya consagrados y con obra publicada, como <strong>la cantautora y poeta Eugenia Ferrer <\/strong>y los m\u00fasicos <strong>Diana Sotelo, Cristian Andreucetti, Mat\u00edas Cardozo y Adolfo \u00abKoala\u00bb Gebhard<\/strong>, quienes a su turno ofrecer\u00e1n al p\u00fablico sus creaciones.<\/p>\n\n\n\n<div style=\"height:30px\" aria-hidden=\"true\" class=\"wp-block-spacer\"><\/div>\n\n\n\n<p class=\"has-background\" style=\"background-color:#0000001f\"><strong>Para agendar<\/strong><br><br>Espect\u00e1culo: <strong>\u00abTaller de texturas musicales aplicadas al canto\u00bb<\/strong>, seguido de una pe\u00f1a.<br>Lugar: <strong>Casa Montenegro<\/strong>, en Olascoaga 1.480 de Mendoza Capital.<br>Hora: <strong>21<\/strong><br>Valor de la entrada: <strong>$3.000<\/strong><br>Reservas: Pagando con <strong>Mercado Pago, comunic\u00e1ndose al whatsapp +5492613466525 (Gustavo Maza)<\/strong><br>Continuidad del ciclo: <strong>D\u00faos de Mendoza,<\/strong> a partir de abril en horario a comunicar.<\/p>\n\n\n\n<div style=\"height:30px\" aria-hidden=\"true\" class=\"wp-block-spacer\"><\/div>\n\n\n<div class=\"wp-block-image\">\n<figure class=\"alignleft size-full is-resized\"><a href=\"https:\/\/enolife.com.ar\/es\/wp-content\/uploads\/2024\/03\/gustavo-maza-293x300-1.jpg\" data-rel=\"penci-gallery-image-content\" ><img loading=\"lazy\" decoding=\"async\" src=\"https:\/\/enolife.com.ar\/es\/wp-content\/uploads\/2024\/03\/gustavo-maza-293x300-1.jpg\" alt=\"\" class=\"wp-image-112347\" width=\"183\" height=\"187\"\/><\/a><\/figure><\/div>\n\n\n<p> <strong>Gustavo Maza<\/strong> es m\u00fasico, multiintrumentista, cantautor y docente. Desde hace d\u00e9cadas lleva adelante una intensa actividad art\u00edstica, a la vez que se ha constituido en referente del movimiento de&nbsp;<strong>Cantautores de Mendoza<\/strong>. <\/p>\n\n\n\n<p>Tambi\u00e9n oficia como productor musical. En su trayectoria cuenta con 5 discos grabados y uno editado,&nbsp;<strong>\u00abEntre Luces y Sombras\u00bb<\/strong>. En la actualidad integra el&nbsp;<strong>D\u00fao Maza-Rudman<\/strong>, con el cual recrea canciones de autor\u00eda propia y del repertorio latinoamericano.<\/p>\n\n\n\n<div style=\"height:15px\" aria-hidden=\"true\" class=\"wp-block-spacer\"><\/div>\n\n\n<div class=\"wp-block-image\">\n<figure class=\"alignleft size-full is-resized\"><a href=\"https:\/\/enolife.com.ar\/es\/wp-content\/uploads\/2024\/03\/ella-300x258-1.jpg\" data-rel=\"penci-gallery-image-content\" ><img loading=\"lazy\" decoding=\"async\" src=\"https:\/\/enolife.com.ar\/es\/wp-content\/uploads\/2024\/03\/ella-300x258-1.jpg\" alt=\"\" class=\"wp-image-112348\" width=\"186\" height=\"160\"\/><\/a><\/figure><\/div>\n\n\n<p><strong>Eugenia Ferrer<\/strong> es docente de&nbsp;Artes Pl\u00e1sticas, comunicadora, escritora y gestora cultural. Apasionada por las artes y la cultura, como int\u00e9rprete y cantautora ha transitado las mixturas entre el soul\/jazz, el folk\/rock, el funky y el pop en diferentes idiomas, fundando el tr\u00edo&nbsp;\u00ab<strong>Alma de Soul<\/strong>\u00bb&nbsp;junto a talentosos m\u00fasicos locales. <\/p>\n\n\n\n<p>Su primer lanzamiento, el disco&nbsp;\u00ab<strong>Mi Voz\u00bb<\/strong>, se encuentra disponible en las plataformas digitales de distribuci\u00f3n musical <strong>YouTube y Spotify.<\/strong>&nbsp;Recientemente public\u00f3 y present\u00f3 su primer libro de poemas, <strong>\u00abVolver a existir\u00bb,<\/strong> disponible para adquirir en la biblioteca de Casa Montenegro. <\/p>\n\n\n\n<div style=\"height:35px\" aria-hidden=\"true\" class=\"wp-block-spacer\"><\/div>\n\n\n\n<figure class=\"wp-block-embed is-type-video is-provider-youtube wp-block-embed-youtube wp-embed-aspect-16-9 wp-has-aspect-ratio\"><div class=\"wp-block-embed__wrapper\">\n<iframe loading=\"lazy\" title=\"Ag\u00fcita - Eugenia Ferrer\" width=\"1170\" height=\"658\" src=\"https:\/\/www.youtube.com\/embed\/YOi_4ZsnU7o?feature=oembed\" frameborder=\"0\" allow=\"accelerometer; autoplay; clipboard-write; encrypted-media; gyroscope; picture-in-picture; web-share\" allowfullscreen><\/iframe>\n<\/div><\/figure>\n\n\n\n<div style=\"height:36px\" aria-hidden=\"true\" class=\"wp-block-spacer\"><\/div>\n","protected":false},"excerpt":{"rendered":"<p>En la continuidad de un ciclo que marida poes\u00eda, m\u00fasica y vino, el acogedor espacio&hellip;<\/p>\n","protected":false},"author":3,"featured_media":112358,"comment_status":"open","ping_status":"open","sticky":false,"template":"","format":"standard","meta":{"footnotes":""},"categories":[47],"tags":[],"class_list":["post-112303","post","type-post","status-publish","format-standard","has-post-thumbnail","hentry","category-agenda"],"_links":{"self":[{"href":"https:\/\/enolife.com.ar\/es\/wp-json\/wp\/v2\/posts\/112303","targetHints":{"allow":["GET"]}}],"collection":[{"href":"https:\/\/enolife.com.ar\/es\/wp-json\/wp\/v2\/posts"}],"about":[{"href":"https:\/\/enolife.com.ar\/es\/wp-json\/wp\/v2\/types\/post"}],"author":[{"embeddable":true,"href":"https:\/\/enolife.com.ar\/es\/wp-json\/wp\/v2\/users\/3"}],"replies":[{"embeddable":true,"href":"https:\/\/enolife.com.ar\/es\/wp-json\/wp\/v2\/comments?post=112303"}],"version-history":[{"count":0,"href":"https:\/\/enolife.com.ar\/es\/wp-json\/wp\/v2\/posts\/112303\/revisions"}],"wp:featuredmedia":[{"embeddable":true,"href":"https:\/\/enolife.com.ar\/es\/wp-json\/wp\/v2\/media\/112358"}],"wp:attachment":[{"href":"https:\/\/enolife.com.ar\/es\/wp-json\/wp\/v2\/media?parent=112303"}],"wp:term":[{"taxonomy":"category","embeddable":true,"href":"https:\/\/enolife.com.ar\/es\/wp-json\/wp\/v2\/categories?post=112303"},{"taxonomy":"post_tag","embeddable":true,"href":"https:\/\/enolife.com.ar\/es\/wp-json\/wp\/v2\/tags?post=112303"}],"curies":[{"name":"wp","href":"https:\/\/api.w.org\/{rel}","templated":true}]}}