{"id":112127,"date":"2024-03-12T12:30:07","date_gmt":"2024-03-12T12:30:07","guid":{"rendered":"https:\/\/enolife.com.ar\/es\/?p=112127"},"modified":"2024-03-13T13:55:31","modified_gmt":"2024-03-13T13:55:31","slug":"bodega-dona-paula-agasajo-a-las-mujeres-periodistas-con-una-cena-y-cata-a-ciegas","status":"publish","type":"post","link":"https:\/\/enolife.com.ar\/es\/bodega-dona-paula-agasajo-a-las-mujeres-periodistas-con-una-cena-y-cata-a-ciegas\/","title":{"rendered":"Bodega Do\u00f1a Paula agasaj\u00f3 a las mujeres periodistas con una cena y cata a ciegas"},"content":{"rendered":"\n<h4 class=\"wp-block-heading\"><em><strong>En un espectacular rinc\u00f3n de sus vi\u00f1edos de Ugarteche, Luj\u00e1n, Mendoza, dentro del espacio dise\u00f1ado para recibir a las visitas, junto al lago que guarda la reserva de riego de la finca, la en\u00f3loga de Do\u00f1a Paula, Andrea Tansini, en compa\u00f1\u00eda de la chef Marisa Ortiz y colaboradoras de la empresa, agasajaron la noche del 8\/3 a las periodistas especializadas en vitivinicultura de esta provincia, con motivo del D\u00eda Internacional de las Mujeres. Con antifaces, en un juego de aromas y sabores, las profesionales de la comunicaci\u00f3n cataron 7 vinos premium de la casa. La nota destacada y original fue la cata a ciegas tambi\u00e9n de la cena. Una experiencia inolvidable que todos los periodistas agradecemos. Y que los lectores pueden repetir como un juego en sus casas, con los vinos de Do\u00f1a Paula.<\/strong><\/em><\/h4>\n\n\n\n<div style=\"height:35px\" aria-hidden=\"true\" class=\"wp-block-spacer\"><\/div>\n\n\n\n\n\n<div style=\"height:45px\" aria-hidden=\"true\" class=\"wp-block-spacer\"><\/div>\n\n\n\n<p><strong>Por Laura Lescano, especial para Enolife<\/strong><br>(<em>mllescano@yahoo.com.ar<\/em>)<\/p>\n\n\n\n<div style=\"height:16px\" aria-hidden=\"true\" class=\"wp-block-spacer\"><\/div>\n\n\n\n<p>Para celebrar a las <strong>mujeres en su D\u00eda Internacional<\/strong>, el pasado 8 de marzo <strong>Bodega Do\u00f1a Paula<\/strong> organiz\u00f3 un original encuentro que recorri\u00f3 sabores y perfumes de vinos y maridajes completamente a ciegas. La cena y cata, a la que asistieron una decena de periodistas mendocinas, estuvo a cargo de <strong>Andrea Tansini<\/strong>, en\u00f3loga de Do\u00f1a Paula, y la chef <strong>Marisa Ortiz<\/strong>. <\/p>\n\n\n\n<div style=\"height:30px\" aria-hidden=\"true\" class=\"wp-block-spacer\"><\/div>\n\n\n<div class=\"wp-block-image\">\n<figure class=\"aligncenter size-full is-resized\"><a href=\"https:\/\/enolife.com.ar\/es\/wp-content\/uploads\/2024\/03\/Imagen1-10.jpg\" data-rel=\"penci-gallery-image-content\" ><img loading=\"lazy\" decoding=\"async\" src=\"https:\/\/enolife.com.ar\/es\/wp-content\/uploads\/2024\/03\/Imagen1-10.jpg\" alt=\"\" class=\"wp-image-112143\" width=\"564\" height=\"348\" srcset=\"https:\/\/enolife.com.ar\/es\/wp-content\/uploads\/2024\/03\/Imagen1-10.jpg 810w, https:\/\/enolife.com.ar\/es\/wp-content\/uploads\/2024\/03\/Imagen1-10-300x185.jpg 300w, https:\/\/enolife.com.ar\/es\/wp-content\/uploads\/2024\/03\/Imagen1-10-768x474.jpg 768w, https:\/\/enolife.com.ar\/es\/wp-content\/uploads\/2024\/03\/Imagen1-10-585x361.jpg 585w\" sizes=\"auto, (max-width: 564px) 100vw, 564px\" \/><\/a><figcaption class=\"wp-element-caption\"><em><strong>Marisa Ortiz y Andrea Tansini<\/strong><\/em><\/figcaption><\/figure><\/div>\n\n\n<div style=\"height:30px\" aria-hidden=\"true\" class=\"wp-block-spacer\"><\/div>\n\n\n\n<p>La propuesta innovadora consisti\u00f3 en una cata a ciegas y cena, tambi\u00e9n a ciegas, de 5 pasos, naturalmente acompa\u00f1adas por los mejores vinos de Do\u00f1a Paula. Con la gu\u00eda de la chef Marisa Ortiz, de <strong>Mantelito Cocina Saludable<\/strong>, a cargo del maridaje, y Andrea Tansini, primera en\u00f3loga de Do\u00f1a Paula, la cena se desarroll\u00f3 completamente a ciegas en el coraz\u00f3n de los vi\u00f1edos de la empresa en Ugarteche. <\/p>\n\n\n\n<div style=\"height:30px\" aria-hidden=\"true\" class=\"wp-block-spacer\"><\/div>\n\n\n<div class=\"wp-block-image\">\n<figure class=\"aligncenter size-full is-resized\"><a href=\"https:\/\/enolife.com.ar\/es\/wp-content\/uploads\/2024\/03\/Imagen2-5.jpg\" data-rel=\"penci-gallery-image-content\" ><img loading=\"lazy\" decoding=\"async\" src=\"https:\/\/enolife.com.ar\/es\/wp-content\/uploads\/2024\/03\/Imagen2-5.jpg\" alt=\"\" class=\"wp-image-112145\" width=\"550\" height=\"486\" srcset=\"https:\/\/enolife.com.ar\/es\/wp-content\/uploads\/2024\/03\/Imagen2-5.jpg 566w, https:\/\/enolife.com.ar\/es\/wp-content\/uploads\/2024\/03\/Imagen2-5-300x265.jpg 300w\" sizes=\"auto, (max-width: 550px) 100vw, 550px\" \/><\/a><figcaption class=\"wp-element-caption\"><em><strong>Mujeres periodistas agasajadas en el D\u00eda de la Mujer en Do\u00f1a Paula <\/strong><\/em><\/figcaption><\/figure><\/div>\n\n\n<div style=\"height:30px\" aria-hidden=\"true\" class=\"wp-block-spacer\"><\/div>\n\n\n\n<p>Con antifaces y t\u00e9nue luz, la experiencia enogastron\u00f3mica recorri\u00f3 distintos sabores, texturas y aromas, potenciados por una variada selecci\u00f3n de vinos rosados, blancos y tintos.<\/p>\n\n\n\n<p><strong>Gazpacho, risotto de hongos, bacalao, carnes rojas y sabrosas guarniciones de vegetales asados y de estaci\u00f3n, con un cremoso postre de lim\u00f3n con pralin\u00e9 y frutos rojos,<\/strong> fueron parte de la experiencia enogastron\u00f3mica y l\u00fadica que la bodega propuso para descubrir sensorialmente cada uno de sus vinos.<\/p>\n\n\n\n<div style=\"height:30px\" aria-hidden=\"true\" class=\"wp-block-spacer\"><\/div>\n\n\n\n<figure class=\"wp-block-gallery has-nested-images columns-default is-cropped wp-block-gallery-1 is-layout-flex wp-block-gallery-is-layout-flex\">\n<figure class=\"wp-block-image size-full\"><a href=\"https:\/\/enolife.com.ar\/es\/wp-content\/uploads\/2024\/03\/432274602_10232233005354998_7045310476652148763_n.jpg\" data-rel=\"penci-gallery-image-content\" ><img loading=\"lazy\" decoding=\"async\" width=\"600\" height=\"500\" data-id=\"112149\" src=\"https:\/\/enolife.com.ar\/es\/wp-content\/uploads\/2024\/03\/432274602_10232233005354998_7045310476652148763_n.jpg\" alt=\"\" class=\"wp-image-112149\" srcset=\"https:\/\/enolife.com.ar\/es\/wp-content\/uploads\/2024\/03\/432274602_10232233005354998_7045310476652148763_n.jpg 600w, https:\/\/enolife.com.ar\/es\/wp-content\/uploads\/2024\/03\/432274602_10232233005354998_7045310476652148763_n-300x250.jpg 300w, https:\/\/enolife.com.ar\/es\/wp-content\/uploads\/2024\/03\/432274602_10232233005354998_7045310476652148763_n-585x488.jpg 585w\" sizes=\"auto, (max-width: 600px) 100vw, 600px\" \/><\/a><\/figure>\n\n\n\n<figure class=\"wp-block-image size-full\"><a href=\"https:\/\/enolife.com.ar\/es\/wp-content\/uploads\/2024\/03\/432181928_10232233005715007_8316320961099792405_n.jpg\" data-rel=\"penci-gallery-image-content\" ><img loading=\"lazy\" decoding=\"async\" width=\"577\" height=\"500\" data-id=\"112148\" src=\"https:\/\/enolife.com.ar\/es\/wp-content\/uploads\/2024\/03\/432181928_10232233005715007_8316320961099792405_n.jpg\" alt=\"\" class=\"wp-image-112148\" srcset=\"https:\/\/enolife.com.ar\/es\/wp-content\/uploads\/2024\/03\/432181928_10232233005715007_8316320961099792405_n.jpg 577w, https:\/\/enolife.com.ar\/es\/wp-content\/uploads\/2024\/03\/432181928_10232233005715007_8316320961099792405_n-300x260.jpg 300w\" sizes=\"auto, (max-width: 577px) 100vw, 577px\" \/><\/a><\/figure>\n<\/figure>\n\n\n\n<div style=\"height:30px\" aria-hidden=\"true\" class=\"wp-block-spacer\"><\/div>\n\n\n\n<p>As\u00ed, el maridaje se complet\u00f3 con las propuestas de Do\u00f1a Paula escogidas para la ocasi\u00f3n: <strong>Ros\u00e9 de Malbec, Do\u00f1a Paula Estate Pinot Noir<\/strong>, <strong>Riesling<\/strong> -de las alturas de Gualtallary-, <strong>Malbec Smoked<\/strong>, <strong>Sauvignon Blanc Dulce<\/strong> -de bajo grado alcoh\u00f3lico- y <strong>Parcel Los Indios Malbec<\/strong>. Cada vino permiti\u00f3 el juego de explorarlos, exacerbando el sentido del gusto y el olfato para su disfrute.<\/p>\n\n\n\n<div style=\"height:35px\" aria-hidden=\"true\" class=\"wp-block-spacer\"><\/div>\n\n\n\n<p class=\"has-medium-font-size\"><strong>Los desaf\u00edos de una en\u00f3loga en un \u00e1mbito de hombres <\/strong><\/p>\n\n\n<div class=\"wp-block-image\">\n<figure class=\"alignleft size-full is-resized\"><a href=\"https:\/\/enolife.com.ar\/es\/wp-content\/uploads\/2024\/03\/expovino_newsletter_nov-1.jpg\" data-rel=\"penci-gallery-image-content\" ><img loading=\"lazy\" decoding=\"async\" src=\"https:\/\/enolife.com.ar\/es\/wp-content\/uploads\/2024\/03\/expovino_newsletter_nov-1.jpg\" alt=\"\" class=\"wp-image-112156\" width=\"401\" height=\"305\" srcset=\"https:\/\/enolife.com.ar\/es\/wp-content\/uploads\/2024\/03\/expovino_newsletter_nov-1.jpg 397w, https:\/\/enolife.com.ar\/es\/wp-content\/uploads\/2024\/03\/expovino_newsletter_nov-1-300x228.jpg 300w\" sizes=\"auto, (max-width: 401px) 100vw, 401px\" \/><\/a><\/figure><\/div>\n\n\n<p>El rubro vitivin\u00edcola no permanece ajeno a las conquistas de las mujeres, y la primera en\u00f3loga de Do\u00f1a Paula as\u00ed lo demuestra desarrollando su impronta en una posici\u00f3n clave y decisoria dentro de su compa\u00f1\u00eda. A trav\u00e9s de un distendido di\u00e1logo de sobremesa con Enolife, <strong>Andrea Tansini <\/strong>cont\u00f3 sobre su trayectoria y sus desaf\u00edos como en\u00f3loga, en un \u00e1mbito, hist\u00f3ricamente, \u201cde hombres\u201d.<\/p>\n\n\n\n<p><\/p>\n\n\n\n<p class=\"has-vivid-red-color has-text-color\"><strong>-Enolife: \u00bfC\u00f3mo desembarcaste en Do\u00f1a Paula y c\u00f3mo es tu presente a esta altura de tu carrera<br>profesional?<\/strong><\/p>\n\n\n\n<p><strong>-Andrea Tansini:<\/strong> Estoy en Do\u00f1a Paula desde hace m\u00e1s de 12 a\u00f1os. En esta industria empec\u00e9 en el laboratorio, luego pas\u00e9 a ser segunda en\u00f3loga, encarg\u00e1ndome de las operaciones enol\u00f3gicas dentro de la bodega. Hoy estoy como primera en\u00f3loga en la gesti\u00f3n, con mucho trabajo, con muchas expectativas en esta vendimia que viene muy bien y con muy buenas perspectivas.<\/p>\n\n\n\n<p class=\"has-vivid-red-color has-text-color\"><strong>-\u00bfC\u00f3mo fue para vos, como mujer, insertarte en la industria vitivin\u00edcola?<\/strong><\/p>\n\n\n\n<p>-No es un secreto que la industria del vino siempre ha sido liderada por hombres durante mucho tiempo. Los puestos que las mujeres pod\u00edan ocupar era laboratorio, algo administrativo, o limpieza. Dentro del cambio que ha sucedido a lo largo del tiempo, cuando me recib\u00ed tuve la oportunidad de trabajar como operaria, en un lugar donde todos eran hombres. Y me trataron de igual a igual. Tuve en Do\u00f1a Paula la gran experiencia que no me dieron en otros lugares, porque me cans\u00e9 de golpear puertas al no tener experiencia y, adem\u00e1s, por ser \u201cun trabajo de hombres\u201d. Hoy estoy agradecida de la oportunidad que me dieron. Eso hizo que pudiera seguir creciendo y me anim\u00f3 a seguir golpeando puertas y decirme \u00abestoy preparada para esto\u00bb. Es una lucha del d\u00eda a d\u00eda. Creo que se ha evolucionado un mont\u00f3n, y hoy hay una lista larga de mujeres a cargo de esta industria, liderando proyectos lindos e importantes y demostrando que se puede.<\/p>\n\n\n\n<p class=\"has-vivid-red-color has-text-color\"><strong>-\u00bfCu\u00e1les son tus desaf\u00edos en Do\u00f1a Paula como primera en\u00f3loga?<\/strong><\/p>\n\n\n\n<p>-En Do\u00f1a Paula se aprende d\u00eda a d\u00eda, todo el tiempo es un nuevo desaf\u00edo. Esta cosecha viene muy bien, el clima nos viene acompa\u00f1ando, a pesar de que en algunas zonas no nos ha ido bien. El a\u00f1o pasado tuvimos la mala experiencia que afect\u00f3 a toda la Argentina. Este a\u00f1o venimos escap\u00e1ndole, por lo que creo que va a ser una muy buena cosecha. Al equipo le hemos dado una vuelta de rosca, estamos innovando en nuevas ideas y proyectos, probando cosas nuevas, tanto en el vi\u00f1edo como en la bodega. Va a ser un a\u00f1o muy interesante con muchas cositas nuevas.<\/p>\n\n\n\n<p class=\"has-vivid-red-color has-text-color\"><strong>-\u00bfC\u00f3mo te sent\u00eds desarrollando tu tarea actualmente?<\/strong><\/p>\n\n\n\n<p>-Desde la cosecha 2011 estoy ac\u00e1, pas\u00e9 por muchas instancias, estoy muy contenta. Siento que<br>he aprendido un mont\u00f3n, sigo aprendiendo, ac\u00e1 no te quedas en la carrera. Todo el tiempo<br>estamos buscando cosas nuevas, sumado a mi rol de mam\u00e1, para m\u00ed es una experiencia como<br>mujer que la siento completa.<\/p>\n\n\n\n<div style=\"height:30px\" aria-hidden=\"true\" class=\"wp-block-spacer\"><\/div>\n","protected":false},"excerpt":{"rendered":"<p>En un espectacular rinc\u00f3n de sus vi\u00f1edos de Ugarteche, Luj\u00e1n, Mendoza, dentro del espacio dise\u00f1ado&hellip;<\/p>\n","protected":false},"author":3,"featured_media":112155,"comment_status":"open","ping_status":"open","sticky":false,"template":"","format":"standard","meta":{"footnotes":""},"categories":[56,7,57],"tags":[],"class_list":["post-112127","post","type-post","status-publish","format-standard","has-post-thumbnail","hentry","category-destacado","category-vino","category-empresas"],"_links":{"self":[{"href":"https:\/\/enolife.com.ar\/es\/wp-json\/wp\/v2\/posts\/112127","targetHints":{"allow":["GET"]}}],"collection":[{"href":"https:\/\/enolife.com.ar\/es\/wp-json\/wp\/v2\/posts"}],"about":[{"href":"https:\/\/enolife.com.ar\/es\/wp-json\/wp\/v2\/types\/post"}],"author":[{"embeddable":true,"href":"https:\/\/enolife.com.ar\/es\/wp-json\/wp\/v2\/users\/3"}],"replies":[{"embeddable":true,"href":"https:\/\/enolife.com.ar\/es\/wp-json\/wp\/v2\/comments?post=112127"}],"version-history":[{"count":0,"href":"https:\/\/enolife.com.ar\/es\/wp-json\/wp\/v2\/posts\/112127\/revisions"}],"wp:featuredmedia":[{"embeddable":true,"href":"https:\/\/enolife.com.ar\/es\/wp-json\/wp\/v2\/media\/112155"}],"wp:attachment":[{"href":"https:\/\/enolife.com.ar\/es\/wp-json\/wp\/v2\/media?parent=112127"}],"wp:term":[{"taxonomy":"category","embeddable":true,"href":"https:\/\/enolife.com.ar\/es\/wp-json\/wp\/v2\/categories?post=112127"},{"taxonomy":"post_tag","embeddable":true,"href":"https:\/\/enolife.com.ar\/es\/wp-json\/wp\/v2\/tags?post=112127"}],"curies":[{"name":"wp","href":"https:\/\/api.w.org\/{rel}","templated":true}]}}