{"id":112124,"date":"2024-03-12T17:59:24","date_gmt":"2024-03-12T17:59:24","guid":{"rendered":"https:\/\/enolife.com.ar\/es\/?p=112124"},"modified":"2024-03-12T23:25:03","modified_gmt":"2024-03-12T23:25:03","slug":"record-de-presencia-de-bodegas-mendocinas-en-la-feria-prowein-dusseldorf-junto-a-promendoza","status":"publish","type":"post","link":"https:\/\/enolife.com.ar\/es\/record-de-presencia-de-bodegas-mendocinas-en-la-feria-prowein-dusseldorf-junto-a-promendoza\/","title":{"rendered":"R\u00e9cord de presencia de bodegas mendocinas en la feria ProWein D\u00fcsseldorf, junto a ProMendoza\u00a0"},"content":{"rendered":"\n<h4 class=\"wp-block-heading\"><em><strong>Desde el 5\/3 y hasta el pr\u00f3ximo jueves 14\/3\/24, ProMendoza -la agencia estatal de promoci\u00f3n de los productos mendocinos en el exterior- acompa\u00f1a en una misi\u00f3n comercial a Alemania a 30 bodegas mendocinas, cifra que constituye un r\u00e9cord hist\u00f3rico de participaci\u00f3n en la ProWein. Con degustaciones, presentaciones y rondas de negocios, las bodegas ponen en escena sus vinos y abren una puerta para la futura comercializaci\u00f3n. Algunas, ya posicionadas en el mercado alem\u00e1n, tambi\u00e9n concretaron operaciones de exportaci\u00f3n. <\/strong><\/em><\/h4>\n\n\n\n<div style=\"height:35px\" aria-hidden=\"true\" class=\"wp-block-spacer\"><\/div>\n\n\n<a href=\"https:\/\/www.dellatoffola.com.ar\/es\/home\" aria-label=\"della toffolla 1700&#215;500\"><img loading=\"lazy\" decoding=\"async\" src=\"https:\/\/enolife.com.ar\/es\/wp-content\/uploads\/2023\/10\/della-toffolla-1700x500-2.png\" alt=\"\"  srcset=\"https:\/\/enolife.com.ar\/es\/wp-content\/uploads\/2023\/10\/della-toffolla-1700x500-2.png 1699w, https:\/\/enolife.com.ar\/es\/wp-content\/uploads\/2023\/10\/della-toffolla-1700x500-2-300x88.png 300w, https:\/\/enolife.com.ar\/es\/wp-content\/uploads\/2023\/10\/della-toffolla-1700x500-2-1024x301.png 1024w, https:\/\/enolife.com.ar\/es\/wp-content\/uploads\/2023\/10\/della-toffolla-1700x500-2-768x226.png 768w, https:\/\/enolife.com.ar\/es\/wp-content\/uploads\/2023\/10\/della-toffolla-1700x500-2-1536x451.png 1536w, https:\/\/enolife.com.ar\/es\/wp-content\/uploads\/2023\/10\/della-toffolla-1700x500-2-1170x344.png 1170w, https:\/\/enolife.com.ar\/es\/wp-content\/uploads\/2023\/10\/della-toffolla-1700x500-2-585x172.png 585w\" sizes=\"auto, (max-width: 1699px) 100vw, 1699px\" width=\"1699\" height=\"499\"   \/><\/a>\n\n\n<div style=\"height:45px\" aria-hidden=\"true\" class=\"wp-block-spacer\"><\/div>\n\n\n\n<p>Del 5 al 14 de marzo, <strong>ProMendoza<\/strong> est\u00e1 acompa\u00f1ando a <strong>30 bodegas de Mendoza<\/strong> en una misi\u00f3n comercial a <strong>Alemania<\/strong>, espec\u00edficamente a la <strong>Feria ProWein D\u00fcsseldorf 2024<\/strong>, considerada por muchos expertos como la feria de vinos m\u00e1s importante del mundo.<\/p>\n\n\n\n<p>El programa de viaje de los t\u00e9cnicos de ProMendoza comenz\u00f3 en la ciudad de <strong>Karlsruhe<\/strong>, en donde se realiz\u00f3 una presentaci\u00f3n y degustaci\u00f3n de tres bodegas mendocinas &#8211;<strong>The Wine Plan, Laureano G\u00f3mez, Matervini e Imperial Stag<\/strong>&#8211; ante los representantes de una cadena de restaurantes de la importadora <strong>Germany Latam (GerLa)<\/strong>. Al mismo tiempo, se realiz\u00f3 la presentaci\u00f3n de la provincia de Mendoza como destino de inversi\u00f3n.&nbsp;<\/p>\n\n\n\n<div style=\"height:30px\" aria-hidden=\"true\" class=\"wp-block-spacer\"><\/div>\n\n\n\n<figure class=\"wp-block-gallery has-nested-images columns-default is-cropped wp-block-gallery-1 is-layout-flex wp-block-gallery-is-layout-flex\">\n<figure class=\"wp-block-image size-full\"><a href=\"https:\/\/enolife.com.ar\/es\/wp-content\/uploads\/2024\/03\/98906070-24b0-c657-6967-661b6a542b17.jpg\" data-rel=\"penci-gallery-image-content\" ><img loading=\"lazy\" decoding=\"async\" width=\"578\" height=\"478\" data-id=\"112193\" src=\"https:\/\/enolife.com.ar\/es\/wp-content\/uploads\/2024\/03\/98906070-24b0-c657-6967-661b6a542b17.jpg\" alt=\"\" class=\"wp-image-112193\" srcset=\"https:\/\/enolife.com.ar\/es\/wp-content\/uploads\/2024\/03\/98906070-24b0-c657-6967-661b6a542b17.jpg 578w, https:\/\/enolife.com.ar\/es\/wp-content\/uploads\/2024\/03\/98906070-24b0-c657-6967-661b6a542b17-300x248.jpg 300w\" sizes=\"auto, (max-width: 578px) 100vw, 578px\" \/><\/a><\/figure>\n\n\n\n<figure class=\"wp-block-image size-full\"><a href=\"https:\/\/enolife.com.ar\/es\/wp-content\/uploads\/2024\/03\/efa011eb-cd47-e04b-2979-423dc34a59ed.jpg\" data-rel=\"penci-gallery-image-content\" ><img loading=\"lazy\" decoding=\"async\" width=\"536\" height=\"470\" data-id=\"112194\" src=\"https:\/\/enolife.com.ar\/es\/wp-content\/uploads\/2024\/03\/efa011eb-cd47-e04b-2979-423dc34a59ed.jpg\" alt=\"\" class=\"wp-image-112194\" srcset=\"https:\/\/enolife.com.ar\/es\/wp-content\/uploads\/2024\/03\/efa011eb-cd47-e04b-2979-423dc34a59ed.jpg 536w, https:\/\/enolife.com.ar\/es\/wp-content\/uploads\/2024\/03\/efa011eb-cd47-e04b-2979-423dc34a59ed-300x263.jpg 300w\" sizes=\"auto, (max-width: 536px) 100vw, 536px\" \/><\/a><\/figure>\n<\/figure>\n\n\n\n<div style=\"height:30px\" aria-hidden=\"true\" class=\"wp-block-spacer\"><\/div>\n\n\n\n<p>La agenda incluye, adem\u00e1s, la visita a ciudad de <strong>Landau in der Pfalz<\/strong> para seguir con el avance del acuerdo de hermandad entre esa comuna y Mendoza, y para desarrollar acciones de promoci\u00f3n para estimular los negocios entre ambas regiones.&nbsp;<\/p>\n\n\n\n<p>En tanto, desde el 10\/3 y hasta hoy 12 de marzo, otras 27 bodegas participan en el Pabell\u00f3n Argentino -junto al <strong>Consejo Federal de Inversiones (CFI)<\/strong>&#8211; en la feria l\u00edder a nivel internacional en vinos y bebidas espirituosas, que cumple 29 a\u00f1os de experiencia brindando oportunidades de negocio a sus participantes. &nbsp;<\/p>\n\n\n\n<p>Durante ProWein, los t\u00e9cnicos de ProMendoza se reunieron con el <strong>embajador argentino en Alemania, Fernando Brun<\/strong>, para presentarle las pol\u00edticas de promoci\u00f3n comercial de la provincia y realizar un an\u00e1lisis de un hub en Alemania.&nbsp;<\/p>\n\n\n\n<div style=\"height:13px\" aria-hidden=\"true\" class=\"wp-block-spacer\"><\/div>\n\n\n\n<p class=\"has-background\" style=\"background-color:#abb7c24d\"><strong>Las bodegas acompa\u00f1adas por ProMendoza son:<\/strong> Grupo Salute, Karim Mussi Winemaker, Carinae, Mi Terru\u00f1o, Lamuchi Wines, Funckenhausen, Sul Mineira, Tittarelli Wines, Montlaiz, Vinecol, Paso A Paso, Krontiras, Nanni, Andeluna, Bodega Jorge Rubio, The Wine Plan, Bodega Sin Fin, Clop Wines, Mister Uko, Chakana Wines, Las Estelas, Domiciano, Coen Wines, Don Rosendo Wines, Ricominciare, Finca Bandini, Luis Segundo Correas, Jasmine Monet, Familia Cassone y Don Crist\u00f3bal.&nbsp;<\/p>\n\n\n\n<div style=\"height:12px\" aria-hidden=\"true\" class=\"wp-block-spacer\"><\/div>\n\n\n\n<p>\u00ab<em>La cantidad de bodegas que vinieron con ProMendoza es r\u00e9cord. Hemos supera do nuestros n\u00fameros y llegamos a 30 instituciones mendocinas. Esta misi\u00f3n es una de las tantas actividades que realiza ProMendoza y que brinda como herramienta a nuestros productores. Invitamos a todas las empresas que quieran exportar a que acerquen a nuestra instituci\u00f3n para poder contar con nuestro acompa\u00f1amiento en el proceso de internacionalizaci\u00f3n de sus productos\u00bb,<\/em> coment\u00f3 <strong>Javier Rojas<\/strong>, responsable del \u00c1rea Vinos de ProMendoza.&nbsp;<\/p>\n\n\n\n<p>Adem\u00e1s, se espera considerar el desarrollo de plataformas comerciales en <strong>Espa\u00f1a<\/strong> con dos posibles empresas <strong>\u00abLa Franco Argentine\u00bb<\/strong> y <strong>Lovemark<\/strong>.&nbsp; Tambi\u00e9n hay reuniones para concretar acciones comerciales en Europa con <strong>Beverage Trade Network.<\/strong>&nbsp;<\/p>\n\n\n\n<p>Por otro lado, se est\u00e1n realizando encuentros de trabajo con importadores de la <strong>Uni\u00f3n Europea<\/strong> y tambi\u00e9n agenda con instituciones para desarrollar plataformas comerciales en algunas regiones de ese continente.&nbsp;<\/p>\n\n\n\n<p>Para las bodegas participantes se ha desarrollado una agenda de contacto e intercambio con importadores para potenciar los negocios y las ventas de vinos en Alemania.&nbsp;<\/p>\n\n\n\n<div style=\"height:30px\" aria-hidden=\"true\" class=\"wp-block-spacer\"><\/div>\n","protected":false},"excerpt":{"rendered":"<p>Desde el 5\/3 y hasta el pr\u00f3ximo jueves 14\/3\/24, ProMendoza -la agencia estatal de promoci\u00f3n&hellip;<\/p>\n","protected":false},"author":3,"featured_media":112192,"comment_status":"open","ping_status":"open","sticky":false,"template":"","format":"standard","meta":{"footnotes":""},"categories":[9],"tags":[],"class_list":["post-112124","post","type-post","status-publish","format-standard","has-post-thumbnail","hentry","category-negocios"],"_links":{"self":[{"href":"https:\/\/enolife.com.ar\/es\/wp-json\/wp\/v2\/posts\/112124","targetHints":{"allow":["GET"]}}],"collection":[{"href":"https:\/\/enolife.com.ar\/es\/wp-json\/wp\/v2\/posts"}],"about":[{"href":"https:\/\/enolife.com.ar\/es\/wp-json\/wp\/v2\/types\/post"}],"author":[{"embeddable":true,"href":"https:\/\/enolife.com.ar\/es\/wp-json\/wp\/v2\/users\/3"}],"replies":[{"embeddable":true,"href":"https:\/\/enolife.com.ar\/es\/wp-json\/wp\/v2\/comments?post=112124"}],"version-history":[{"count":0,"href":"https:\/\/enolife.com.ar\/es\/wp-json\/wp\/v2\/posts\/112124\/revisions"}],"wp:featuredmedia":[{"embeddable":true,"href":"https:\/\/enolife.com.ar\/es\/wp-json\/wp\/v2\/media\/112192"}],"wp:attachment":[{"href":"https:\/\/enolife.com.ar\/es\/wp-json\/wp\/v2\/media?parent=112124"}],"wp:term":[{"taxonomy":"category","embeddable":true,"href":"https:\/\/enolife.com.ar\/es\/wp-json\/wp\/v2\/categories?post=112124"},{"taxonomy":"post_tag","embeddable":true,"href":"https:\/\/enolife.com.ar\/es\/wp-json\/wp\/v2\/tags?post=112124"}],"curies":[{"name":"wp","href":"https:\/\/api.w.org\/{rel}","templated":true}]}}