{"id":11199,"date":"2020-04-17T13:19:55","date_gmt":"2020-04-17T13:19:55","guid":{"rendered":"http:\/\/enolife.com.ar\/es\/?p=11199"},"modified":"2020-04-21T00:55:29","modified_gmt":"2020-04-21T00:55:29","slug":"bodegas-de-argentina-se-defiende-ante-una-agresion-mediatica","status":"publish","type":"post","link":"https:\/\/enolife.com.ar\/es\/bodegas-de-argentina-se-defiende-ante-una-agresion-mediatica\/","title":{"rendered":"Bodegas de Argentina se defiende ante una \u00abagresi\u00f3n medi\u00e1tica\u00bb"},"content":{"rendered":"\n<h4 class=\"wp-block-heading\"><em><strong>Ayer (16\/4) Bodegas de Argentina, a trav\u00e9s de su web, emiti\u00f3 el comunicado \u00abBodegas de Argentina responde a agresiones medi\u00e1ticas que calumnian a nuestra entidad\u00bb. Es en respuesta a una nota publicada en Estrategias y Mercados donde los mencionan como \u00abentidad vitivin\u00edcola que menosprecia al 70% de la sociedad\u00bb. A continuaci\u00f3n reproducimos textualmente dicho comunicado.<\/strong><\/em><\/h4>\n\n\n\n<div style=\"height:20px\" aria-hidden=\"true\" class=\"wp-block-spacer\"><\/div>\n\n\n\n<div class=\"wp-block-image\"><figure class=\"alignleft is-resized\"><img loading=\"lazy\" decoding=\"async\" src=\"https:\/\/www.bodegasdeargentina.org\/wp-content\/uploads\/2019\/06\/BDA_Comunicado-Oficial-800x428.jpg\" alt=\"\" width=\"408\" height=\"218\"\/><\/figure><\/div>\n\n\n\n<p>\u00abEn el d\u00eda de ayer (15\/4)  el medio digital&nbsp;<em>Estrategias y Mercados<\/em>&nbsp;(<a href=\"http:\/\/estrategiasymercados.com\/\">estrategiasymercados.com<\/a>)&nbsp;public\u00f3 el art\u00edculo&nbsp;&#8216;<em>De como una entidad vitivin\u00edcola menosprecia al 70% de la sociedad&#8217;,&nbsp;<\/em>escrito por los periodistas Marcelo Bustos Herrera y Pablo P\u00e9rez Delgado y comentado por este \u00faltimo en su programa matinal en Radio Nihuil<em>.&nbsp;<\/em><\/p>\n\n\n\n<p>\u00abEn el art\u00edculo se acusa a Bodegas de Argentina de despreciar y referirse despectivamente a una buena parte de la sociedad.&nbsp;Asimismo, se acusa a nuestra entidad de mentir respecto a las estad\u00edsticas de consumo de vino de mesa en el pa\u00eds y de sobredimensionar el peso del componente vino en nuestros costos. Por \u00faltimo, los periodistas transmiten su preocupaci\u00f3n&nbsp;<em>por el silencio de muchos socios&nbsp;<\/em>de Bodegas de Argentina que supuestamente no coinciden con&nbsp;&#8216;<em>pr\u00e1cticas&#8217;&nbsp;<\/em>de nuestra entidad que&nbsp;&#8216;<em>terminan aniquilando a toda una industria&#8217;<\/em>.<\/p>\n\n\n\n<p>\u00abNo es la primera vez que desde este medio se agrede a nuestra entidad o a sus dirigentes. Seguramente no va a ser la \u00faltima tampoco. Es importante antes de responder a las agresiones y calumnias, echar luz sobre los intereses que hay detr\u00e1s, o al frente, de&nbsp;<em>Estrategias y Mercados<\/em>. Este medio es propiedad de la Uni\u00f3n Vitivin\u00edcola Argentina, entidad presidida desde su fundaci\u00f3n por Jos\u00e9 Alberto Zuccardi. El Sr. Zuccardi es asimismo el director del medio, como as\u00ed lo indica el mismo sitio. El gerente del sitio es Sergio Villanueva, gerente tambi\u00e9n de la Uni\u00f3n Vitivin\u00edcola Argentina y del Fondo Vitivin\u00edcola Mendoza. Es importante aclarar que quienes est\u00e1n al frente de este medio (que tiene adem\u00e1s un programa de radio propio en Radio Nihuil llamado&nbsp;<em>Conexi\u00f3n Agro<\/em>) tienen un conflicto de p\u00fablico conocimiento con nuestra entidad desde hace mucho tiempo por la manera en que conducen la Corporaci\u00f3n Vitivin\u00edcola Argentina y el Fondo Vitivin\u00edcola Mendoza. Por esa misma raz\u00f3n, y ante la negativa a ceder frente a nuestros reclamos, nuestra entidad ha dejado de participar de dichas instituciones, tratando de cambiar desde afuera lo que no hemos podido cambiar desde adentro. Es por esto que no se puede leer el art\u00edculo de&nbsp;<em>Estrategias&nbsp;y Mercados&nbsp;<\/em>sin entenderlo dentro del contexto que es publicado. El mismo es fruto del aparato medi\u00e1tico construido para agredir y calumniar para no responder nunca de manera concreta a ning\u00fan reclamo que se les ha hecho por la manera en que dirigen la COVIAR y el Fondo Vitivin\u00edcola Mendoza (con manifiestos conflictos de inter\u00e9s), arrog\u00e1ndose en el camino la representaci\u00f3n de la industria.<\/p>\n\n\n\n<p>\u00abRespecto a supuestas referencias despectivas a una buena parte de la sociedad, entendemos que los periodistas tergiversan malintencionadamente lo dicho en nuestro comunicado del d\u00eda ayer en el que propusimos a las autoridades nacionales dejar&nbsp;&#8216;<em>congelados los precios de los vinos de mesa&#8217;<\/em>. Pedir sostener moment\u00e1neamente un congelamiento de precios de ciertos productos para preservar el poder adquisitivo de los sectores de la poblaci\u00f3n de menores ingresos es justamente ser no despectivos. Planteamos una discriminaci\u00f3n positiva para no perjudicar a los m\u00e1s necesitados en este momento de crisis, intentando encontrar un equilibrio que permita no afectar el poder de compra del consumidor pero al mismo tiempo buscando encontrar un piso m\u00ednimo a partir del cual se pueden mantener operando nuestras empresas preservando los puestos de trabajo y la cadena de valor. Jugar con nuestras propuestas queriendo hacer creer a la opini\u00f3n p\u00fablica que discriminamos a los que menos tienen es de una bajeza moral absolutamente repudiable.<\/p>\n\n\n\n<p>\u00abLos periodistas nos acusan tambi\u00e9n de mentir respecto a las estad\u00edsticas de mercado. Nuevamente aqu\u00ed tergiversan nuestras palabras. Cuando hablamos del vino de mesa hablamos del vino en formato cart\u00f3n o brik. En 2019, seg\u00fan el INV, el formato brik represent\u00f3 el 40% del total del vino despachado o consumido.&nbsp; Nuestra propuesta a las autoridades intenta tambi\u00e9n encontrar un equilibrio evitando congelar el precio del vino embotellado (gen\u00e9rico y varietal) para sostener el negocio en este dif\u00edcil contexto, mientras se congela temporariamente el precio del vino en formato brik, que al ser el m\u00e1s econ\u00f3mico entendemos debe ser el m\u00e1s elegido por los consumidores de menores ingresos. Respecto a los costos de los insumos que hacen al precio de un vino, es de conocimiento de cualquier persona que pertenece a la industria que el insumo vino tiene un peso muy significante en el precio al cual una bodega vende el producto cuanto m\u00e1s bajo es el segmento del vino en g\u00f3ndola. Asumiendo los nuevos precios del vino de traslado y proponiendo un congelamiento en el precio del vino brik en g\u00f3ndola, estamos las bodegas que elaboramos o fraccionamos vino en ese formato haciendo un esfuerzo enorme para ayudar al consumidor y al mismo tiempo a nuestra cadena de valor. De ninguna manera estamos pidiendo que se tomen medidas para bajar el precio del vino de traslado.<\/p>\n\n\n\n<p>\u00abPor \u00faltimo, como ya dijimos, los periodistas transmiten su&nbsp;<em>preocupaci\u00f3n<\/em>&nbsp;<em>por el silencio de muchos socios&nbsp;<\/em>de Bodegas de Argentina que supuestamente no coinciden con&nbsp;&#8216;<em>pr\u00e1cticas&#8217;&nbsp;<\/em>de nuestra entidad que&nbsp;&#8216;<em>terminan aniquilando a toda una industria&#8217;<\/em>. Ignoran con sus afirmaciones que ese comunicado fue acordado por nuestro Comit\u00e9 Ejecutivo, que en su mayor\u00eda est\u00e1 integrado por bodegas familiares PYME, elegido democr\u00e1ticamente en asamblea de socios. Ser\u00eda bueno saber qu\u00e9 pr\u00e1cticas aniquiladoras de la industria ejercen nuestros asociados o nuestra entidad. Asimismo, ser\u00eda bueno saber qu\u00e9 pr\u00e1cticas mejores o distintas, \u201cno aniquiladoras\u201d, ejerce el Presidente bodeguero del medio&nbsp;<em>Estrategias y Mercados<\/em>. En Bodegas de Argentina estamos convencidos que el problema de nuestro sector es la falta de mercados. Al no haber mercados sobre uva y vino. Eso presiona los precios a la baja. Esto ocurre hace d\u00e9cadas mientras desde tribunas como&nbsp;<em>Estrategia y Mercados<\/em>&nbsp;se busca dividir para reinar. Nuestra competencia est\u00e1 en otros pa\u00edses o en las otras bebidas. Hemos pedido por ello a las autoridades que se subsidie la demanda, invirtiendo en promoci\u00f3n internacional, para replicar lo que hacen nuestros competidores del resto del mundo. Tener recursos como los que recauda COVIAR y no aplicarlos mayoritariamente a la promoci\u00f3n internacional es una pr\u00e1ctica aniquiladora. Invertir recursos por medio del Fondo Vitivin\u00edcola Mendoza en t\u00edmidas campa\u00f1as de mercado interno, sin si quiera discutirlo con quienes vendemos vino, y que no pueden competir con las de otras bebidas industriales concentradas, es una pr\u00e1ctica aniquiladora. Que quienes hayan manejado de facto COVIAR todo este tiempo, habiendo fracasado en cumplir con el objetivo b\u00e1sico de ampliar mercados externos, quieran ser los mismos que lo vayan a liderar y relanzar hasta el 2030, tambi\u00e9n es una pr\u00e1ctica aniquiladora.\u00bb<\/p>\n\n\n\n<div style=\"height:20px\" aria-hidden=\"true\" class=\"wp-block-spacer\"><\/div>\n\n\n\n<p class=\"has-small-font-size\"><em><strong>Fuente: Bodegas de Argentina<\/strong><\/em><\/p>\n","protected":false},"excerpt":{"rendered":"<p>Ayer (16\/4) Bodegas de Argentina, a trav\u00e9s de su web, emiti\u00f3 el comunicado \u00abBodegas de&hellip;<\/p>\n","protected":false},"author":3,"featured_media":11208,"comment_status":"open","ping_status":"open","sticky":false,"template":"","format":"standard","meta":{"footnotes":""},"categories":[14],"tags":[],"class_list":["post-11199","post","type-post","status-publish","format-standard","has-post-thumbnail","hentry","category-news"],"_links":{"self":[{"href":"https:\/\/enolife.com.ar\/es\/wp-json\/wp\/v2\/posts\/11199","targetHints":{"allow":["GET"]}}],"collection":[{"href":"https:\/\/enolife.com.ar\/es\/wp-json\/wp\/v2\/posts"}],"about":[{"href":"https:\/\/enolife.com.ar\/es\/wp-json\/wp\/v2\/types\/post"}],"author":[{"embeddable":true,"href":"https:\/\/enolife.com.ar\/es\/wp-json\/wp\/v2\/users\/3"}],"replies":[{"embeddable":true,"href":"https:\/\/enolife.com.ar\/es\/wp-json\/wp\/v2\/comments?post=11199"}],"version-history":[{"count":0,"href":"https:\/\/enolife.com.ar\/es\/wp-json\/wp\/v2\/posts\/11199\/revisions"}],"wp:featuredmedia":[{"embeddable":true,"href":"https:\/\/enolife.com.ar\/es\/wp-json\/wp\/v2\/media\/11208"}],"wp:attachment":[{"href":"https:\/\/enolife.com.ar\/es\/wp-json\/wp\/v2\/media?parent=11199"}],"wp:term":[{"taxonomy":"category","embeddable":true,"href":"https:\/\/enolife.com.ar\/es\/wp-json\/wp\/v2\/categories?post=11199"},{"taxonomy":"post_tag","embeddable":true,"href":"https:\/\/enolife.com.ar\/es\/wp-json\/wp\/v2\/tags?post=11199"}],"curies":[{"name":"wp","href":"https:\/\/api.w.org\/{rel}","templated":true}]}}