{"id":111898,"date":"2024-03-09T14:15:46","date_gmt":"2024-03-09T14:15:46","guid":{"rendered":"https:\/\/enolife.com.ar\/es\/?p=111898"},"modified":"2024-03-12T14:08:03","modified_gmt":"2024-03-12T14:08:03","slug":"fecovita-devuelve-la-bodega-antucura-a-su-duena-y-se-concentra-en-elaborar-vino-en-los-helechos","status":"publish","type":"post","link":"https:\/\/enolife.com.ar\/es\/fecovita-devuelve-la-bodega-antucura-a-su-duena-y-se-concentra-en-elaborar-vino-en-los-helechos\/","title":{"rendered":"Fecovita devuelve la bodega Antucura a su due\u00f1a y se concentra en elaborar vino en Los Helechos"},"content":{"rendered":"\n<h4 class=\"wp-block-heading\"><em><strong>Tras una alianza estrat\u00e9gica de casi 10 a\u00f1os, la Federaci\u00f3n de Cooperativas Vitivin\u00edcolas Argentinas (Fecovita) y la bodega del Valle de Uco propiedad de la empresaria francesa Anne-Caroline Biancheri (45) terminaron su relaci\u00f3n. As\u00ed, tanto el lujoso hotel boutique -que cuenta con una biblioteca de 7.500 libros, piscina, microcine y 8 habitaciones- como los vi\u00f1edos y la planta elaboradora ubicados en Vista Flores, Tunuy\u00e1n, deja de ser operado por Estancia Mendoza y vuelve a la gesti\u00f3n de su due\u00f1a. Seg\u00fan fuentes de Fecovita, ahora la cooperativa concentrar\u00e1 toda su actividad en el Valle de Uco en la bodega Los Helechos, de El Peral, Tupungato.<\/strong><\/em><\/h4>\n\n\n\n<div style=\"height:35px\" aria-hidden=\"true\" class=\"wp-block-spacer\"><\/div>\n\n\n\n\n\n<div style=\"height:45px\" aria-hidden=\"true\" class=\"wp-block-spacer\"><\/div>\n\n\n\n<p>La <strong>Federaci\u00f3n de Cooperativas Vitivin\u00edcolas Argentinas (Fecovita)<\/strong> anunci\u00f3 la finalizaci\u00f3n de su asociaci\u00f3n con la conocida bodega <strong>Antucura<\/strong> del <strong>Valle de Uco<\/strong>, lo que implica la devoluci\u00f3n a su due\u00f1a, <strong>Anne-Caroline Biancheri<\/strong>, del control sobre el lujoso hotel y los vi\u00f1edos del lugar. La medida forma parte de un plan de eficientizaci\u00f3n de Fecovita y su enfoque en el negocio principal de producci\u00f3n de vinos, que en el Valle de Uco seguir\u00e1 elaborando exclusivamente en la bodega <strong>Los Helechos<\/strong> de <strong>Tupungato.<\/strong><\/p>\n\n\n\n<p>Seg\u00fan fuentes de Fecovita, el cierre de esta asociaci\u00f3n se debe s\u00f3lo a<strong>l cumplimiento del plazo estipulado en el contrato de 10 a\u00f1os.<\/strong>&nbsp;<\/p>\n\n\n\n<p>La asociaci\u00f3n entre Fecovita y Bodega Antucura, que inici\u00f3 en 2015, ten\u00eda como objetivo declardo potenciar las fortalezas de ambas compa\u00f1\u00edas. En aquel momento, se acord\u00f3 que Estancia Mendoza, una empresa propiedad de Fecovita,&nbsp;<strong>gestionar\u00eda el vi\u00f1edo de Vista Flores y operar\u00eda el Hotel Boutique<\/strong>, mientras que el vi\u00f1edo, la bodega y el hotel seguir\u00edan siendo propiedad de Antucura.<\/p>\n\n\n\n<div style=\"height:30px\" aria-hidden=\"true\" class=\"wp-block-spacer\"><\/div>\n\n\n<div class=\"wp-block-image\">\n<figure class=\"aligncenter size-full is-resized\"><a href=\"https:\/\/enolife.com.ar\/es\/wp-content\/uploads\/2024\/03\/vista-aerea.jpg\" data-rel=\"penci-gallery-image-content\" ><img loading=\"lazy\" decoding=\"async\" src=\"https:\/\/enolife.com.ar\/es\/wp-content\/uploads\/2024\/03\/vista-aerea.jpg\" alt=\"\" class=\"wp-image-111924\" width=\"601\" height=\"332\" srcset=\"https:\/\/enolife.com.ar\/es\/wp-content\/uploads\/2024\/03\/vista-aerea.jpg 518w, https:\/\/enolife.com.ar\/es\/wp-content\/uploads\/2024\/03\/vista-aerea-300x166.jpg 300w\" sizes=\"auto, (max-width: 601px) 100vw, 601px\" \/><\/a><figcaption class=\"wp-element-caption\"><em><strong>Vista a\u00e9rea de Bodega Antucura<\/strong><\/em><\/figcaption><\/figure><\/div>\n\n\n<div style=\"height:30px\" aria-hidden=\"true\" class=\"wp-block-spacer\"><\/div>\n\n\n\n<p>Este movimiento se produce en un contexto en el que Fecovita ha logrado una exitosa reestructuraci\u00f3n financiera, reduciendo significativamente su deuda y consolidando su posici\u00f3n financiera. <\/p>\n\n\n\n<p>Seg\u00fan <strong>Rub\u00e9n Panella<\/strong>, presidente de Fecovita, el a\u00f1o 2023 fue positivo y la empresa cooperativa logr\u00f3 mantener el volumen de ventas en niveles similares a 2022, a pesar de las dif\u00edciles condiciones del mercado interno. Sin embargo, advirti\u00f3 Panella, enfrentan desaf\u00edos adicionales en 2024,&nbsp;<strong>como una cosecha m\u00e1s abundante y un mercado interno estancado,<\/strong>&nbsp;lo que los impulsa a adoptar medidas proactivas, como&nbsp;<strong>la exportaci\u00f3n de mostos y la b\u00fasqueda de oportunidades en el negocio de granel.<\/strong><\/p>\n\n\n\n<div style=\"height:30px\" aria-hidden=\"true\" class=\"wp-block-spacer\"><\/div>\n\n\n<div class=\"wp-block-image\">\n<figure class=\"aligncenter size-full is-resized\"><a href=\"https:\/\/enolife.com.ar\/es\/wp-content\/uploads\/2024\/03\/Imagen2-2.jpg\" data-rel=\"penci-gallery-image-content\" ><img loading=\"lazy\" decoding=\"async\" src=\"https:\/\/enolife.com.ar\/es\/wp-content\/uploads\/2024\/03\/Imagen2-2.jpg\" alt=\"\" class=\"wp-image-111926\" width=\"645\" height=\"429\" srcset=\"https:\/\/enolife.com.ar\/es\/wp-content\/uploads\/2024\/03\/Imagen2-2.jpg 751w, https:\/\/enolife.com.ar\/es\/wp-content\/uploads\/2024\/03\/Imagen2-2-300x200.jpg 300w, https:\/\/enolife.com.ar\/es\/wp-content\/uploads\/2024\/03\/Imagen2-2-585x389.jpg 585w\" sizes=\"auto, (max-width: 645px) 100vw, 645px\" \/><\/a><figcaption class=\"wp-element-caption\"><em><strong>Un tesoro cultural, la colecci\u00f3n de libros de Antucura<\/strong><\/em><\/figcaption><\/figure><\/div>\n\n\n<div style=\"height:30px\" aria-hidden=\"true\" class=\"wp-block-spacer\"><\/div>\n\n\n\n<p>Seg\u00fan fuentes de Fecovita, tras la finalizaci\u00f3n del contrato de 10 a\u00f1os con Antucura, <em>\u00abprocederemos a entregar la propiedad. Nuestro objetivo es concentrar toda nuestra actividad en la producci\u00f3n vitivin\u00edcola del Valle de Uco en nuestra bodega Los Helechos, situada en El Peral, Tupungato. Asimismo, nos mantenemos firmes en nuestra determinaci\u00f3n de enfocarnos en el negocio principal de la producci\u00f3n de vinos\u00bb.<\/em><\/p>\n\n\n\n<div style=\"height:35px\" aria-hidden=\"true\" class=\"wp-block-spacer\"><\/div>\n\n\n\n<p class=\"has-medium-font-size\"><strong>Anne-Caroline Biancheri, bodeguera y editora de libros<\/strong> <\/p>\n\n\n\n<p>En 2015, al realizarse el acuerdo con Fecovita, la joven empresaria francesa Anne-Caroline Biancheri -quien se afinc\u00f3 en Mendoza en el a\u00f1o 2000 con s\u00f3lo 22 a\u00f1os para fundar su familia y la editorial Caviar Bleu, que ha publicado obras sobre vitivinicultura, historia y poes\u00eda-, aclaraba: <em>\u00abEs importante aclarar que nuestra empresa no ha sido vendida. El acuerdo con Fecovita representa una estrategia destinada a potenciar las fortalezas y el expertise de ambas compa\u00f1\u00edas\u00bb.<\/em><\/p>\n\n\n\n<div style=\"height:30px\" aria-hidden=\"true\" class=\"wp-block-spacer\"><\/div>\n\n\n<div class=\"wp-block-image\">\n<figure class=\"aligncenter size-full is-resized\"><a href=\"https:\/\/enolife.com.ar\/es\/wp-content\/uploads\/2024\/03\/Anne-en-Vinedo-22-1.jpg\" data-rel=\"penci-gallery-image-content\" ><img loading=\"lazy\" decoding=\"async\" src=\"https:\/\/enolife.com.ar\/es\/wp-content\/uploads\/2024\/03\/Anne-en-Vinedo-22-1.jpg\" alt=\"\" class=\"wp-image-111922\" width=\"599\" height=\"409\" srcset=\"https:\/\/enolife.com.ar\/es\/wp-content\/uploads\/2024\/03\/Anne-en-Vinedo-22-1.jpg 732w, https:\/\/enolife.com.ar\/es\/wp-content\/uploads\/2024\/03\/Anne-en-Vinedo-22-1-300x205.jpg 300w, https:\/\/enolife.com.ar\/es\/wp-content\/uploads\/2024\/03\/Anne-en-Vinedo-22-1-585x400.jpg 585w\" sizes=\"auto, (max-width: 599px) 100vw, 599px\" \/><\/a><figcaption class=\"wp-element-caption\"><em><strong>Anne-Caroline Biancheri<\/strong><\/em><\/figcaption><\/figure><\/div>\n\n\n<div style=\"height:30px\" aria-hidden=\"true\" class=\"wp-block-spacer\"><\/div>\n\n\n\n<p>Y precisaba Biancheri en aquel momento: <em>\u00abEstancia Mendoza, una empresa de renombre y tama\u00f1o considerable, propiedad de Fecovita, asumir\u00e1 la gesti\u00f3n del vi\u00f1edo de Vista Flores. Siguiendo las pr\u00e1cticas agr\u00edcolas establecidas por Antucura a lo largo de los a\u00f1os, Estancia Mendoza proporcionar\u00e1 a Bodega Antucura la uva necesaria para la elaboraci\u00f3n de sus vinos, mientras que el excedente ser\u00e1 destinado a su propia l\u00ednea de vinos finos\u00bb.  <\/em><\/p>\n\n\n\n<div style=\"height:16px\" aria-hidden=\"true\" class=\"wp-block-spacer\"><\/div>\n\n\n\n<p class=\"has-small-font-size\"><em><strong>Fuentes: Diarios ndi y Los Andes y Bodega Antucura <\/strong><\/em><\/p>\n\n\n\n<div style=\"height:15px\" aria-hidden=\"true\" class=\"wp-block-spacer\"><\/div>\n","protected":false},"excerpt":{"rendered":"<p>Tras una alianza estrat\u00e9gica de casi 10 a\u00f1os, la Federaci\u00f3n de Cooperativas Vitivin\u00edcolas Argentinas (Fecovita)&hellip;<\/p>\n","protected":false},"author":3,"featured_media":111921,"comment_status":"open","ping_status":"open","sticky":false,"template":"","format":"standard","meta":{"footnotes":""},"categories":[14],"tags":[],"class_list":["post-111898","post","type-post","status-publish","format-standard","has-post-thumbnail","hentry","category-news"],"_links":{"self":[{"href":"https:\/\/enolife.com.ar\/es\/wp-json\/wp\/v2\/posts\/111898","targetHints":{"allow":["GET"]}}],"collection":[{"href":"https:\/\/enolife.com.ar\/es\/wp-json\/wp\/v2\/posts"}],"about":[{"href":"https:\/\/enolife.com.ar\/es\/wp-json\/wp\/v2\/types\/post"}],"author":[{"embeddable":true,"href":"https:\/\/enolife.com.ar\/es\/wp-json\/wp\/v2\/users\/3"}],"replies":[{"embeddable":true,"href":"https:\/\/enolife.com.ar\/es\/wp-json\/wp\/v2\/comments?post=111898"}],"version-history":[{"count":0,"href":"https:\/\/enolife.com.ar\/es\/wp-json\/wp\/v2\/posts\/111898\/revisions"}],"wp:featuredmedia":[{"embeddable":true,"href":"https:\/\/enolife.com.ar\/es\/wp-json\/wp\/v2\/media\/111921"}],"wp:attachment":[{"href":"https:\/\/enolife.com.ar\/es\/wp-json\/wp\/v2\/media?parent=111898"}],"wp:term":[{"taxonomy":"category","embeddable":true,"href":"https:\/\/enolife.com.ar\/es\/wp-json\/wp\/v2\/categories?post=111898"},{"taxonomy":"post_tag","embeddable":true,"href":"https:\/\/enolife.com.ar\/es\/wp-json\/wp\/v2\/tags?post=111898"}],"curies":[{"name":"wp","href":"https:\/\/api.w.org\/{rel}","templated":true}]}}