{"id":111850,"date":"2024-03-07T13:14:03","date_gmt":"2024-03-07T13:14:03","guid":{"rendered":"https:\/\/enolife.com.ar\/es\/?p=111850"},"modified":"2024-03-09T13:32:37","modified_gmt":"2024-03-09T13:32:37","slug":"empresas-mendocinas-buscan-vender-sus-vinos-y-alimentos-en-la-expocomer-de-panama","status":"publish","type":"post","link":"https:\/\/enolife.com.ar\/es\/empresas-mendocinas-buscan-vender-sus-vinos-y-alimentos-en-la-expocomer-de-panama\/","title":{"rendered":"Empresas mendocinas buscan vender sus vinos y alimentos en la Expocomer de Panam\u00e1"},"content":{"rendered":"\n<h4 class=\"wp-block-heading\"><em><strong>Del 4 al 9 de marzo, ProMendoza realiza una misi\u00f3n comercial a Panam\u00e1 que incluye la participaci\u00f3n en Expocomer, la feria de exposici\u00f3n comercial internacional que tiene lugar cada a\u00f1o en el pa\u00eds centroamericano. Este a\u00f1o la provincia suma muestras de alimentos a la tradicional exposici\u00f3n de vinos, ya que el Caribe representa una excelente opci\u00f3n para las conservas de frutas y hortalizas, especias, productos gourmets, aceite de oliva, aceitunas y miel, entre otros productos de Mendoza.<\/strong><\/em><\/h4>\n\n\n\n<div style=\"height:35px\" aria-hidden=\"true\" class=\"wp-block-spacer\"><\/div>\n\n\n\n\n\n<div style=\"height:45px\" aria-hidden=\"true\" class=\"wp-block-spacer\"><\/div>\n\n\n\n<p>En la misi\u00f3n comercial impulsada por <strong>ProMendoza<\/strong> -la agencia estatal encargada de promover los productos mendocinos en el mundo- participan representantes de la <strong>C\u00e1mara de la Fruta Industrializada de Mendoza (Cafim)<\/strong>, con muestras de tres empresas: <strong>HorVinDul<\/strong>, dedicada a la elaboraci\u00f3n y comercializaci\u00f3n de conservas vegetales; <strong>Golden Harvest<\/strong>, especializada en frutas enlatadas, conservas, salsa de tomate, duraznos en almibar; y <strong>Nutre M\u00e1s<\/strong>, con &nbsp;legumbres en conserva como porotos, arvejas, granos de choclo y garbanzos, entre otros productos.<\/p>\n\n\n\n<div style=\"height:15px\" aria-hidden=\"true\" class=\"wp-block-spacer\"><\/div>\n\n\n\n<p class=\"has-light-green-cyan-background-color has-background\"> En la <strong>Feria Expocomer de Panam\u00e1<\/strong> exponen sus productos las empresas mendocinas <strong>HorVinDul<\/strong> (conservas vegetales); <strong>Golden Harvest<\/strong> (frutas enlatadas); <strong>Nutre M\u00e1s<\/strong> (legumbres en conserva); <strong>V\u00edctor Tittarelli<\/strong> (miel), <strong>Sottano<\/strong> (aceite de oliva); <strong>Indias<\/strong> (especias); <strong>Jerome<\/strong> (cerveza artesanal); <strong>Prodena<\/strong> (encurtidos); <strong>F\u00e9nix Fruit Concentrates<\/strong> (jugos de fruta para ni\u00f1os); y las bodegas <strong>Familia Mastroeni<\/strong>, <strong>Yanardi Wines<\/strong>&nbsp;y <strong>Familia Crotta<\/strong>. Las dos \u00faltimas ya tienen sus vinos en el hub de Panam\u00e1 desde su apertura.&nbsp;<\/p>\n\n\n\n<div style=\"height:11px\" aria-hidden=\"true\" class=\"wp-block-spacer\"><\/div>\n\n\n\n<p>Seg\u00fan explic\u00f3 <strong>Patricia Gim\u00e9nez<\/strong>, titular de ProMendoza y encargada de esta misi\u00f3n comercial, <em>\u00abExpocomer es una de las pocas ferias en la regi\u00f3n, y posiblemente en el mundo, que ha lograd o mantener su esquema de feria multisectorial, atrayendo expositores de diversas categor\u00edas como Textiles, Construcci\u00f3n, Tecnolog\u00eda, Accesorios, Alimentos, Bebidas y Servicios. Esta amplia variedad de categor\u00edas garantiza que la gama de productos y servicios exhibidos cumpla con las expectativas de todos los visitantes y compradores internacionales\u00bb.<\/em><\/p>\n\n\n\n<div style=\"height:22px\" aria-hidden=\"true\" class=\"wp-block-spacer\"><\/div>\n\n\n\n<blockquote class=\"wp-block-quote is-layout-flow wp-block-quote-is-layout-flow\">\n<p>La feria es un c\u00f3nclave de conocimiento e informaci\u00f3n. Hay m\u00e1s de 600 expositores de 30 pa\u00edses. Conecta al mundo de los negocios de todas las regiones y es conocida por ser una de las ferias m\u00e1s destacadas de Am\u00e9rica Latina. Los vinos y alimentos mendocinos se lucen en esta edici\u00f3n\u00bb.<\/p>\n<cite>Patricia Gim\u00e9nez, titular de ProMendoza<\/cite><\/blockquote>\n\n\n\n<div style=\"height:21px\" aria-hidden=\"true\" class=\"wp-block-spacer\"><\/div>\n\n\n\n<p>La agenda de la misi\u00f3n tambi\u00e9n incluye una visita a la <strong>Zona Libre de Col\u00f3n<\/strong> para reunirse con la empresa <strong>Global Cargo<\/strong> y estudiar la posibilidad de abrir otro Hub Log\u00edstico. Adem\u00e1s, se realizar\u00e1 la degustaci\u00f3n de vinos en <strong>ADEN, la Escuela de Negocios de Mendoza instalada en Panam\u00e1<\/strong> desde hace m\u00e1s de una d\u00e9cada. La misma estar\u00e1 dirigida a todo el alumnado de la instituci\u00f3n.<\/p>\n\n\n\n<p>El equipo visitar\u00e1 a la <strong>Embajada Argentina en Panam\u00e1<\/strong>, ahora bajo la responsabilidad de <strong>Sandra Pitta<\/strong>, diplom\u00e1tica de carrera. Se concretar\u00e1 un encuentro con <strong>ProPanam\u00e1<\/strong>, instituci\u00f3n con la que poseemos un convenio de cooperaci\u00f3n para ayudar a la promoci\u00f3n de productos y servicios mutuos.<\/p>\n\n\n\n<p>Para finalizar, se concretar\u00e1 un <em>wine tasting<\/em> con las bodegas que son parte de la misi\u00f3n, dirigido a un p\u00fablico especializado, en <strong>Central Brands Group<\/strong>, una empresa familiar dedicada a la distribuci\u00f3n de marcas nicho en <strong>Panam\u00e1<\/strong> y <strong>Centro Am\u00e9rica.<\/strong><\/p>\n\n\n\n<div style=\"height:31px\" aria-hidden=\"true\" class=\"wp-block-spacer\"><\/div>\n\n\n\n<div style=\"height:30px\" aria-hidden=\"true\" class=\"wp-block-spacer\"><\/div>\n","protected":false},"excerpt":{"rendered":"<p>Del 4 al 9 de marzo, ProMendoza realiza una misi\u00f3n comercial a Panam\u00e1 que incluye&hellip;<\/p>\n","protected":false},"author":3,"featured_media":111854,"comment_status":"open","ping_status":"open","sticky":false,"template":"","format":"standard","meta":{"footnotes":""},"categories":[10],"tags":[],"class_list":["post-111850","post","type-post","status-publish","format-standard","has-post-thumbnail","hentry","category-ferias"],"_links":{"self":[{"href":"https:\/\/enolife.com.ar\/es\/wp-json\/wp\/v2\/posts\/111850","targetHints":{"allow":["GET"]}}],"collection":[{"href":"https:\/\/enolife.com.ar\/es\/wp-json\/wp\/v2\/posts"}],"about":[{"href":"https:\/\/enolife.com.ar\/es\/wp-json\/wp\/v2\/types\/post"}],"author":[{"embeddable":true,"href":"https:\/\/enolife.com.ar\/es\/wp-json\/wp\/v2\/users\/3"}],"replies":[{"embeddable":true,"href":"https:\/\/enolife.com.ar\/es\/wp-json\/wp\/v2\/comments?post=111850"}],"version-history":[{"count":0,"href":"https:\/\/enolife.com.ar\/es\/wp-json\/wp\/v2\/posts\/111850\/revisions"}],"wp:featuredmedia":[{"embeddable":true,"href":"https:\/\/enolife.com.ar\/es\/wp-json\/wp\/v2\/media\/111854"}],"wp:attachment":[{"href":"https:\/\/enolife.com.ar\/es\/wp-json\/wp\/v2\/media?parent=111850"}],"wp:term":[{"taxonomy":"category","embeddable":true,"href":"https:\/\/enolife.com.ar\/es\/wp-json\/wp\/v2\/categories?post=111850"},{"taxonomy":"post_tag","embeddable":true,"href":"https:\/\/enolife.com.ar\/es\/wp-json\/wp\/v2\/tags?post=111850"}],"curies":[{"name":"wp","href":"https:\/\/api.w.org\/{rel}","templated":true}]}}