{"id":111749,"date":"2024-03-06T00:00:10","date_gmt":"2024-03-06T00:00:10","guid":{"rendered":"https:\/\/enolife.com.ar\/es\/?p=111749"},"modified":"2024-03-06T13:02:39","modified_gmt":"2024-03-06T13:02:39","slug":"en-expoagro-milei-dijo-que-la-inflacion-de-febrero-sera-15-y-que-el-cepo-se-levantaria-a-mitad-de-ano","status":"publish","type":"post","link":"https:\/\/enolife.com.ar\/es\/en-expoagro-milei-dijo-que-la-inflacion-de-febrero-sera-15-y-que-el-cepo-se-levantaria-a-mitad-de-ano\/","title":{"rendered":"En Expoagro, Milei dijo que la inflaci\u00f3n de febrero ser\u00e1 15% y que el\u00a0cepo se levantar\u00eda a mitad de a\u00f1o"},"content":{"rendered":"\n<h4 class=\"wp-block-heading\"><em><strong>Ante un auditorio cerrado de 150 personas en la Expo de San Nicol\u00e1s, el presidente argentino se refiri\u00f3 a la inflaci\u00f3n, el cepo cambiario, los impuestos y retenciones al campo y el futuro de la econom\u00eda. Lleg\u00f3 hoy al mediod\u00eda en helic\u00f3ptero estuvo acompa\u00f1ado por su hermana, el diputado nacional Jos\u00e9 Luis Espert, el secretario de Bioeconom\u00eda Fernando Vilella y el ministro del Interior Guillermo Francos, quien a su turno asegur\u00f3 que el gobierno no va a plantear un aumento de las retenciones al campo en el tratamiento de la ley \u00d3mnibus. Foto principal, gentileza Infocampo.<\/strong><\/em><\/h4>\n\n\n\n<div style=\"height:35px\" aria-hidden=\"true\" class=\"wp-block-spacer\"><\/div>\n\n\n\n\n\n<div style=\"height:45px\" aria-hidden=\"true\" class=\"wp-block-spacer\"><\/div>\n\n\n\n<p>Ante el auditorio el primer mandatario explic\u00f3 algunas pautas del plan econ\u00f3mico que est\u00e1 llevando adelante el gobierno:&nbsp;<em>\u00abAl mejorar los n\u00fameros fiscales, se abrir\u00eda la puerta para que empecemos a bajar los impuestos cada vez con m\u00e1s intensidad\u00bb<\/em><strong>,&nbsp;<\/strong>asegur\u00f3<strong>.<\/strong><\/p>\n\n\n\n<p>Y en esa l\u00ednea agreg\u00f3: <em>\u00abLa idea es que, en la medida en que la econom\u00eda se vaya expandiendo, en lugar de hacer lo que hicieron otros gobierno de tomar esa mejora en la recaudaci\u00f3n para aumentar el gasto p\u00fablico,&nbsp;nosotros vamos a usar eso para devolverle ese dinero a sus leg\u00edtimos creadores&nbsp;que son los emprendedores y la gente de bien, y no que quede en la&nbsp;manos de los&nbsp;pol\u00edticos basura&nbsp;que tenemos\u00bb, dijo.&nbsp;<\/em><\/p>\n\n\n\n<div style=\"height:30px\" aria-hidden=\"true\" class=\"wp-block-spacer\"><\/div>\n\n\n<div class=\"wp-block-image\">\n<figure class=\"aligncenter is-resized\"><img loading=\"lazy\" decoding=\"async\" src=\"https:\/\/fotos.perfil.com\/2024\/03\/05\/trim\/987\/555\/el-presidente-javier-milei-en-expoagro-1765454.jpg\" alt=\"El presidente Javier Milei en Expoagro\" width=\"707\" height=\"397\"\/><figcaption class=\"wp-element-caption\"><em><strong>El presidente Javier Milei en Expoagro&nbsp;(gentileza Prensa Expoagro)<\/strong><\/em>.<\/figcaption><\/figure><\/div>\n\n\n<div style=\"height:30px\" aria-hidden=\"true\" class=\"wp-block-spacer\"><\/div>\n\n\n\n<p>Milei estuvo acompa\u00f1ado&nbsp;por el diputado nacional&nbsp;Jos\u00e9 Luis Espert quien se sent\u00f3 a su lado mientras brindaba su discurso a empresarios y productores,&nbsp;en el que confirm\u00f3 la continuidad del plan econ\u00f3mico y precis\u00f3 que&nbsp;durante enero el gasto del Estado se redujo en un 30 por ciento, mientras que en febrero se ajust\u00f3 otro 36 por ciento.<\/p>\n\n\n\n<p>Entre otras cuestiones, adelant\u00f3 que a<strong>&nbsp;<\/strong>mitad de a\u00f1o se podr\u00eda levantar el cepo \u00absi todo sale bien\u00bb&nbsp;y se refiri\u00f3 al \u00edndice de inflaci\u00f3n del segundo mes.<\/p>\n\n\n\n<p><em>\u00abAhora tenemos 9 mil millones de d\u00f3lares m\u00e1s, ustedes lo que ven es que el sistema est\u00e1 m\u00e1s sano\u00bb, <\/em>grafic\u00f3 el presidente de la Naci\u00f3n. Y agreg\u00f3: <em>\u00abA consecuencia de este conjunto de medidas se traslada la ca\u00edda de la inflaci\u00f3n. Cuando la inflaci\u00f3n de diciembre dio el 25% fue un \u00e9xito porque la verdad que los precios se retrajeron a la segunda semana. Este mes parece que va a estar en 15%\u00bb.<\/em>&nbsp;&nbsp;<\/p>\n\n\n\n<p>Tambi\u00e9n acompa\u00f1aron a Milei en su visita a la expo&nbsp;el ministro del Interior,<strong>&nbsp;Guillermo Francos<\/strong>, el secretario de Bioeconom\u00eda, <strong>Fernando Vilella<\/strong>, y la diputada nacional<strong> Romina Diez.<\/strong><\/p>\n\n\n\n<div style=\"height:35px\" aria-hidden=\"true\" class=\"wp-block-spacer\"><\/div>\n\n\n\n<p class=\"has-medium-font-size\"><strong>En busca de acuerdos comerciales para exportar<\/strong><\/p>\n\n\n\n<p>En declaraciones a la prensa, el ministro del Interior&nbsp;<strong>Guillermo Francos, <\/strong>quien&nbsp;particip\u00f3 de la apertura oficial de la feria esta ma\u00f1ana, asegur\u00f3:<strong>&nbsp;<\/strong><em>\u00abNo vamos a plantear un aumento de retenciones en el tratamiento de la Ley \u00d3mnibus\u00bb.<\/em><\/p>\n\n\n\n<div style=\"height:18px\" aria-hidden=\"true\" class=\"wp-block-spacer\"><\/div>\n\n\n\n<blockquote class=\"wp-block-quote is-layout-flow wp-block-quote-is-layout-flow\">\n<p>La intenci\u00f3n del Gobierno es hacer todos los acuerdos comerciales que nos permitan exportar\u201d.<\/p>\n<cite>Guillermo Francos, ministro del Interior de Argentina<\/cite><\/blockquote>\n\n\n\n<div style=\"height:35px\" aria-hidden=\"true\" class=\"wp-block-spacer\"><\/div>\n\n\n\n<p class=\"has-medium-font-size\"><strong>Expoagro, una vidriera para el campo<\/strong><\/p>\n\n\n\n<p>Las puertas de <strong>Expoagro 2024, edici\u00f3n \u201cYPF Agro\u201d<\/strong>, se abrieron este martes 5\/3\/24 a las 8.30. Se prolongar\u00e1 hasta el viernes 8\/3, todos los d\u00edas hasta las 18.30, en el Predio Ferial y Aut\u00f3dromo de San Nicol\u00e1s, en el kil\u00f3metro 225 de la Autopista Rosario-Buenos Aires.<\/p>\n\n\n\n<p>La muestra este a\u00f1o&nbsp;tiene m\u00e1s de 600 expositores.&nbsp;Arranc\u00f3 en la noche del lunes con una cena institucional en la que se destac\u00f3 la presencia de los gobernadores de las provincias del centro del pa\u00eds: de Buenos Aires,<strong>&nbsp;Axel Kicillof<\/strong>; de C\u00f3rdoba,&nbsp;<strong>Martin Llaryora<\/strong>; de Entre R\u00edos,&nbsp;<strong>Rogelio Frigerio<\/strong>; y de Santa Fe,&nbsp;<strong>Maximiliano Pullaro<\/strong>.<\/p>\n\n\n\n<div style=\"height:18px\" aria-hidden=\"true\" class=\"wp-block-spacer\"><\/div>\n\n\n\n<p class=\"has-small-font-size\"><em><strong>Fuente: Perfil<\/strong><\/em><\/p>\n\n\n\n<div style=\"height:18px\" aria-hidden=\"true\" class=\"wp-block-spacer\"><\/div>\n","protected":false},"excerpt":{"rendered":"<p>Ante un auditorio cerrado de 150 personas en la Expo de San Nicol\u00e1s, el presidente&hellip;<\/p>\n","protected":false},"author":3,"featured_media":111758,"comment_status":"open","ping_status":"open","sticky":false,"template":"","format":"standard","meta":{"footnotes":""},"categories":[14],"tags":[],"class_list":["post-111749","post","type-post","status-publish","format-standard","has-post-thumbnail","hentry","category-news"],"_links":{"self":[{"href":"https:\/\/enolife.com.ar\/es\/wp-json\/wp\/v2\/posts\/111749","targetHints":{"allow":["GET"]}}],"collection":[{"href":"https:\/\/enolife.com.ar\/es\/wp-json\/wp\/v2\/posts"}],"about":[{"href":"https:\/\/enolife.com.ar\/es\/wp-json\/wp\/v2\/types\/post"}],"author":[{"embeddable":true,"href":"https:\/\/enolife.com.ar\/es\/wp-json\/wp\/v2\/users\/3"}],"replies":[{"embeddable":true,"href":"https:\/\/enolife.com.ar\/es\/wp-json\/wp\/v2\/comments?post=111749"}],"version-history":[{"count":0,"href":"https:\/\/enolife.com.ar\/es\/wp-json\/wp\/v2\/posts\/111749\/revisions"}],"wp:featuredmedia":[{"embeddable":true,"href":"https:\/\/enolife.com.ar\/es\/wp-json\/wp\/v2\/media\/111758"}],"wp:attachment":[{"href":"https:\/\/enolife.com.ar\/es\/wp-json\/wp\/v2\/media?parent=111749"}],"wp:term":[{"taxonomy":"category","embeddable":true,"href":"https:\/\/enolife.com.ar\/es\/wp-json\/wp\/v2\/categories?post=111749"},{"taxonomy":"post_tag","embeddable":true,"href":"https:\/\/enolife.com.ar\/es\/wp-json\/wp\/v2\/tags?post=111749"}],"curies":[{"name":"wp","href":"https:\/\/api.w.org\/{rel}","templated":true}]}}