{"id":111738,"date":"2024-03-09T13:56:23","date_gmt":"2024-03-09T13:56:23","guid":{"rendered":"https:\/\/enolife.com.ar\/es\/?p=111738"},"modified":"2024-03-11T15:55:31","modified_gmt":"2024-03-11T15:55:31","slug":"la-comarca-andina-de-chubut-tendra-su-primer-festival-de-la-vendimia-del-30-3-al-1-4-en-el-hoyo","status":"publish","type":"post","link":"https:\/\/enolife.com.ar\/es\/la-comarca-andina-de-chubut-tendra-su-primer-festival-de-la-vendimia-del-30-3-al-1-4-en-el-hoyo\/","title":{"rendered":"La Comarca Andina de Chubut tendr\u00e1 su primer Festival de la Vendimia, del 30\/3 al 1\/4 en El Hoyo"},"content":{"rendered":"\n<h4 class=\"wp-block-heading\"><em><strong>La actividad, que se realiza por primera vez en esa localidad considerada la cuna de los vinos chubutenses, se denomina \u00ab1\u00b0 Festival de la Vendimia Paralelo 42\u00bb y est\u00e1 organizada en forma conjunta por la comuna local, bodegas y empresas privadas de la zona. Se ofrecer\u00e1 al visitante espect\u00e1culos musicales, catas, visitas guiadas a vi\u00f1edos, almuerzos y cenas, algunos arancelados y otros gratuitos. <\/strong><\/em><\/h4>\n\n\n\n<div style=\"height:35px\" aria-hidden=\"true\" class=\"wp-block-spacer\"><\/div>\n\n\n\n\n\n<div style=\"height:45px\" aria-hidden=\"true\" class=\"wp-block-spacer\"><\/div>\n\n\n\n<p>La actividad vitivin\u00edcola en <strong>El Hoyo comenz\u00f3 en 1998<\/strong> y, a partir de 2010, se irradia hacia toda la provincia, llegando el inter\u00e9s por cultivar vi\u00f1edos y hacer vino incluso hasta la <strong>Costa Atl\u00e1ntica.<\/strong> En esta localidad se emplazan <strong>3 bodegas<\/strong> que elaboran vino tranquilo y espumosos, otras <strong>3 de tipo \u00abboutique\u00bb,<\/strong> que hacen vinos artesanales, y<strong> varios vi\u00f1edos, <\/strong>algunos con m\u00e1s de 20 a\u00f1os y otros en desarrollo.<\/p>\n\n\n\n<p>Hace 2 a\u00f1os, este terru\u00f1o obtuvo la calificaci\u00f3n de <strong>Identificaci\u00f3n Geogr\u00e1fica (IG)<\/strong>, otorgada por el <strong>Instituto Nacional de Vitivinicultura (INV)<\/strong>, lo cual, seg\u00fan explica <strong>Dar\u00edo Gonz\u00e1lez Maldonado<\/strong>, secretario de Desarrollo Econ\u00f3mico de la comuna y en\u00f3logo, <em>\u00abposicionan a El Hoyo en el mapa vit\u00edcola mundial y le da al lugar una identidad en sus vinos; es por ello que desde la Municipalidad decidimos proponer a las bodegas y productores vitivin\u00edcolas de la localidad tener su fiesta tan bien merecida despu\u00e9s de desarrollarse en esta actividad, siendo que adem\u00e1s la municipalidad cuenta con profesionales respecto a la actividad vitivin\u00edcola y enol\u00f3gica\u00bb.<\/em><\/p>\n\n\n\n<p>Las actividades festivas estar\u00e1n concentradas los d\u00edas 30, 31 de marzo y 1 de abril en distintos sectores de los vi\u00f1edos del valle, con un cierre en una chacra de <strong>El Desemboque<\/strong> que incluir\u00e1 corderos al asador y <em>\u201cdonde los protagonistas ser\u00e1n precisamente la uva y el vino\u201d<\/em>, adelanta Gonz\u00e1lez Maldonado.<\/p>\n\n\n\n<div style=\"height:30px\" aria-hidden=\"true\" class=\"wp-block-spacer\"><\/div>\n\n\n<div class=\"wp-block-image\">\n<figure class=\"aligncenter size-full is-resized\"><a href=\"https:\/\/enolife.com.ar\/es\/wp-content\/uploads\/2024\/03\/364171_crop_18539_lg.jpeg\" data-rel=\"penci-gallery-image-content\" ><img loading=\"lazy\" decoding=\"async\" src=\"https:\/\/enolife.com.ar\/es\/wp-content\/uploads\/2024\/03\/364171_crop_18539_lg.jpeg\" alt=\"\" class=\"wp-image-111907\" width=\"595\" height=\"385\" srcset=\"https:\/\/enolife.com.ar\/es\/wp-content\/uploads\/2024\/03\/364171_crop_18539_lg.jpeg 773w, https:\/\/enolife.com.ar\/es\/wp-content\/uploads\/2024\/03\/364171_crop_18539_lg-300x194.jpeg 300w, https:\/\/enolife.com.ar\/es\/wp-content\/uploads\/2024\/03\/364171_crop_18539_lg-768x497.jpeg 768w, https:\/\/enolife.com.ar\/es\/wp-content\/uploads\/2024\/03\/364171_crop_18539_lg-585x378.jpeg 585w\" sizes=\"auto, (max-width: 595px) 100vw, 595px\" \/><\/a><figcaption class=\"wp-element-caption\"><em><strong>El festival est\u00e1 organizada en forma conjunta por la comuna local, bodegas y empresas privadas de la zona<\/strong><\/em>.<\/figcaption><\/figure><\/div>\n\n\n<div style=\"height:30px\" aria-hidden=\"true\" class=\"wp-block-spacer\"><\/div>\n\n\n\n<p><em>\u201cCada productor mostrar\u00e1 sus propias experiencias a trav\u00e9s de actividades aranceladas<\/em> -detalla el en\u00f3logo-, <em>incluyendo gastronom\u00eda, visitas guiadas y enoturismo, pisada de uvas, degustaci\u00f3n y cata de vinos, venta y expresiones art\u00edsticas\u201d.&nbsp;<\/em>Y apunta que las premisas son <em>\u00abfomentar la actividad y poner en valor el esfuerzo y la constancia que han sostenido estos chacareros, resultando un producto tur\u00edstico \u00fanico que consolida el desarrollo econ\u00f3mico local\u201d.<\/em><\/p>\n\n\n\n<div style=\"height:35px\" aria-hidden=\"true\" class=\"wp-block-spacer\"><\/div>\n\n\n\n<p class=\"has-medium-font-size\"><strong>El programa completo del Festival<\/strong><\/p>\n\n\n<div class=\"wp-block-image\">\n<figure class=\"alignleft size-full is-resized\"><a href=\"https:\/\/enolife.com.ar\/es\/wp-content\/uploads\/2024\/03\/Imagen1-6.jpg\" data-rel=\"penci-gallery-image-content\" ><img loading=\"lazy\" decoding=\"async\" src=\"https:\/\/enolife.com.ar\/es\/wp-content\/uploads\/2024\/03\/Imagen1-6.jpg\" alt=\"\" class=\"wp-image-111915\" width=\"397\" height=\"242\" srcset=\"https:\/\/enolife.com.ar\/es\/wp-content\/uploads\/2024\/03\/Imagen1-6.jpg 655w, https:\/\/enolife.com.ar\/es\/wp-content\/uploads\/2024\/03\/Imagen1-6-300x183.jpg 300w, https:\/\/enolife.com.ar\/es\/wp-content\/uploads\/2024\/03\/Imagen1-6-585x357.jpg 585w\" sizes=\"auto, (max-width: 397px) 100vw, 397px\" \/><\/a><\/figure><\/div>\n\n\n<p><strong>-El s\u00e1bado 30 de marzo<\/strong>, la bodega y vi\u00f1edos \u201cPatagonian Wines\u201d ofrecer\u00e1 \u201cEnoturismo, vinos y sensaciones\u201d, desde las 11 a las 16, con su \u201cVendimia Fest 24\u201d: cosecha de merlot y pisado de uvas, acompa\u00f1ada de la experiencia de sus vinos con maridaje.&nbsp;<\/p>\n\n\n\n<p><strong>-El domingo 31 de marzo<\/strong>, de 17 a 20, \u201cVendimia en todos los sentidos\u201d, donde los asistentes podr\u00e1n disfrutar de la pisada de uva al ritmo de la m\u00fasica, con presencia de Dj.<\/p>\n\n\n\n<p><strong>-Por su parte, la bodega y vi\u00f1edos Ayestar\u00e1n Allard<\/strong> anuncia \u201ctres d\u00edas de puro maridaje entre vinos de barricas de roble y productos regionales como alfajores, chocolates, quesos y fiambres regionales; adem\u00e1s de recorridos por las instalaciones\u201d.<\/p>\n\n\n\n<p><strong>-En tanto, los vi\u00f1edos Fincas del Pirque<\/strong> proponen durante todo el fin de semana \u201cvisitas guiadas con degustaci\u00f3n de sus vinos, sumando los vinos de Hansen Becerra y la sidra Jaque a la Reina\u201d.&nbsp;<\/p>\n\n\n\n<p><strong>-Se agrega la chacra, vi\u00f1edos y caba\u00f1as Hacia el Sur<\/strong>, con su \u201cexperiencia vitivin\u00edcola y bienestar en la naturaleza\u201d, prevista para el domingo 31 de marzo, de 11.30 a 14.30, incluyendo almuerzo tem\u00e1tico con el protagonismo de las uvas y el vino, m\u00e1s la \u201cForest terapy\u201d.<\/p>\n\n\n\n<p>&#8211;<strong>Finalmente, los vi\u00f1edos K\u00f6ller<\/strong> invitan a \u201cvivir una experiencia de vinos y sabores\u201d. Ser\u00e1 el lunes 1\u00b0 de abril de 11.30 a 16.30, con un almuerzo\/taller \u201cdonde los participantes podr\u00e1n apreciar cocina en vivo y los protagonistas ser\u00e1n la uva y el vino\u201d. <\/p>\n\n\n\n<div style=\"height:35px\" aria-hidden=\"true\" class=\"wp-block-spacer\"><\/div>\n\n\n\n<p class=\"has-medium-font-size\"><strong>Un destino tur\u00edstico atractivo<\/strong><\/p>\n\n\n\n<p>El valle de El Hoyo ofrece todo un potencial de atractivos tur\u00edsticos, desde los balnearios <strong>Puerto Patriada (lago Epuy\u00e9n) y El Desemboque (Lago Puelo)<\/strong>, hasta la posibilidad de hacer senderismo en familia en el parque natural de la catarata <strong>Corbata Blanca<\/strong>, con un patio gastron\u00f3mico en la base.<\/p>\n\n\n\n<div style=\"height:30px\" aria-hidden=\"true\" class=\"wp-block-spacer\"><\/div>\n\n\n<div class=\"wp-block-image\">\n<figure class=\"aligncenter size-full is-resized\"><a href=\"https:\/\/enolife.com.ar\/es\/wp-content\/uploads\/2024\/03\/36042-00Gr.jpg\" data-rel=\"penci-gallery-image-content\" ><img loading=\"lazy\" decoding=\"async\" src=\"https:\/\/enolife.com.ar\/es\/wp-content\/uploads\/2024\/03\/36042-00Gr.jpg\" alt=\"\" class=\"wp-image-111929\" width=\"653\" height=\"490\" srcset=\"https:\/\/enolife.com.ar\/es\/wp-content\/uploads\/2024\/03\/36042-00Gr.jpg 1024w, https:\/\/enolife.com.ar\/es\/wp-content\/uploads\/2024\/03\/36042-00Gr-300x225.jpg 300w, https:\/\/enolife.com.ar\/es\/wp-content\/uploads\/2024\/03\/36042-00Gr-768x576.jpg 768w, https:\/\/enolife.com.ar\/es\/wp-content\/uploads\/2024\/03\/36042-00Gr-585x439.jpg 585w\" sizes=\"auto, (max-width: 653px) 100vw, 653px\" \/><\/a><figcaption class=\"wp-element-caption\"><em><strong>La localidad de El Hoyo se encuentra al Noroeste de la provincia de Chubut<\/strong><\/em>.<\/figcaption><\/figure><\/div>\n\n\n<div style=\"height:30px\" aria-hidden=\"true\" class=\"wp-block-spacer\"><\/div>\n\n\n\n<p>La localidad de El Hoyo se encuentra al Noroeste de la provincia de Chubut, sobre Ruta Nacional N\u00b0 40 y a 10 km al sur del Paralelo 42\u00b0. Est\u00e1 recostada sobre la precordillera de los Andes. All\u00ed los visitantes pueden recorrer las chacras, las dulcer\u00edas, hacer agroturismo y degustar las frutas finas producidas en la zona. Adem\u00e1s, se ha dise\u00f1ado una ruta de la cerveza artesanal y se pueden probar verduras org\u00e1nicas reci\u00e9n cosechadas.<\/p>\n\n\n\n<p>A la hora de elegir una excursi\u00f3n de aventura, la oferta va desde el laberinto natural m\u00e1s grande de Sudam\u00e9rica, hasta la laguna del Plesiosaurio con la leyenda patag\u00f3nica instalada por Mart\u00edn Sheffield en 1922. Para alojarse, El Hoyo cuenta con variadas alternativas para todos los presupuestos, desde caba\u00f1as y hoster\u00edas hasta campings y dormis. En cuanto a gastronom\u00eda, hay varios restaurantes, pubs y cervecer\u00edas.<\/p>\n\n\n\n<div style=\"height:27px\" aria-hidden=\"true\" class=\"wp-block-spacer\"><\/div>\n","protected":false},"excerpt":{"rendered":"<p>La actividad, que se realiza por primera vez en esa localidad considerada la cuna de&hellip;<\/p>\n","protected":false},"author":3,"featured_media":111912,"comment_status":"open","ping_status":"open","sticky":false,"template":"","format":"standard","meta":{"footnotes":""},"categories":[11],"tags":[],"class_list":["post-111738","post","type-post","status-publish","format-standard","has-post-thumbnail","hentry","category-enoturismo"],"_links":{"self":[{"href":"https:\/\/enolife.com.ar\/es\/wp-json\/wp\/v2\/posts\/111738","targetHints":{"allow":["GET"]}}],"collection":[{"href":"https:\/\/enolife.com.ar\/es\/wp-json\/wp\/v2\/posts"}],"about":[{"href":"https:\/\/enolife.com.ar\/es\/wp-json\/wp\/v2\/types\/post"}],"author":[{"embeddable":true,"href":"https:\/\/enolife.com.ar\/es\/wp-json\/wp\/v2\/users\/3"}],"replies":[{"embeddable":true,"href":"https:\/\/enolife.com.ar\/es\/wp-json\/wp\/v2\/comments?post=111738"}],"version-history":[{"count":0,"href":"https:\/\/enolife.com.ar\/es\/wp-json\/wp\/v2\/posts\/111738\/revisions"}],"wp:featuredmedia":[{"embeddable":true,"href":"https:\/\/enolife.com.ar\/es\/wp-json\/wp\/v2\/media\/111912"}],"wp:attachment":[{"href":"https:\/\/enolife.com.ar\/es\/wp-json\/wp\/v2\/media?parent=111738"}],"wp:term":[{"taxonomy":"category","embeddable":true,"href":"https:\/\/enolife.com.ar\/es\/wp-json\/wp\/v2\/categories?post=111738"},{"taxonomy":"post_tag","embeddable":true,"href":"https:\/\/enolife.com.ar\/es\/wp-json\/wp\/v2\/tags?post=111738"}],"curies":[{"name":"wp","href":"https:\/\/api.w.org\/{rel}","templated":true}]}}