{"id":11173,"date":"2020-04-17T14:00:17","date_gmt":"2020-04-17T14:00:17","guid":{"rendered":"http:\/\/enolife.com.ar\/es\/?p=11173"},"modified":"2020-04-20T02:45:00","modified_gmt":"2020-04-20T02:45:00","slug":"el-aumento-del-30-en-la-contribucion-a-la-coviar-reabre-la-grieta-institucional-vitivinicola","status":"publish","type":"post","link":"https:\/\/enolife.com.ar\/es\/el-aumento-del-30-en-la-contribucion-a-la-coviar-reabre-la-grieta-institucional-vitivinicola\/","title":{"rendered":"El aumento del 30% en la contribuci\u00f3n a la Coviar reabre la grieta institucional vitivin\u00edcola"},"content":{"rendered":"\n<h4 class=\"wp-block-heading\"><em><strong>Desde el 15\/4 se desat\u00f3 una pol\u00e9mica v\u00eda Twitter a favor y en contra de la decisi\u00f3n de la Corporaci\u00f3n Vitivin\u00edcola Argentina (Coviar) de aumentar un 30% el aporte obligatorio de las Bodegas. La cadena comenz\u00f3 con un tweet del vicegobernador de Mendoza, Mario Abed, quien solicita al ministro de Agricultura de la Naci\u00f3n, Luis Bazterra, que tome medidas para frenar este aumento. La respuesta de la Coviar es que, seg\u00fan marca la ley, cada a\u00f1o se debe ajustar la contribuci\u00f3n.<\/strong><\/em><\/h4>\n\n\n\n<div style=\"height:37px\" aria-hidden=\"true\" class=\"wp-block-spacer\"><\/div>\n\n\n\n<p>El vicegobernador de Mendoza, Mario Abed, expres\u00f3 en las redes su enojo con la Coviar por el aumento de la contribuci\u00f3n obligatoria. Tras ese tweet, se unieron al debate varios personajes de la pol\u00edtica argentina y entidades involucradas.<\/p>\n\n\n\n<div style=\"height:20px\" aria-hidden=\"true\" class=\"wp-block-spacer\"><\/div>\n\n\n\n<figure class=\"wp-block-embed-twitter aligncenter wp-block-embed is-type-rich is-provider-twitter\"><div class=\"wp-block-embed__wrapper\">\n<blockquote class=\"twitter-tweet\" data-width=\"550\" data-dnt=\"true\"><p lang=\"es\" dir=\"ltr\">Es inadmisible que en este contexto tan complejo tomen esta decisi\u00f3n, que atenta en forma directa al bolsillo de los agricultores y que demuestra que est\u00e1n completamente alejados de la realidad que vivimos.<\/p>&mdash; Mario Abed (@MarioAbedok) <a href=\"https:\/\/twitter.com\/MarioAbedok\/status\/1250560528780574720?ref_src=twsrc%5Etfw\">April 15, 2020<\/a><\/blockquote><script async src=\"https:\/\/platform.twitter.com\/widgets.js\" charset=\"utf-8\"><\/script>\n<\/div><\/figure>\n\n\n\n<div style=\"height:20px\" aria-hidden=\"true\" class=\"wp-block-spacer\"><\/div>\n\n\n\n<p>Julio Cobos, senador nacional por la UCR,  fue otro de los pol\u00edticos que defiende la postura de Abed en las redes:<\/p>\n\n\n\n<div style=\"height:20px\" aria-hidden=\"true\" class=\"wp-block-spacer\"><\/div>\n\n\n\n<figure class=\"wp-block-embed-twitter aligncenter wp-block-embed is-type-rich is-provider-twitter\"><div class=\"wp-block-embed__wrapper\">\n<blockquote class=\"twitter-tweet\" data-width=\"550\" data-dnt=\"true\"><p lang=\"es\" dir=\"ltr\">En una situaci\u00f3n tan compleja como la que vivimos, en momentos de congelamiento de tarifas, alquileres, sueldos; no es momento de aumentar las contribuciones obligatorias como lo defini\u00f3 la Coviar. Esto afecta a muchos productores vitivin\u00edcolas. <a href=\"https:\/\/t.co\/qcMtjSqVXu\">https:\/\/t.co\/qcMtjSqVXu<\/a><\/p>&mdash; Julio Cobos (@juliocobos) <a href=\"https:\/\/twitter.com\/juliocobos\/status\/1250761945940180993?ref_src=twsrc%5Etfw\">April 16, 2020<\/a><\/blockquote><script async src=\"https:\/\/platform.twitter.com\/widgets.js\" charset=\"utf-8\"><\/script>\n<\/div><\/figure>\n\n\n\n<div style=\"height:20px\" aria-hidden=\"true\" class=\"wp-block-spacer\"><\/div>\n\n\n\n<p>Por su parte, el Centro de Bodegueros y Vi\u00f1ateros del Este y el ex intendente de Rivadavia, el radical Ricardo Mansur, tambi\u00e9n se manifestaron en las redes:<\/p>\n\n\n\n<div style=\"height:20px\" aria-hidden=\"true\" class=\"wp-block-spacer\"><\/div>\n\n\n\n<figure class=\"wp-block-embed-twitter aligncenter wp-block-embed is-type-rich is-provider-twitter\"><div class=\"wp-block-embed__wrapper\">\n<blockquote class=\"twitter-tweet\" data-width=\"550\" data-dnt=\"true\"><p lang=\"es\" dir=\"ltr\">El incremento es inaceptable.Demuestra la insensibilidad y lejan\u00eda que mantienen sus dirigentes con los contribuyentes-vitivinicultores quienes adem\u00e1s ya han manifestado su insatisfacci\u00f3n con el PEVI.\u00bfQue posici\u00f3n tendr\u00e1 el ejecutivo provincial y nacional,miembros del directorio? <a href=\"https:\/\/t.co\/Q6yuLEsgNp\">https:\/\/t.co\/Q6yuLEsgNp<\/a><\/p>&mdash; Centro Vi\u00f1\/Bod ESTE (@centroeste01) <a href=\"https:\/\/twitter.com\/centroeste01\/status\/1250573351128571905?ref_src=twsrc%5Etfw\">April 15, 2020<\/a><\/blockquote><script async src=\"https:\/\/platform.twitter.com\/widgets.js\" charset=\"utf-8\"><\/script>\n<\/div><\/figure>\n\n\n\n<div style=\"height:20px\" aria-hidden=\"true\" class=\"wp-block-spacer\"><\/div>\n\n\n\n<figure class=\"wp-block-embed-twitter aligncenter wp-block-embed is-type-rich is-provider-twitter\"><div class=\"wp-block-embed__wrapper\">\n<blockquote class=\"twitter-tweet\" data-width=\"550\" data-dnt=\"true\"><p lang=\"es\" dir=\"ltr\">El vicegobernador de Mendoza solicita la intervenci\u00f3n del Ministro de Agricultura porque, seg\u00fan Decreto 1191\/2004, \u00e9l debe convalidar el aumento de la Coviar. La Naci\u00f3n es parte de Coviar, con el INV y el INTA. Basterra puede frenarlo, <a href=\"https:\/\/twitter.com\/MarioAbedok?ref_src=twsrc%5Etfw\">@MarioAbedok<\/a>, no<a href=\"https:\/\/t.co\/DO0d5mvnVh\">https:\/\/t.co\/DO0d5mvnVh<\/a> <a href=\"https:\/\/t.co\/L0asfKLRfi\">pic.twitter.com\/L0asfKLRfi<\/a><\/p>&mdash; Ricardo Mansur (@RicardoAMansur) <a href=\"https:\/\/twitter.com\/RicardoAMansur\/status\/1250625992726626305?ref_src=twsrc%5Etfw\">April 16, 2020<\/a><\/blockquote><script async src=\"https:\/\/platform.twitter.com\/widgets.js\" charset=\"utf-8\"><\/script>\n<\/div><\/figure>\n\n\n\n<div style=\"height:20px\" aria-hidden=\"true\" class=\"wp-block-spacer\"><\/div>\n\n\n\n<p>Del otro lado de la grieta, el presidente del Partido Justicialista de Mendoza y ex diputado nacional Guillermo Carmona, defendi\u00f3 a trav\u00e9s de la misma red la disposici\u00f3n de la Coviar: <\/p>\n\n\n\n<div style=\"height:20px\" aria-hidden=\"true\" class=\"wp-block-spacer\"><\/div>\n\n\n\n<figure class=\"wp-block-embed-twitter aligncenter wp-block-embed is-type-rich is-provider-twitter\"><div class=\"wp-block-embed__wrapper\">\n<blockquote class=\"twitter-tweet\" data-width=\"550\" data-dnt=\"true\"><p lang=\"es\" dir=\"ltr\">Resulta extra\u00f1o que el vicegobernador <a href=\"https:\/\/twitter.com\/MarioAbedok?ref_src=twsrc%5Etfw\">@MarioAbedok<\/a> le pida al ministro <a href=\"https:\/\/twitter.com\/LEBasterra?ref_src=twsrc%5Etfw\">@LEBasterra<\/a> que adopte medidas sobre una decisi\u00f3n de la que el Estado Nacional no ha sido parte ni ha avalado <a href=\"https:\/\/t.co\/9vfPOqfbtM\">https:\/\/t.co\/9vfPOqfbtM<\/a><\/p>&mdash; Guillermo Carmona (@grcarmonac) <a href=\"https:\/\/twitter.com\/grcarmonac\/status\/1250607099131957248?ref_src=twsrc%5Etfw\">April 16, 2020<\/a><\/blockquote><script async src=\"https:\/\/platform.twitter.com\/widgets.js\" charset=\"utf-8\"><\/script>\n<\/div><\/figure>\n\n\n\n<div style=\"height:20px\" aria-hidden=\"true\" class=\"wp-block-spacer\"><\/div>\n\n\n\n<p>La Corporaci\u00f3n Vitivin\u00edcola Argentina explic\u00f3 a su turno que determin\u00f3 el aumento respald\u00e1ndose en la ley y, seg\u00fan afirmaron desde esa instituci\u00f3n, la cifra de la suba fue establecida en una reuni\u00f3n en la que participaron el ministro de Econom\u00eda de Mendoza, <strong>Enrique Vaqui\u00e9<\/strong>; el presidente del Instituto Nacional de Vitivinicultura (INV), <strong>Mart\u00edn Hinojosa<\/strong> y el representante del Instituto Nacional de Tecnolog\u00eda Agropecuaria (INTA), <strong>Claudio Galmarini.<\/strong> Sin embargo, en este encuentro, tanto Hinojosa como Galmarini manifestaron expl\u00edcitamente que no acompa\u00f1an la decisi\u00f3n de la Coviar ni la definici\u00f3n del porcentaje de aumento en el 30%.<\/p>\n\n\n\n<div style=\"height:20px\" aria-hidden=\"true\" class=\"wp-block-spacer\"><\/div>\n\n\n\n<p class=\"has-background has-very-light-gray-background-color\"><strong>En la p\u00e1gina web institucional de Coviar explican los motivos y el fundamento legal del aumento del 30%: <\/strong><\/p>\n\n\n\n<div style=\"height:20px\" aria-hidden=\"true\" class=\"wp-block-spacer\"><\/div>\n\n\n\n<p>\u00abSiguiendo lo establecido por el Decreto 1191\/2004, en lo referente a que las contribuciones obligatorias indicadas en el art\u00edculo 10 de la Ley N\u00b0 25.849 \u201cser\u00e1n ajustadas anualmente aplicando al efecto el \u00edndice corrector correspondiente al precio ponderado del conjunto de cada uno de los productos\u201d, el Directorio de la Corporaci\u00f3n Vitivin\u00edcola Argentina (COVIAR) decidi\u00f3 aplicar un \u00edndice de correcci\u00f3n del 30,1% para las contribuciones al Plan Estrat\u00e9gico durante todo el 2020.<\/p>\n\n\n\n<p>\u00abEl porcentaje surge de la aplicaci\u00f3n de un promedio ponderado de los precios vigentes tanto en el mercado interno como externo de los productos que por ley est\u00e1n gravados. Esa cifra anual, a su vez, se pondera para sacar un valor promedio de los \u00faltimos cuatro a\u00f1os con el objetivo de eliminar picos propios de una macroeconom\u00eda fuertemente fluctuante e inestable como la de Argentina. En conclusi\u00f3n, la cifra de correcci\u00f3n de este a\u00f1o surge del promedio de los \u00faltimos cuatro a\u00f1os de los precios ponderados tanto del mercado interno como de la exportaci\u00f3n de los productos de la cadena vitivin\u00edcola argentina. Todo en base a precios relevados por la Bolsa de Comercio de Mendoza.<\/p>\n\n\n\n<p>\u00abCon la aplicaci\u00f3n del \u00edndice de correcci\u00f3n, los valores de la contribuci\u00f3n al Plan Estrat\u00e9gico para todo el 2020 son los siguientes:<\/p>\n\n\n\n<div style=\"height:20px\" aria-hidden=\"true\" class=\"wp-block-spacer\"><\/div>\n\n\n\n<figure class=\"wp-block-table\"><table class=\"\"><tbody><tr><td><strong>Detalle<\/strong><\/td><td><strong>Contribuci\u00f3n PEVI<\/strong><\/td><\/tr><tr><td>Elaboraci\u00f3n de<strong>&nbsp;vino, mosto<\/strong>&nbsp;u otro producto vitivin\u00edcola (por litro)<\/td><td>5,09 centavos<\/td><\/tr><tr><td>Fraccionamiento de&nbsp;<strong>vino sin indicaci\u00f3n<\/strong>&nbsp;de variedades (por litro)<\/td><td>4,29 centavos<\/td><\/tr><tr><td>Fraccionamiento de&nbsp;<strong>vino con indicaci\u00f3n<\/strong>&nbsp;de variedades (por litro)<\/td><td>7,02 centavos<\/td><\/tr><tr><td>Despacho al consumo interno o exportaci\u00f3n de&nbsp;<strong>mosto<\/strong>&nbsp;concentrado (por litro)<\/td><td>26,28 centavos<\/td><\/tr><tr><td>Ingreso de uva fresca a establecimientos procesadores de&nbsp;<strong>uva en<\/strong>&nbsp;<strong>fresco y pasa de uva<\/strong>&nbsp;(por kilo)<\/td><td>4,21 centavos<\/td><\/tr><\/tbody><\/table><\/figure>\n\n\n\n<div style=\"height:20px\" aria-hidden=\"true\" class=\"wp-block-spacer\"><\/div>\n\n\n\n<p>\u00abLa decisi\u00f3n del Directorio de COVIAR tiene como objetivo cumplir el mandato de la Ley y sostener el financiamiento de la instituci\u00f3n responsable de ejecutar el Plan Estrat\u00e9gico Vitivin\u00edcola 2020 y la acci\u00f3n de sus distintas unidades ejecutoras que trabajan en la promoci\u00f3n externa del vino argentino (Wines of Argentina), en la promoci\u00f3n gen\u00e9rica en el mercado interno (Fondo Vitivin\u00edcola), en la elaboraci\u00f3n de estad\u00edsticas y an\u00e1lisis estrat\u00e9gico de datos como el Observatorio Vitivin\u00edcola (Bolsa de Comercio de Mendoza); tambi\u00e9n en el sostenimiento y asistencia a los productores como es la unidad Peque\u00f1os Productores, Turismo del Vino, Investigaci\u00f3n, Innovaci\u00f3n y Desarrollo y su estructura operativa.<\/p>\n\n\n\n<p>\u00ab<strong><em>Atendiendo a los problemas que se pueden suscitar especialmente en las bodegas y establecimientos m\u00e1s peque\u00f1os, el Directorio decidi\u00f3, adem\u00e1s, que por la crisis desatada por la pandemia del COVID19 se articular\u00e1n planes de pago especiales y medidas excepcionales que atiendan casos puntuales y brinden soluciones a situaciones cr\u00edticas como las que se est\u00e1n viviendo.<\/em><\/strong><\/p>\n\n\n\n<p>\u00abNo actualizar los valores de la contribuci\u00f3n obligatoria como establece la Ley, implica poner en riesgo el financiamiento de la Corporaci\u00f3n Vitivin\u00edcola Argentina (Coviar), paralizarla, desvirtuarla en sus funciones y dejar sin posibilidades de acci\u00f3n a sus distintas unidades ejecutoras. Es ir en contra de los objetivos planteados en el Plan Estrat\u00e9gico Vitivin\u00edcola consagrados en la Ley Nacional N\u00ba 25.849.<\/p>\n\n\n\n<p>\u00abEn los hechos implica dejar sin recursos a la promoci\u00f3n externa, desfinanciando por ejemplo a Wines of Argentina en plena celebraci\u00f3n mundial del Malbec Word Day, suspender la campa\u00f1a de promoci\u00f3n gen\u00e9rica del vino en el mercado interno que busca defender el lugar que hoy tiene la Bebida Nacional en la mesa y en la cultura de los argentinos. Implica dejar sin asistencia t\u00e9cnica, profesional y financiera a m\u00e1s de 2.000 productores de las distintas provincias vitivin\u00edcolas a los que COVIAR llega y asiste a trav\u00e9s de su unidad de Peque\u00f1os Productores v\u00eda los Centros de Desarrollo Vit\u00edcola. Implica poner en riesgo la continuidad de la labor de cient\u00edficos que trabajan con financiamiento de COVIAR para descubrir e identificar m\u00e1s beneficios del vino en la salud o de qu\u00e9 forma se puede innovar t\u00e9cnica y productivamente para ser m\u00e1s competitivos y eficientes. O dejar de contar con estad\u00edsticas y an\u00e1lisis a partir de la informaci\u00f3n relevada y procesada por el Observatorio Vitivin\u00edcola Argentino, un insumo esencial para la toma de decisiones de toda la cadena vitivin\u00edcola.\u00bb<\/p>\n","protected":false},"excerpt":{"rendered":"<p>Desde el 15\/4 se desat\u00f3 una pol\u00e9mica v\u00eda Twitter a favor y en contra de&hellip;<\/p>\n","protected":false},"author":3,"featured_media":11259,"comment_status":"open","ping_status":"open","sticky":false,"template":"","format":"standard","meta":{"footnotes":""},"categories":[14],"tags":[],"class_list":["post-11173","post","type-post","status-publish","format-standard","has-post-thumbnail","hentry","category-news"],"_links":{"self":[{"href":"https:\/\/enolife.com.ar\/es\/wp-json\/wp\/v2\/posts\/11173","targetHints":{"allow":["GET"]}}],"collection":[{"href":"https:\/\/enolife.com.ar\/es\/wp-json\/wp\/v2\/posts"}],"about":[{"href":"https:\/\/enolife.com.ar\/es\/wp-json\/wp\/v2\/types\/post"}],"author":[{"embeddable":true,"href":"https:\/\/enolife.com.ar\/es\/wp-json\/wp\/v2\/users\/3"}],"replies":[{"embeddable":true,"href":"https:\/\/enolife.com.ar\/es\/wp-json\/wp\/v2\/comments?post=11173"}],"version-history":[{"count":0,"href":"https:\/\/enolife.com.ar\/es\/wp-json\/wp\/v2\/posts\/11173\/revisions"}],"wp:featuredmedia":[{"embeddable":true,"href":"https:\/\/enolife.com.ar\/es\/wp-json\/wp\/v2\/media\/11259"}],"wp:attachment":[{"href":"https:\/\/enolife.com.ar\/es\/wp-json\/wp\/v2\/media?parent=11173"}],"wp:term":[{"taxonomy":"category","embeddable":true,"href":"https:\/\/enolife.com.ar\/es\/wp-json\/wp\/v2\/categories?post=11173"},{"taxonomy":"post_tag","embeddable":true,"href":"https:\/\/enolife.com.ar\/es\/wp-json\/wp\/v2\/tags?post=11173"}],"curies":[{"name":"wp","href":"https:\/\/api.w.org\/{rel}","templated":true}]}}