{"id":111727,"date":"2024-03-05T10:19:03","date_gmt":"2024-03-05T10:19:03","guid":{"rendered":"https:\/\/enolife.com.ar\/es\/?p=111727"},"modified":"2024-03-07T00:48:36","modified_gmt":"2024-03-07T00:48:36","slug":"vinateros-sanjuaninos-respaldan-a-bda-en-el-pedido-de-limitar-la-mineria-en-zonas-vitivinicolas","status":"publish","type":"post","link":"https:\/\/enolife.com.ar\/es\/vinateros-sanjuaninos-respaldan-a-bda-en-el-pedido-de-limitar-la-mineria-en-zonas-vitivinicolas\/","title":{"rendered":"Vi\u00f1ateros sanjuaninos respaldan a BdA en el pedido de limitar la miner\u00eda en zonas vitivin\u00edcolas"},"content":{"rendered":"\n<h4 class=\"wp-block-heading\"><em><strong>Seg\u00fan public\u00f3 el diario Tiempo de San Juan, durante su visita a Mendoza para el Agasajo de Bodegas de Argentina, los representantes de la Asociaci\u00f3n de Vi\u00f1ateros Independientes de San Juan y la Federaci\u00f3n de Vi\u00f1ateros de San Juan manifestaron su apoyo a la idea expresada por el presidente de Bodegas de Argentina (BdA), Walter Bressia, acerca de que \u00abprime la racionalidad al momento de autorizar los futuros desarrollos mineros\u201d en zonas vitivin\u00edcolas para \u00abno afectar los recursos naturales, visuales ni sociales\u00bb.<\/strong><\/em><\/h4>\n\n\n\n<div style=\"height:35px\" aria-hidden=\"true\" class=\"wp-block-spacer\"><\/div>\n\n\n\n\n\n<div style=\"height:45px\" aria-hidden=\"true\" class=\"wp-block-spacer\"><\/div>\n\n\n\n<p><a href=\"https:\/\/www.tiempodesanjuan.com\/economia\/el-ministro-produccion-pidio-bodegueros-un-esfuerzo-compartido-mejorar-el-precio-la-uva-n369830\"><\/a>Los dirigentes vitivin\u00edcolas sanjuaninos <strong>Juan Jos\u00e9 Ramos<\/strong> y <strong>Eduardo Garc\u00e9s<\/strong>, presidentes de dos importantes agrupaciones de vi\u00f1ateros de esa provincia, expresaron su apoyo incondicional a la advertencia que hizo a las autoridades competentes el presidente de<strong> Bodegas de Argentina (BdA), Walter Bressia<\/strong>, acerca de \u00abracionalizar\u00bb los desarrollos mineros en zonas del pa\u00eds donde la principal actividad econ\u00f3mica es la vitivinicultura. <\/p>\n\n\n\n<p>En el Agasajo de Bodegas de Argentina, realizado el s\u00e1bado 2 de marzo en el Espacio Arizu de Mendoza, <strong>Bressia<\/strong> hizo -seg\u00fan destaca el medio sanjuanino- un fuerte pedido a las autoridades gubernamentales: <em>\u201cEsperamos que su desarrollo (de la miner\u00eda) se d\u00e9 en zonas donde no afecte los recursos naturales, visuales ni sociales. La agricultura es agua-dependiente, en cantidad y calidad. Hemos realizado importantes inversiones productivas que, sumadas al paisaje, al crecimiento gastron\u00f3mico y la conectividad hacia el oeste argentino, nos han posicionado en el mundo como destino tur\u00edstico sostenible. Solicitamos que prime la racionalidad al momento de autorizar los futuros desarrollos mineros\u201d,<\/em>&nbsp;expres\u00f3 Bressia a las m\u00e1s de 600 personas del sector vitivin\u00edcola que estaban presentes en el lugar.<\/p>\n\n\n\n<div style=\"height:30px\" aria-hidden=\"true\" class=\"wp-block-spacer\"><\/div>\n\n\n<div class=\"wp-block-image\">\n<figure class=\"aligncenter is-resized\"><img loading=\"lazy\" decoding=\"async\" src=\"https:\/\/media.tiempodesanjuan.com\/p\/0badf2d90542fca57b1fb1c72d16ce58\/adjuntos\/331\/imagenes\/000\/736\/0000736691\/790x0\/smart\/whatsapp-image-2024-03-04-at-131525jpeg.jpeg\" alt=\"Ojo con la miner\u00eda: Bressia, presidente de Bodegas Argentinas (de traje) junto a los dirigentes vi\u00f1ateros sanjuaninos (a la derecha).\" width=\"657\" height=\"295\"\/><figcaption class=\"wp-element-caption\"><strong><em>El presidente de Bodegas de Argentina, Walter Bressia (izq.) y los dirigentes Ramos y Garc\u00e9s (der.)<\/em><\/strong><\/figcaption><\/figure><\/div>\n\n\n<div style=\"height:30px\" aria-hidden=\"true\" class=\"wp-block-spacer\"><\/div>\n\n\n\n<p>Asimismo, el l\u00edder de la entidad hizo un relevamiento de la situaci\u00f3n actual del sector y destac\u00f3 que la pol\u00edtica nacional de cero retenciones al sector ha sido un beneficio, al igual que la competitividad del precio del d\u00f3lar, lo que&nbsp;les podr\u00e1 permitir mejorar el nivel de las exportaciones.<\/p>\n\n\n\n<div style=\"height:35px\" aria-hidden=\"true\" class=\"wp-block-spacer\"><\/div>\n\n\n\n<p class=\"has-medium-font-size\"><strong>Precios de la uva<\/strong><\/p>\n\n\n\n<p>Por otro lado, y en el contexto del agasajo, los referentes de las entidades locales vitivin\u00edcolas,&nbsp;<strong>Ramos y Garc\u00e9s<\/strong>, junto a un dirigente vitivin\u00edcola de Salta, pudieron mantener una charla con el ministro de la Producci\u00f3n de Mendoza,&nbsp;<strong>Rodolfo Vargas Arizu,<\/strong>&nbsp;a quien le solicitaron, tal y como lo hicieron con las autoridades de San Juan,&nbsp;que pudiera intervenir ante los formadores de precios para mejorar el precio de la uva. En este sentido, los productores comentaron al ministro&nbsp;la situaci\u00f3n actual que viven al no poder contar con un precio del producto que les sea competitivo,&nbsp;no alcanzando el precio de la uva a cubrir en un 60% los costos de producci\u00f3n.<\/p>\n\n\n\n<div style=\"height:17px\" aria-hidden=\"true\" class=\"wp-block-spacer\"><\/div>\n\n\n\n<p class=\"has-small-font-size\"><em><strong>Fuente: El Tiempo de San Juan<\/strong><\/em><\/p>\n\n\n\n<div style=\"height:21px\" aria-hidden=\"true\" class=\"wp-block-spacer\"><\/div>\n","protected":false},"excerpt":{"rendered":"<p>Seg\u00fan public\u00f3 el diario Tiempo de San Juan, durante su visita a Mendoza para el&hellip;<\/p>\n","protected":false},"author":3,"featured_media":111736,"comment_status":"open","ping_status":"open","sticky":false,"template":"","format":"standard","meta":{"footnotes":""},"categories":[14],"tags":[],"class_list":["post-111727","post","type-post","status-publish","format-standard","has-post-thumbnail","hentry","category-news"],"_links":{"self":[{"href":"https:\/\/enolife.com.ar\/es\/wp-json\/wp\/v2\/posts\/111727","targetHints":{"allow":["GET"]}}],"collection":[{"href":"https:\/\/enolife.com.ar\/es\/wp-json\/wp\/v2\/posts"}],"about":[{"href":"https:\/\/enolife.com.ar\/es\/wp-json\/wp\/v2\/types\/post"}],"author":[{"embeddable":true,"href":"https:\/\/enolife.com.ar\/es\/wp-json\/wp\/v2\/users\/3"}],"replies":[{"embeddable":true,"href":"https:\/\/enolife.com.ar\/es\/wp-json\/wp\/v2\/comments?post=111727"}],"version-history":[{"count":0,"href":"https:\/\/enolife.com.ar\/es\/wp-json\/wp\/v2\/posts\/111727\/revisions"}],"wp:featuredmedia":[{"embeddable":true,"href":"https:\/\/enolife.com.ar\/es\/wp-json\/wp\/v2\/media\/111736"}],"wp:attachment":[{"href":"https:\/\/enolife.com.ar\/es\/wp-json\/wp\/v2\/media?parent=111727"}],"wp:term":[{"taxonomy":"category","embeddable":true,"href":"https:\/\/enolife.com.ar\/es\/wp-json\/wp\/v2\/categories?post=111727"},{"taxonomy":"post_tag","embeddable":true,"href":"https:\/\/enolife.com.ar\/es\/wp-json\/wp\/v2\/tags?post=111727"}],"curies":[{"name":"wp","href":"https:\/\/api.w.org\/{rel}","templated":true}]}}