{"id":111720,"date":"2024-03-05T10:14:35","date_gmt":"2024-03-05T10:14:35","guid":{"rendered":"https:\/\/enolife.com.ar\/es\/?p=111720"},"modified":"2024-03-21T12:31:07","modified_gmt":"2024-03-21T12:31:07","slug":"mendoza-promueve-acuerdos-de-libre-comercio-en-mineria-y-vitivinicultura-entre-argentina-y-canada","status":"publish","type":"post","link":"https:\/\/enolife.com.ar\/es\/mendoza-promueve-acuerdos-de-libre-comercio-en-mineria-y-vitivinicultura-entre-argentina-y-canada\/","title":{"rendered":"Mendoza promueve acuerdos de libre comercio en miner\u00eda y vitivinicultura entre Argentina y Canad\u00e1"},"content":{"rendered":"\n<h4 class=\"wp-block-heading\"><em><strong>El gobernador de la provincia, Alfredo Cornejo, encabeza en estos d\u00edas una misi\u00f3n comercial y diplom\u00e1tica en Canad\u00e1 en busca de atraer inversiones a Mendoza. En ese contexto, el mandatario particip\u00f3 en un encuentro realizado hoy 4\/3 en la feria Prospectors &amp; Developers Association of Canada (PDAC), las m\u00e1s grande del mundo en materia minera. Adem\u00e1s, se reuni\u00f3 con funcionario de una de las principales organizaciones p\u00fablicas de investigaci\u00f3n y tecnolog\u00eda del pa\u00eds del Norte. Tambi\u00e9n expuso ante la embajadora argentina en Canad\u00e1, Josefina Mart\u00ednez Gramuglia, la intenci\u00f3n de la provincia de realizar tratados de libre comercio (TLC) con varias provincias canadienses, que podr\u00edan incluir el comercio de vino y productos vitivin\u00edcolas. <\/strong><\/em><\/h4>\n\n\n\n<div style=\"height:35px\" aria-hidden=\"true\" class=\"wp-block-spacer\"><\/div>\n\n\n\n\n\n<div style=\"height:45px\" aria-hidden=\"true\" class=\"wp-block-spacer\"><\/div>\n\n\n\n<p>El gobernador <strong>Alfredo Cornejo<\/strong>; la ministra de Energ\u00eda y Ambiente, <strong>Jimena Latorre<\/strong>; el t\u00edtular de la Direcci\u00f3n de Miner\u00eda, <strong>Jer\u00f3nimo Shantal<\/strong>; y el CEO de Impulsa Mendoza, <strong>Emilio Gui\u00f1az\u00fa<\/strong>, se reunieron con la embajadora de la Argentina en Canad\u00e1, <em>Josefina Mart\u00ednez Gramuglia<\/em>. Este encuentro se dio en el marco de la visita del mandatario provincial a Toronto, donde participa de la feria minera <strong>Prospectors &amp; Developers Association of Canada (PDAC)<\/strong>, en busca de<strong> inversores de cobre para Mendoza<\/strong>.<\/p>\n\n\n\n<p>Durante la reuni\u00f3n, que se desarroll\u00f3 en la feria, Mart\u00ednez Gramuglia se puso a disposici\u00f3n para realizar acuerdos de libre comercio entre <strong>Canad\u00e1<\/strong> y <strong>Argentina<\/strong>. Tambi\u00e9n participaron el subsecretario de Promoci\u00f3n de las Exportaciones, la Educaci\u00f3n, la Ciencia y la Cultura de nuestro pa\u00eds, <strong>Ramiro Velloso,<\/strong> y el c\u00f3nsul de la Argentina en Toronto, <strong>Gustavo Infante.<\/strong><\/p>\n\n\n\n<p>Tras la presentaci\u00f3n de los proyectos mendocinos, la diplom\u00e1tica sugiri\u00f3 que lo mejor es establecer v\u00ednculos directamente con las provincias de <strong>Saskatchewan<\/strong> y <strong>Alberta.<\/strong><\/p>\n\n\n\n<p>La primera regi\u00f3n desarrolla potasio, mientras que Alberta est\u00e1 vinculada m\u00e1s a la energ\u00eda convencional y no convencional, con la Econom\u00eda del Hidr\u00f3geno verde y gris. Cabe se\u00f1alar que Canad\u00e1 es uno de los pa\u00edses mineros m\u00e1s grande del mundo, posee est\u00e1ndares internacionales, licencia social e introducci\u00f3n en las comunidades.<\/p>\n\n\n\n<div style=\"height:35px\" aria-hidden=\"true\" class=\"wp-block-spacer\"><\/div>\n\n\n\n<p class=\"has-medium-font-size\"><strong>Calidad ambiental<\/strong><\/p>\n\n\n\n<p>Posteriormente, Cornejo Latorre y Shantal mantuvieron un encuentro con representantes de Saskatchewan Research Council (SRC). Se trata de una de las principales organizaciones p\u00fablicas de investigaci\u00f3n y tecnolog\u00eda de Canad\u00e1. Este organismo brinda servicios de investigaci\u00f3n aplicada, desarrollo, demostraci\u00f3n y comercializaci\u00f3n de tecnolog\u00eda, otorgando a los proyectos mineros, el Certificado de Calidad Ambiental bajo los est\u00e1ndares internacionales.<\/p>\n\n\n\n<p>La reuni\u00f3n se centr\u00f3 en los est\u00e1ndares que ofrece SRC para el trabajo con todas las provincias mineras e igualarlo con los modelos canadienses.<\/p>\n\n\n\n<div style=\"height:24px\" aria-hidden=\"true\" class=\"wp-block-spacer\"><\/div>\n\n\n\n<p class=\"has-small-font-size\"><em><strong>Fuente: Gobierno de Mendoza<\/strong><\/em><\/p>\n\n\n\n<div style=\"height:22px\" aria-hidden=\"true\" class=\"wp-block-spacer\"><\/div>\n","protected":false},"excerpt":{"rendered":"<p>El gobernador de la provincia, Alfredo Cornejo, encabeza en estos d\u00edas una misi\u00f3n comercial y&hellip;<\/p>\n","protected":false},"author":3,"featured_media":111733,"comment_status":"open","ping_status":"open","sticky":false,"template":"","format":"standard","meta":{"footnotes":""},"categories":[14],"tags":[],"class_list":["post-111720","post","type-post","status-publish","format-standard","has-post-thumbnail","hentry","category-news"],"_links":{"self":[{"href":"https:\/\/enolife.com.ar\/es\/wp-json\/wp\/v2\/posts\/111720","targetHints":{"allow":["GET"]}}],"collection":[{"href":"https:\/\/enolife.com.ar\/es\/wp-json\/wp\/v2\/posts"}],"about":[{"href":"https:\/\/enolife.com.ar\/es\/wp-json\/wp\/v2\/types\/post"}],"author":[{"embeddable":true,"href":"https:\/\/enolife.com.ar\/es\/wp-json\/wp\/v2\/users\/3"}],"replies":[{"embeddable":true,"href":"https:\/\/enolife.com.ar\/es\/wp-json\/wp\/v2\/comments?post=111720"}],"version-history":[{"count":0,"href":"https:\/\/enolife.com.ar\/es\/wp-json\/wp\/v2\/posts\/111720\/revisions"}],"wp:featuredmedia":[{"embeddable":true,"href":"https:\/\/enolife.com.ar\/es\/wp-json\/wp\/v2\/media\/111733"}],"wp:attachment":[{"href":"https:\/\/enolife.com.ar\/es\/wp-json\/wp\/v2\/media?parent=111720"}],"wp:term":[{"taxonomy":"category","embeddable":true,"href":"https:\/\/enolife.com.ar\/es\/wp-json\/wp\/v2\/categories?post=111720"},{"taxonomy":"post_tag","embeddable":true,"href":"https:\/\/enolife.com.ar\/es\/wp-json\/wp\/v2\/tags?post=111720"}],"curies":[{"name":"wp","href":"https:\/\/api.w.org\/{rel}","templated":true}]}}