{"id":111622,"date":"2024-03-02T17:19:20","date_gmt":"2024-03-02T17:19:20","guid":{"rendered":"https:\/\/enolife.com.ar\/es\/?p=111622"},"modified":"2024-03-04T13:36:52","modified_gmt":"2024-03-04T13:36:52","slug":"desayuno-de-coviar-la-vitivinicultura-es-optimista-pero-pide-menos-impuestos-y-tlc-para-exportar-mas","status":"publish","type":"post","link":"https:\/\/enolife.com.ar\/es\/desayuno-de-coviar-la-vitivinicultura-es-optimista-pero-pide-menos-impuestos-y-tlc-para-exportar-mas\/","title":{"rendered":"Desayuno de Coviar: la vitivinicultura es optimista pero pide menos impuestos y TLC para exportar m\u00e1s"},"content":{"rendered":"\n<h4 class=\"wp-block-heading\"><em><strong>El presidente de la Corporaci\u00f3n Vitivin\u00edcola Argentina (Coviar), Mario Gonz\u00e1lez, durante el esperado discurso anual que expresa la actualidad, las expectativas y los proyectos de la vitivinicultura argentina, manifest\u00f3 su confianza en la recuperaci\u00f3n del sector, condicionada por una mejor\u00eda en las condiciones macroecon\u00f3micas, y pidi\u00f3 al gobierno que mantenga la retenci\u00f3n cero para las exportaciones y reduzca los impuestos internos a la vitivinicultura. Tambi\u00e9n expres\u00f3 que el sector necesita total libertad de comercio y que se firmen Tratados de Libre Comercio (TLC) con la mayor cantidad posible de pa\u00edses y bloques.<\/strong><\/em><\/h4>\n\n\n\n<div style=\"height:35px\" aria-hidden=\"true\" class=\"wp-block-spacer\"><\/div>\n\n\n\n\n\n<div style=\"height:45px\" aria-hidden=\"true\" class=\"wp-block-spacer\"><\/div>\n\n\n\n<p>Ante un auditorio calificado que incluy\u00f3 a la vicepresidenta argentina, <strong>Victoria Villarruel<\/strong>; al ministro del Interior, <strong>Guillermo Francos<\/strong>; al ministro de Defensa, el mendocino <strong>Luis Petri<\/strong>; al secretario de Agricultura, Ganader\u00eda y Pesca, <strong>Fernando Vilella<\/strong>, al gobernador de Mendoza, <strong>Alfredo Cornejo<\/strong>; al ministro de Producci\u00f3n provincial, <strong>Rodolfo Vargas Arizu<\/strong>; al gobernador de Jujuy, <strong>Carlos Sadir<\/strong>; al presidente del Instituto Nacional de Vitivinicultura (INV), <strong>Carlos Tizio<\/strong>; legisladores nacionales, empresarios y periodistas, el presidente de la Corporaci\u00f3n Vitivin\u00edcola Argentina, <strong>Mario Gonz\u00e1lez<\/strong>, pronunci\u00f3 un discurso de tono esperanzado, puntualizando las dificultades y requerimientos de la vitivinicultura pero confiado en una recuperaci\u00f3n de la macroeconom\u00eda que permita mayores ventas de vino en el mercado interno y crecimiento de las exportaciones, aprovechando la demanda global y la mejor cosecha de este a\u00f1o.<\/p>\n\n\n\n<div style=\"height:30px\" aria-hidden=\"true\" class=\"wp-block-spacer\"><\/div>\n\n\n<div class=\"wp-block-image\">\n<figure class=\"aligncenter size-large is-resized\"><a href=\"https:\/\/enolife.com.ar\/es\/wp-content\/uploads\/2024\/03\/Imagen9.jpg\" data-rel=\"penci-gallery-image-content\" ><img loading=\"lazy\" decoding=\"async\" src=\"https:\/\/enolife.com.ar\/es\/wp-content\/uploads\/2024\/03\/Imagen9-1024x545.jpg\" alt=\"\" class=\"wp-image-111639\" width=\"676\" height=\"360\" srcset=\"https:\/\/enolife.com.ar\/es\/wp-content\/uploads\/2024\/03\/Imagen9-1024x545.jpg 1024w, https:\/\/enolife.com.ar\/es\/wp-content\/uploads\/2024\/03\/Imagen9-300x160.jpg 300w, https:\/\/enolife.com.ar\/es\/wp-content\/uploads\/2024\/03\/Imagen9-768x409.jpg 768w, https:\/\/enolife.com.ar\/es\/wp-content\/uploads\/2024\/03\/Imagen9-585x311.jpg 585w, https:\/\/enolife.com.ar\/es\/wp-content\/uploads\/2024\/03\/Imagen9.jpg 1073w\" sizes=\"auto, (max-width: 676px) 100vw, 676px\" \/><\/a><figcaption class=\"wp-element-caption\"><em><strong>Auditorio del cl\u00e1sico Desayuno de la Coviar<\/strong><\/em><\/figcaption><\/figure><\/div>\n\n\n<div style=\"height:30px\" aria-hidden=\"true\" class=\"wp-block-spacer\"><\/div>\n\n\n\n<p>En su alocuci\u00f3n, Mario Gonz\u00e1lez arranc\u00f3 agradeciendo <em>\u00aba los productores, a los vi\u00f1ateros de todo el pa\u00eds, a los bodegueros, industriales, que juntos constituyen el eslab\u00f3n m\u00e1s importantes de nuestra cadena<\/em>\u00ab. Y continu\u00f3: <em>\u00abFrente a todo contexto favorable o adverso, nacional o internacional, la vitivinicultura argentina mira al futuro con optimismo, porque tenemos un plan, un horizonte construido por consensos y de forma participativa al que todos queremos llegar&#8230; El Plan Estrat\u00e9gico Vitivin\u00edcola de Argentina cumple 20 a\u00f1os, ha sido una experiencia in\u00e9dita en el mundo, que abre una efectiva mesa de di\u00e1logo y una articulaci\u00f3n p\u00fablico privada que constituye una verdadera pol\u00edtica de estado\u00bb. <\/em><\/p>\n\n\n\n<div style=\"height:30px\" aria-hidden=\"true\" class=\"wp-block-spacer\"><\/div>\n\n\n<div class=\"wp-block-image\">\n<figure class=\"aligncenter size-full is-resized\"><a href=\"https:\/\/enolife.com.ar\/es\/wp-content\/uploads\/2024\/03\/Imagen11.jpg\" data-rel=\"penci-gallery-image-content\" ><img loading=\"lazy\" decoding=\"async\" src=\"https:\/\/enolife.com.ar\/es\/wp-content\/uploads\/2024\/03\/Imagen11.jpg\" alt=\"\" class=\"wp-image-111640\" width=\"611\" height=\"377\" srcset=\"https:\/\/enolife.com.ar\/es\/wp-content\/uploads\/2024\/03\/Imagen11.jpg 879w, https:\/\/enolife.com.ar\/es\/wp-content\/uploads\/2024\/03\/Imagen11-300x185.jpg 300w, https:\/\/enolife.com.ar\/es\/wp-content\/uploads\/2024\/03\/Imagen11-768x474.jpg 768w, https:\/\/enolife.com.ar\/es\/wp-content\/uploads\/2024\/03\/Imagen11-585x361.jpg 585w\" sizes=\"auto, (max-width: 611px) 100vw, 611px\" \/><\/a><figcaption class=\"wp-element-caption\"><em><strong>Firma del acuerdo con el CFI, Alfredo Cornejo, Mario Gonz\u00e1lez, Ignacio Lamothe y Rodolfo Vargas Arizu<\/strong><\/em><\/figcaption><\/figure><\/div>\n\n\n<div style=\"height:30px\" aria-hidden=\"true\" class=\"wp-block-spacer\"><\/div>\n\n\n\n<p><em>\u00abEl sector se autofinancia, <\/em>-explic\u00f3-, <em>porque en 2003, a trav\u00e9s de una ley nos autoimpusimos pagar un peque\u00f1o costo, dentro de la elaboraci\u00f3n, dentro de los despachos, para financiar este plan estrat\u00e9gico a largo plazo. Y lo digo con orgullo, y convoco a todos los sectores de la vitivinicultura argentina a que se sumen a trabajar y a participar, ya que todos tenemos mucho por aportar y contribuir en el desarrollo de  este plan estrat\u00e9gico. <\/em><\/p>\n\n\n\n<div style=\"height:18px\" aria-hidden=\"true\" class=\"wp-block-spacer\"><\/div>\n\n\n\n<blockquote class=\"wp-block-quote is-layout-flow wp-block-quote-is-layout-flow\">\n<p>La vitivinicultura argentina tiene enormes posibilidades de crecer en el mercado mundial de vinos, pero necesitamos previsibilidad, reglas claras a largo plazo y condiciones que contribuyan a la competitividad de nuestra producci\u00f3n\u00bb. <\/p>\n<cite>Mario Gonz\u00e1lez, presidente de la Coviar<\/cite><\/blockquote>\n\n\n\n<div style=\"height:26px\" aria-hidden=\"true\" class=\"wp-block-spacer\"><\/div>\n\n\n\n<p>Luego traz\u00f3 un panorama de la vitivinicultura argentina: <em>\u00abTenemos mucho trabajo por delante, no s\u00f3lo en el vino sino en las pasas de uva, el mosto, la uva en fresco, tenemos mucho para desarrollar. Argentina es un actor central dentro de la vitivinicultura mundial, como pa\u00eds somos el 7mo. mayor productor mundial de vino, el 10mo. mayor consumidor, el 11avo. exportador mundial, y el 2do. mayor exportador de jugo de uva concentrado. El vino es parte de la cultura, y de la mesa de los argentinos, contribuye a construir identidad y marca pa\u00eds en todo el mundo, el vino es un embajador de la Argentina. Tenemos 205.000 ha distribuidas en 23.046 vi\u00f1edos que est\u00e1n en manos de 17.000 productores a lo largo de todo el pa\u00eds, de las 18 provincias se dedican a la vitivinicultura&#8230; Necesitamos previsibilidad, reglas claras y lograr competitividad, la vitivinicultura argentina tiene enormes posibilidades de crecer en el mercado mundial de vinos, pero necesitamos previsibilidad, reglas claras a largo plazo y condiciones que contribuyan a la competitividad de nuestra producci\u00f3n\u00bb. <\/em><\/p>\n\n\n\n<p>En la continuidad de su discurso, Gonz\u00e1lez se refiri\u00f3 a los problemas que genera la alta presi\u00f3n impositiva: <em>\u00abLa vitivinicultura es una actividad econ\u00f3mica de mano de obra intensiva, que genera valor y arraigo en el campo argentino. Soportamos una presi\u00f3n impositiva que en muchas casos hace inviable la producci\u00f3n y nos deja fuera de mercado a nivel internacional, en especial a las pymes y productores m\u00e1s chicos. Pedimos de forma prioritaria una esquema impositivo que priorice la inversi\u00f3n y la generaci\u00f3n de empleo de calidad en Argentina\u00bb. <\/em><\/p>\n\n\n\n<div style=\"height:30px\" aria-hidden=\"true\" class=\"wp-block-spacer\"><\/div>\n\n\n<div class=\"wp-block-image\">\n<figure class=\"aligncenter size-full is-resized\"><a href=\"https:\/\/enolife.com.ar\/es\/wp-content\/uploads\/2024\/03\/Imagen2.jpg\" data-rel=\"penci-gallery-image-content\" ><img loading=\"lazy\" decoding=\"async\" src=\"https:\/\/enolife.com.ar\/es\/wp-content\/uploads\/2024\/03\/Imagen2.jpg\" alt=\"\" class=\"wp-image-111637\" width=\"586\" height=\"371\" srcset=\"https:\/\/enolife.com.ar\/es\/wp-content\/uploads\/2024\/03\/Imagen2.jpg 935w, https:\/\/enolife.com.ar\/es\/wp-content\/uploads\/2024\/03\/Imagen2-300x190.jpg 300w, https:\/\/enolife.com.ar\/es\/wp-content\/uploads\/2024\/03\/Imagen2-768x487.jpg 768w, https:\/\/enolife.com.ar\/es\/wp-content\/uploads\/2024\/03\/Imagen2-585x371.jpg 585w\" sizes=\"auto, (max-width: 586px) 100vw, 586px\" \/><\/a><figcaption class=\"wp-element-caption\"><em><strong>La vicepresidenta de la Naci\u00f3n Victoria Villarruel<\/strong><\/em><\/figcaption><\/figure><\/div>\n\n\n<div style=\"height:35px\" aria-hidden=\"true\" class=\"wp-block-spacer\"><\/div>\n\n\n\n<p class=\"has-medium-font-size\"><strong>Llamado a la unidad, \u00absin mezquindades ni egos\u00bb<\/strong><\/p>\n\n\n\n<p>Y remarc\u00f3 Gonz\u00e1lez: <em>\u00abPor eso es fundamental avanzar hacia un contexto macroecon\u00f3mico estable, con reglas claras que nos den un marco de previsibilidad y competitividad. Necesitamos ir hacia un esquema de disminuci\u00f3n de la alta carga impositiva que pesa sobre nuestra actividad, con condiciones indispensables para promover inversiones y productividad. Y junto con condiciones de estabilidad macroecon\u00f3mica y reducci\u00f3n de la inflaci\u00f3n, necesitamos l\u00edneas de cr\u00e9dito acordes con la realidad productiva de las econom\u00edas provinciales, necesitamos que el sistema financiero est\u00e9 a favor del sector privado. Es imposible para los productores y bodegas adaptarse a la velocidad de los cambios en la tendencia de consumo, a los nuevos esquemas tarifarios, cuando muchas producciones son electrodependientes y enfrentan los desaf\u00edos de la crisis clim\u00e1tica, sin un sistema financiero que acompa\u00f1e con cr\u00e9ditos productivos en cuanto a plazos y tasas de inter\u00e9s\u00bb.<\/em><\/p>\n\n\n\n<div style=\"height:30px\" aria-hidden=\"true\" class=\"wp-block-spacer\"><\/div>\n\n\n<div class=\"wp-block-image\">\n<figure class=\"aligncenter size-full is-resized\"><a href=\"https:\/\/enolife.com.ar\/es\/wp-content\/uploads\/2024\/03\/Imagen1.jpg\" data-rel=\"penci-gallery-image-content\" ><img loading=\"lazy\" decoding=\"async\" src=\"https:\/\/enolife.com.ar\/es\/wp-content\/uploads\/2024\/03\/Imagen1.jpg\" alt=\"\" class=\"wp-image-111635\" width=\"648\" height=\"423\" srcset=\"https:\/\/enolife.com.ar\/es\/wp-content\/uploads\/2024\/03\/Imagen1.jpg 967w, https:\/\/enolife.com.ar\/es\/wp-content\/uploads\/2024\/03\/Imagen1-300x196.jpg 300w, https:\/\/enolife.com.ar\/es\/wp-content\/uploads\/2024\/03\/Imagen1-768x501.jpg 768w, https:\/\/enolife.com.ar\/es\/wp-content\/uploads\/2024\/03\/Imagen1-585x382.jpg 585w\" sizes=\"auto, (max-width: 648px) 100vw, 648px\" \/><\/a><figcaption class=\"wp-element-caption\"><em><strong>Mario Gonz\u00e1lez: \u00abTenemos un potencial productivo muy grande, pero para desarrollarlo tenemos que trabajar todos juntos\u00bb<\/strong><\/em><\/figcaption><\/figure><\/div>\n\n\n<div style=\"height:30px\" aria-hidden=\"true\" class=\"wp-block-spacer\"><\/div>\n\n\n\n<p>Finalmente, Gonz\u00e1lez llam\u00f3 a la unidad de todos los actores de la industria: <em>\u00abEstamos atravesando momentos dif\u00edciles en nuestro pa\u00eds, y necesitamos estar m\u00e1s unidos que nunca, somos optimistas, como siempre lo hemos sido, tenemos un potencial productivo muy grande, pero para desarrollarlo tenemos que trabajar todos juntos, codo a codo, sin egos, sin mezquindades, sabiendo que vamos a tener un futuro mejor. La vitivinicultura argentina merece estar mejor y Argentina merece estar mejor. Trabajemos todos juntos para que esto suceda\u00bb. <\/em><\/p>\n\n\n\n<div style=\"height:35px\" aria-hidden=\"true\" class=\"wp-block-spacer\"><\/div>\n\n\n\n<p class=\"has-medium-font-size\"><strong>Gobernador Cornejo: \u00abLa industria vitivin\u00edcola no puede quedarse llorando\u00bb<\/strong><\/p>\n\n\n\n<p>Tras el discurso de Gonz\u00e1lez, se dirigieron al p\u00fablico el gobernador de Jujuy, <strong>Carlos Sadir<\/strong>; la vicepresidenta de la Naci\u00f3n, <strong>Victoria Villarruel<\/strong>; y finalmente el gobernador de Mendoza, <strong>Alfredo Cornejo<\/strong>. Todos expresaron su optimismo en el futuro pero hicieron hincapi\u00e9 en que para que esa expectativa se materialice es necesaria una macroeconom\u00eda ordenada, equilibrada y confiable.<\/p>\n\n\n\n<div style=\"height:30px\" aria-hidden=\"true\" class=\"wp-block-spacer\"><\/div>\n\n\n<div class=\"wp-block-image\">\n<figure class=\"aligncenter size-full is-resized\"><a href=\"https:\/\/enolife.com.ar\/es\/wp-content\/uploads\/2024\/03\/Imagen4.jpg\" data-rel=\"penci-gallery-image-content\" ><img loading=\"lazy\" decoding=\"async\" src=\"https:\/\/enolife.com.ar\/es\/wp-content\/uploads\/2024\/03\/Imagen4.jpg\" alt=\"\" class=\"wp-image-111633\" width=\"636\" height=\"382\" srcset=\"https:\/\/enolife.com.ar\/es\/wp-content\/uploads\/2024\/03\/Imagen4.jpg 935w, https:\/\/enolife.com.ar\/es\/wp-content\/uploads\/2024\/03\/Imagen4-300x180.jpg 300w, https:\/\/enolife.com.ar\/es\/wp-content\/uploads\/2024\/03\/Imagen4-768x461.jpg 768w, https:\/\/enolife.com.ar\/es\/wp-content\/uploads\/2024\/03\/Imagen4-585x351.jpg 585w\" sizes=\"auto, (max-width: 636px) 100vw, 636px\" \/><\/a><figcaption class=\"wp-element-caption\"><em><strong>Alfredo Cornejo: \u00abLa industria vitivin\u00edcola debe salir a conquistar nuevos mercados\u00bb<\/strong><\/em><\/figcaption><\/figure><\/div>\n\n\n<div style=\"height:30px\" aria-hidden=\"true\" class=\"wp-block-spacer\"><\/div>\n\n\n\n<p>Cornejo expres\u00f3: <em>\u00abLa industria vitivin\u00edcola no puede quedarse llorando porque se cae el consumo en el mundo&#8230; Al contrario, debe salir a conquistar los nuevos mercados, enfrentar los problemas que trae el cambio clim\u00e1tico, la sequ\u00eda, la ca\u00edda del consumo&#8230; Tenemos todo para superar esas dificultades estructurales, y la pol\u00edtica p\u00fablica tiene gran responsabilidad para sortear esas dificultades. Es imprescindible que la Naci\u00f3n firme acuerdos de libre comercio, es imprescindible que ordenemos la macroeconom\u00eda&#8230; Es un desaf\u00edo enorme, y esperamos que el presidente Milei de vuelta la historia de decadencia en la que estuvimos en las \u00faltimas d\u00e9cadas, tenemos esa esperanza, no somos de su mismo signo pol\u00edtico, pero hay que apoyar reformas estructurales que den vuelta las p\u00e1ginas de la decadencia de este pa\u00eds. La vitivinicultura necesita estabilidad de la macroeconom\u00eda, no basta con el objetivo del d\u00e9ficit cero\u00bb. <\/em><\/p>\n\n\n\n<div style=\"height:35px\" aria-hidden=\"true\" class=\"wp-block-spacer\"><\/div>\n\n\n\n<p class=\"has-medium-font-size\"><strong>Video completo del Desayuno de la Coviar (ver a partir del minuto 24)<\/strong><\/p>\n\n\n\n<div style=\"height:20px\" aria-hidden=\"true\" class=\"wp-block-spacer\"><\/div>\n\n\n\n<figure class=\"wp-block-embed aligncenter is-type-video is-provider-youtube wp-block-embed-youtube wp-embed-aspect-16-9 wp-has-aspect-ratio\"><div class=\"wp-block-embed__wrapper\">\n<iframe loading=\"lazy\" title=\"Desayuno COVIAR 2024\" width=\"1170\" height=\"658\" src=\"https:\/\/www.youtube.com\/embed\/AeIBSFGTCd8?feature=oembed\" frameborder=\"0\" allow=\"accelerometer; autoplay; clipboard-write; encrypted-media; gyroscope; picture-in-picture; web-share\" allowfullscreen><\/iframe>\n<\/div><\/figure>\n\n\n\n<div style=\"height:20px\" aria-hidden=\"true\" class=\"wp-block-spacer\"><\/div>\n\n\n\n\n\n<div style=\"height:35px\" aria-hidden=\"true\" class=\"wp-block-spacer\"><\/div>\n","protected":false},"excerpt":{"rendered":"<p>El presidente de la Corporaci\u00f3n Vitivin\u00edcola Argentina (Coviar), Mario Gonz\u00e1lez, durante el esperado discurso anual&hellip;<\/p>\n","protected":false},"author":3,"featured_media":111642,"comment_status":"open","ping_status":"open","sticky":false,"template":"","format":"standard","meta":{"footnotes":""},"categories":[14],"tags":[],"class_list":["post-111622","post","type-post","status-publish","format-standard","has-post-thumbnail","hentry","category-news"],"_links":{"self":[{"href":"https:\/\/enolife.com.ar\/es\/wp-json\/wp\/v2\/posts\/111622","targetHints":{"allow":["GET"]}}],"collection":[{"href":"https:\/\/enolife.com.ar\/es\/wp-json\/wp\/v2\/posts"}],"about":[{"href":"https:\/\/enolife.com.ar\/es\/wp-json\/wp\/v2\/types\/post"}],"author":[{"embeddable":true,"href":"https:\/\/enolife.com.ar\/es\/wp-json\/wp\/v2\/users\/3"}],"replies":[{"embeddable":true,"href":"https:\/\/enolife.com.ar\/es\/wp-json\/wp\/v2\/comments?post=111622"}],"version-history":[{"count":0,"href":"https:\/\/enolife.com.ar\/es\/wp-json\/wp\/v2\/posts\/111622\/revisions"}],"wp:featuredmedia":[{"embeddable":true,"href":"https:\/\/enolife.com.ar\/es\/wp-json\/wp\/v2\/media\/111642"}],"wp:attachment":[{"href":"https:\/\/enolife.com.ar\/es\/wp-json\/wp\/v2\/media?parent=111622"}],"wp:term":[{"taxonomy":"category","embeddable":true,"href":"https:\/\/enolife.com.ar\/es\/wp-json\/wp\/v2\/categories?post=111622"},{"taxonomy":"post_tag","embeddable":true,"href":"https:\/\/enolife.com.ar\/es\/wp-json\/wp\/v2\/tags?post=111622"}],"curies":[{"name":"wp","href":"https:\/\/api.w.org\/{rel}","templated":true}]}}