{"id":111602,"date":"2024-03-01T20:13:18","date_gmt":"2024-03-01T20:13:18","guid":{"rendered":"https:\/\/enolife.com.ar\/es\/?p=111602"},"modified":"2024-03-02T17:19:37","modified_gmt":"2024-03-02T17:19:37","slug":"desayuno-de-coviar-la-vitivinicultura-hace-su-balance-reafirma-sus-metas-y-proyecta-su-futuro","status":"publish","type":"post","link":"https:\/\/enolife.com.ar\/es\/desayuno-de-coviar-la-vitivinicultura-hace-su-balance-reafirma-sus-metas-y-proyecta-su-futuro\/","title":{"rendered":"Desayuno de Coviar: la vitivinicultura hace su balance, reafirma sus metas y proyecta su futuro"},"content":{"rendered":"\n<h4 class=\"wp-block-heading\"><em><strong>Con la cosecha de uva ya avanzada, y en el centro de los festejos vendimiales en Mendoza, se realiza ma\u00f1ana 2\/3\/24 una edici\u00f3n del cl\u00e1sico Desayuno de la Corporaci\u00f3n Vitivin\u00edcola Argentina (Coviar), este a\u00f1o enfocado en la&nbsp;Visi\u00f3n Estrat\u00e9gica de la Vitivinicultura Argentina. Se trata del encuentro institucional de mayor relevancia para la vitivinicultura argentina, una actividad presente en 18 provincias del pa\u00eds. La cita es desde las&nbsp;10 hs&nbsp;en el hotel Park Hyatt de Mendoza, en el marco del calendario de la&nbsp;Fiesta Nacional de la&nbsp;Vendimia 2024.<\/strong><\/em><\/h4>\n\n\n\n<div style=\"height:35px\" aria-hidden=\"true\" class=\"wp-block-spacer\"><\/div>\n\n\n\n\n\n<div style=\"height:45px\" aria-hidden=\"true\" class=\"wp-block-spacer\"><\/div>\n\n\n\n<p>Como cada a\u00f1o, se espera una fuerte convocatoria y la asistencia de invitados de todo el pa\u00eds, entre ellos funcionarios del gobierno nacional, gobernadores, empresarios de las provincias vitivin\u00edcolas, productores, bodegueros y actores claves para todo el sector. Entre los confirmados del gobierno nacional se encuentran la vicepresidenta <strong>Victoria Villarruel<\/strong>; el ministro del Interior, <strong>Guillermo Francos<\/strong>; y el secretario de Agricultura, Ganader\u00eda y Pesca, <strong>Fernando Vilella<\/strong>, adem\u00e1s de legisladores nacionales y dirigentes de organizaciones del vino.<\/p>\n\n\n\n<div style=\"height:14px\" aria-hidden=\"true\" class=\"wp-block-spacer\"><\/div>\n\n\n\n<h3 class=\"wp-block-heading has-vivid-red-color has-text-color\">El encuentro, que podr\u00e1 seguirse en vivo a trav\u00e9s del&nbsp;<a href=\"https:\/\/www.youtube.com\/c\/CoviarVideos\">canal de YouTube de COVIAR<\/a>&nbsp; y de las redes sociales con la etiqueta&nbsp;#DesayunoCOVIAR,&nbsp;cada a\u00f1o congrega a m\u00e1s de 1.000 asistentes. Y tendr\u00e1 como anfitri\u00f3n al gobernador de Mendoza, Alfredo Cornejo, y al presidente de Coviar, Mario Gonz\u00e1lez.<\/h3>\n\n\n\n<div style=\"height:18px\" aria-hidden=\"true\" class=\"wp-block-spacer\"><\/div>\n\n\n\n<p>La <strong>Corporaci\u00f3n Vitivin\u00edcola Argentina (Coviar)<\/strong> es un organismo p\u00fablico-privado que gestiona y articula las acciones necesarias para cumplir con los objetivos del <strong>Plan Estrat\u00e9gico Argentina Vitivin\u00edcola 2030<\/strong> (PEVI),&nbsp;asumiendo el desaf\u00edo de transformar el sector vitivin\u00edcola y potenciar su desarrollo. La integran 13 c\u00e1maras empresarias y productivas de todo el pa\u00eds, el INTA e INV en representaci\u00f3n del Gobierno Nacional y los gobiernos de las provincias vitivin\u00edcolas.<\/p>\n\n\n\n<p>Adem\u00e1s de presentar el balance 2023 vinculado a la gesti\u00f3n de Coviar y los objetivos del Plan Estrat\u00e9gico Vitivin\u00edcola (PEVI) en su actualizaci\u00f3n al 2030, esta nueva edici\u00f3n del #DesayunoCOVIAR ser\u00e1 la oportunidad para formalizar una serie de convenios y acciones de gran alcance e impacto para la vitivinicultura argentina, que se desarrollar\u00e1n durante todo el 2024.<\/p>\n\n\n\n<div style=\"height:20px\" aria-hidden=\"true\" class=\"wp-block-spacer\"><\/div>\n\n\n\n<p class=\"has-background\" style=\"background-color:#abb7c27a\">La vitivinicultura argentina como econom\u00eda regional tiene al a\u00f1o 2023 un total de <strong>204.848 hect\u00e1reas cultivadas con vid distribuidas en 23.046 vi\u00f1edos<\/strong> y que est\u00e1n en manos de <strong>17.000 productores.<\/strong> Y como econom\u00eda regional pujante e integrada al mundo genera <strong>113.070 puestos de trabajo directo,<\/strong> seg\u00fan datos del O<strong>bservatorio Vitivin\u00edcola Argentino.<\/strong><\/p>\n\n\n\n<div style=\"height:20px\" aria-hidden=\"true\" class=\"wp-block-spacer\"><\/div>\n\n\n\n<p>Argentina es un actor central de vitivinicultura mundial. Es el pa\u00eds el&nbsp;<strong>7\u00ba mayor productor mundial de vinos; el 10\u00ba mayor consumidor de vinos, el 11\u00ba mayor exportador mundial de vinos en volumen y el 2\u00ba mayor exportador de jugo concentrado de uva del mundo.<\/strong>&nbsp;El vino es parte de la cultura y de la mesa de los argentinos y contribuye a construir identidad y marca pa\u00eds en todo el mundo.<\/p>\n\n\n\n<p>El <strong>Desayuno de Coviar &#8211;&nbsp;Visi\u00f3n Estrat\u00e9gica de la Vitivinicultura Argentina<\/strong>, es un acto de trascendencia nacional. Es la oportunidad en donde todos los actores del sector p\u00fablico y privado, representados y reunidos en una misma mesa de di\u00e1logo y articulaci\u00f3n, rinden cuentas de lo hecho durante el pasado a\u00f1o y reciben la llegada de una nueva Vendimia con el objetivo de definir proyectos, ajustar estrat\u00e9gicas y marcar l\u00edneas de acci\u00f3n que se desarrollar\u00e1n durante este a\u00f1o.<\/p>\n\n\n\n<div style=\"height:28px\" aria-hidden=\"true\" class=\"wp-block-spacer\"><\/div>\n","protected":false},"excerpt":{"rendered":"<p>Con la cosecha de uva ya avanzada, y en el centro de los festejos vendimiales&hellip;<\/p>\n","protected":false},"author":3,"featured_media":111613,"comment_status":"open","ping_status":"open","sticky":false,"template":"","format":"standard","meta":{"footnotes":""},"categories":[14],"tags":[],"class_list":["post-111602","post","type-post","status-publish","format-standard","has-post-thumbnail","hentry","category-news"],"_links":{"self":[{"href":"https:\/\/enolife.com.ar\/es\/wp-json\/wp\/v2\/posts\/111602","targetHints":{"allow":["GET"]}}],"collection":[{"href":"https:\/\/enolife.com.ar\/es\/wp-json\/wp\/v2\/posts"}],"about":[{"href":"https:\/\/enolife.com.ar\/es\/wp-json\/wp\/v2\/types\/post"}],"author":[{"embeddable":true,"href":"https:\/\/enolife.com.ar\/es\/wp-json\/wp\/v2\/users\/3"}],"replies":[{"embeddable":true,"href":"https:\/\/enolife.com.ar\/es\/wp-json\/wp\/v2\/comments?post=111602"}],"version-history":[{"count":0,"href":"https:\/\/enolife.com.ar\/es\/wp-json\/wp\/v2\/posts\/111602\/revisions"}],"wp:featuredmedia":[{"embeddable":true,"href":"https:\/\/enolife.com.ar\/es\/wp-json\/wp\/v2\/media\/111613"}],"wp:attachment":[{"href":"https:\/\/enolife.com.ar\/es\/wp-json\/wp\/v2\/media?parent=111602"}],"wp:term":[{"taxonomy":"category","embeddable":true,"href":"https:\/\/enolife.com.ar\/es\/wp-json\/wp\/v2\/categories?post=111602"},{"taxonomy":"post_tag","embeddable":true,"href":"https:\/\/enolife.com.ar\/es\/wp-json\/wp\/v2\/tags?post=111602"}],"curies":[{"name":"wp","href":"https:\/\/api.w.org\/{rel}","templated":true}]}}