{"id":111387,"date":"2024-03-01T00:17:47","date_gmt":"2024-03-01T00:17:47","guid":{"rendered":"https:\/\/enolife.com.ar\/es\/?p=111387"},"modified":"2024-03-04T10:46:37","modified_gmt":"2024-03-04T10:46:37","slug":"mendoza-en-vendimia-un-iman-para-visitantes-con-900-bodegas-enoturismo-y-la-fiesta-maxima","status":"publish","type":"post","link":"https:\/\/enolife.com.ar\/es\/mendoza-en-vendimia-un-iman-para-visitantes-con-900-bodegas-enoturismo-y-la-fiesta-maxima\/","title":{"rendered":"Mendoza en Vendimia: un im\u00e1n para visitantes, con 900 bodegas, enoturismo y la Fiesta m\u00e1xima"},"content":{"rendered":"\n<h4 class=\"wp-block-heading\"><em><strong>Este informe especial previo a los tres principales eventos de la Fiesta de la Vendimia -V\u00eda Blanca, Carrusel y Acto central en el anfiteatro- re\u00fane los rasgos principales que identifican al turismo en Mendoza. Entre ellos, se destaca que las 209 bodegas -de un total existente en la provincia- abiertas al visitante se convierten en la red de enoturismo m\u00e1s grande de Am\u00e9rica Latina. <\/strong><\/em><\/h4>\n\n\n\n<div style=\"height:35px\" aria-hidden=\"true\" class=\"wp-block-spacer\"><\/div>\n\n\n<a href=\"https:\/\/jmzeballos.com\/\" aria-label=\"PUBLICIDAD ENOLIFE 2023_\u00c1NFORAS 1700 x 500\"><img loading=\"lazy\" decoding=\"async\" src=\"https:\/\/enolife.com.ar\/es\/wp-content\/uploads\/2020\/12\/PUBLICIDAD-ENOLIFE-2023_ANFORAS-1700-x-500.jpg\" alt=\"\"  srcset=\"https:\/\/enolife.com.ar\/es\/wp-content\/uploads\/2020\/12\/PUBLICIDAD-ENOLIFE-2023_ANFORAS-1700-x-500.jpg 1700w, https:\/\/enolife.com.ar\/es\/wp-content\/uploads\/2020\/12\/PUBLICIDAD-ENOLIFE-2023_ANFORAS-1700-x-500-300x88.jpg 300w, https:\/\/enolife.com.ar\/es\/wp-content\/uploads\/2020\/12\/PUBLICIDAD-ENOLIFE-2023_ANFORAS-1700-x-500-1024x301.jpg 1024w, https:\/\/enolife.com.ar\/es\/wp-content\/uploads\/2020\/12\/PUBLICIDAD-ENOLIFE-2023_ANFORAS-1700-x-500-768x226.jpg 768w, https:\/\/enolife.com.ar\/es\/wp-content\/uploads\/2020\/12\/PUBLICIDAD-ENOLIFE-2023_ANFORAS-1700-x-500-1536x452.jpg 1536w, https:\/\/enolife.com.ar\/es\/wp-content\/uploads\/2020\/12\/PUBLICIDAD-ENOLIFE-2023_ANFORAS-1700-x-500-1170x344.jpg 1170w, https:\/\/enolife.com.ar\/es\/wp-content\/uploads\/2020\/12\/PUBLICIDAD-ENOLIFE-2023_ANFORAS-1700-x-500-585x172.jpg 585w\" sizes=\"auto, (max-width: 1700px) 100vw, 1700px\" width=\"1700\" height=\"500\"   \/><\/a>\n\n\n<div style=\"height:45px\" aria-hidden=\"true\" class=\"wp-block-spacer\"><\/div>\n\n\n\n<p>Con <strong>900 bodegas y 209 de ellas abiertas<\/strong> al turismo local e internacional, la provincia de <strong>Mendoza <\/strong>conforma la red de enoturismo m\u00e1s grande de Latinoam\u00e9rica. Produce 70% de los vinos de <strong>Argentina<\/strong> y concentra 91% de las exportaciones.<\/p>\n\n\n\n<div style=\"height:30px\" aria-hidden=\"true\" class=\"wp-block-spacer\"><\/div>\n\n\n<div class=\"wp-block-image\">\n<figure class=\"aligncenter size-full is-resized\"><a href=\"https:\/\/enolife.com.ar\/es\/wp-content\/uploads\/2024\/02\/Imagen2-12.jpg\" data-rel=\"penci-gallery-image-content\" ><img loading=\"lazy\" decoding=\"async\" src=\"https:\/\/enolife.com.ar\/es\/wp-content\/uploads\/2024\/02\/Imagen2-12.jpg\" alt=\"\" class=\"wp-image-111390\" width=\"462\" height=\"402\" srcset=\"https:\/\/enolife.com.ar\/es\/wp-content\/uploads\/2024\/02\/Imagen2-12.jpg 569w, https:\/\/enolife.com.ar\/es\/wp-content\/uploads\/2024\/02\/Imagen2-12-300x261.jpg 300w\" sizes=\"auto, (max-width: 462px) 100vw, 462px\" \/><\/a><\/figure><\/div>\n\n\n<div style=\"height:30px\" aria-hidden=\"true\" class=\"wp-block-spacer\"><\/div>\n\n\n\n<p>Mendoza es hoy <strong>Capital Mundial del Vino<\/strong>. Integra la red mundial&nbsp;<strong>Great Wine Capitals<\/strong>, es <strong>Capital Iberoamericana de la Armon\u00eda Gastron\u00f3mica Protagonista del Vino<\/strong>, designaci\u00f3n otorgada por unanimidad por la <strong>Academia Iberoamericana de Gastronom\u00eda.<\/strong><\/p>\n\n\n\n<div style=\"height:25px\" aria-hidden=\"true\" class=\"wp-block-spacer\"><\/div>\n\n\n\n<blockquote class=\"wp-block-quote is-layout-flow wp-block-quote-is-layout-flow\">\n<p>La Vendimia es la proyecci\u00f3n del mundo rural hacia el resto del pa\u00eds y el exterior. El enoturismo y la gastronom\u00eda no paran de crecer y perfeccionarse y se transforman cada d\u00eda en una ventana donde turistas de los cinco continentes se acercan para disfrutar la creciente y mejorada oferta.\u00bb<\/p>\n<cite>Alfredo Cornejo, gobernador de Mendoza<\/cite><\/blockquote>\n\n\n\n<div style=\"height:25px\" aria-hidden=\"true\" class=\"wp-block-spacer\"><\/div>\n\n\n\n<p>Tambi\u00e9n la provincia celebra sus <strong>7 estrellas Michelin.<\/strong> De los 57 restaurantes seleccionados por Michelin, 15 est\u00e1n en Mendoza. Recordemos que son 4.800 espacios gastron\u00f3micos de diferentes categor\u00edas y caracter\u00edsticas, entre ellos, restaurantes en bodegas.<\/p>\n\n\n\n<div style=\"height:30px\" aria-hidden=\"true\" class=\"wp-block-spacer\"><\/div>\n\n\n<div class=\"wp-block-image\">\n<figure class=\"aligncenter size-full is-resized\"><a href=\"https:\/\/enolife.com.ar\/es\/wp-content\/uploads\/2024\/02\/michelin.jpg\" data-rel=\"penci-gallery-image-content\" ><img loading=\"lazy\" decoding=\"async\" src=\"https:\/\/enolife.com.ar\/es\/wp-content\/uploads\/2024\/02\/michelin.jpg\" alt=\"\" class=\"wp-image-111516\" width=\"578\" height=\"325\" srcset=\"https:\/\/enolife.com.ar\/es\/wp-content\/uploads\/2024\/02\/michelin.jpg 960w, https:\/\/enolife.com.ar\/es\/wp-content\/uploads\/2024\/02\/michelin-300x169.jpg 300w, https:\/\/enolife.com.ar\/es\/wp-content\/uploads\/2024\/02\/michelin-768x432.jpg 768w, https:\/\/enolife.com.ar\/es\/wp-content\/uploads\/2024\/02\/michelin-585x329.jpg 585w\" sizes=\"auto, (max-width: 578px) 100vw, 578px\" \/><\/a><figcaption class=\"wp-element-caption\"><em><strong>Ceremonia de entrega de Estrellas Michelin<\/strong><\/em><\/figcaption><\/figure><\/div>\n\n\n<div style=\"height:30px\" aria-hidden=\"true\" class=\"wp-block-spacer\"><\/div>\n\n\n\n<p>Adem\u00e1s, hay <strong>13 \u00e1reas naturales protegidas (ANP)<\/strong> abiertas al turismo. Las ANP cubren 13% de la superficie del territorio. En las dos temporadas anteriores fueron visitadas por 257.000 personas.<\/p>\n\n\n\n<p>Otro rasgo distintivo es que se ubica entre las 10 mejores ciudades de Latinoam\u00e9rica. Mendoza y Buenos Aires recibieron la distinci\u00f3n de \u201cCiudades Favoritas de Am\u00e9rica Central y del Sur\u201d, en los World\u2019s Best Awards, de Travel + Leisure (T+L).<\/p>\n\n\n\n<p>El Aeropuerto es el tercero del pa\u00eds por la cantidad de viajeros internacionales. Se ubica luego de Ezeiza y Aeroparque, con 193 vuelos semanales en promedio: 151 de cabotaje y 42 son internacionales. Arriban a Mendoza en avi\u00f3n 1,2 millones de personas al a\u00f1o y, en 2023, Mendoza fue visitada por 3,8 millones de viajeros.<\/p>\n\n\n\n<p>En cuanto al turismo hist\u00f3rico, hay rutas y sitios sanmartinianos en distintos puntos del territorio provincial, m\u00e1s el cruce de los Andes, que rememora la Gesta Sanmartiniana.<\/p>\n\n\n\n<p>Por otra parte y declarado patrimonio de Unesco, el camino ancestral <strong>Qhapaq \u00d1an<\/strong> es el sistema vial andino consolidado por los incas en el siglo XV. Atraviesa seis pa\u00edses: Argentina, Bolivia, Chile, Colombia, Ecuador y Per\u00fa.<\/p>\n\n\n\n<div style=\"height:30px\" aria-hidden=\"true\" class=\"wp-block-spacer\"><\/div>\n\n\n\n<figure class=\"wp-block-gallery has-nested-images columns-default is-cropped wp-block-gallery-1 is-layout-flex wp-block-gallery-is-layout-flex\">\n<figure class=\"wp-block-image size-full\"><a href=\"https:\/\/enolife.com.ar\/es\/wp-content\/uploads\/2024\/03\/aabbe1_745e4216450f4accbcd05e493966f481mv2.jpeg\" data-rel=\"penci-gallery-image-content\" ><img loading=\"lazy\" decoding=\"async\" width=\"461\" height=\"590\" data-id=\"111520\" src=\"https:\/\/enolife.com.ar\/es\/wp-content\/uploads\/2024\/03\/aabbe1_745e4216450f4accbcd05e493966f481mv2.jpeg\" alt=\"\" class=\"wp-image-111520\" srcset=\"https:\/\/enolife.com.ar\/es\/wp-content\/uploads\/2024\/03\/aabbe1_745e4216450f4accbcd05e493966f481mv2.jpeg 461w, https:\/\/enolife.com.ar\/es\/wp-content\/uploads\/2024\/03\/aabbe1_745e4216450f4accbcd05e493966f481mv2-234x300.jpeg 234w\" sizes=\"auto, (max-width: 461px) 100vw, 461px\" \/><\/a><\/figure>\n\n\n\n<figure class=\"wp-block-image size-full\"><a href=\"https:\/\/enolife.com.ar\/es\/wp-content\/uploads\/2024\/03\/230727184748_19448.jpg\" data-rel=\"penci-gallery-image-content\" ><img loading=\"lazy\" decoding=\"async\" width=\"381\" height=\"573\" data-id=\"111519\" src=\"https:\/\/enolife.com.ar\/es\/wp-content\/uploads\/2024\/03\/230727184748_19448.jpg\" alt=\"\" class=\"wp-image-111519\" srcset=\"https:\/\/enolife.com.ar\/es\/wp-content\/uploads\/2024\/03\/230727184748_19448.jpg 381w, https:\/\/enolife.com.ar\/es\/wp-content\/uploads\/2024\/03\/230727184748_19448-199x300.jpg 199w\" sizes=\"auto, (max-width: 381px) 100vw, 381px\" \/><\/a><\/figure>\n<\/figure>\n\n\n\n<div style=\"height:35px\" aria-hidden=\"true\" class=\"wp-block-spacer\"><\/div>\n\n\n\n<p class=\"has-medium-font-size\"><strong>Actos vendimiales<\/strong><\/p>\n\n\n\n<p>La <strong>Vendimia<\/strong> es la celebraci\u00f3n del ciclo vital de la naturaleza. Es el pulso que se traduce en vino nuevo, el que marca el trabajo colectivo de los mendocinos. Es tambi\u00e9n el rasgo que orgullosamente resalta nuestra identidad como pueblo.<\/p>\n\n\n\n<p>En los primeros meses de cada a\u00f1o, la provincia se llena de festivales en cada rinc\u00f3n de su territorio. Cientos de fiestas vendimiales comienzan en cada barrio, en cada distrito. All\u00ed se elige a las primeras reinas, que luego llegar\u00e1n a la fiesta departamental. De esta manera, los 18 departamentos llevan adelante durante tres meses sus festividades, con numerosas y diversas actividades de acceso libre, gratuito y participativo.<\/p>\n\n\n\n<p><strong>\u201cCoronados de historia y futuro<\/strong>\u201d es el espect\u00e1culo de la edici\u00f3n 2024 de la Fiesta Nacional de la Vendimia, que \u201csubir\u00e1 a escena\u201d tres noches consecutivas: s\u00e1bado 2, domingo 3 y lunes 4 de marzo.<\/p>\n\n\n\n<div style=\"height:35px\" aria-hidden=\"true\" class=\"wp-block-spacer\"><\/div>\n\n\n\n<p class=\"has-medium-font-size\"><strong>La V\u00eda Blanca<\/strong><\/p>\n\n\n\n<p>El viernes 1 de marzo, a las 21, las calles del microcentro mendocino se convertir\u00e1n en el gran escenario de un desfile nocturno con carros aleg\u00f3ricos. Trasladan a las 18 reinas y representantes departamentales, junto a sus cortes y soberanas invitadas de todo el pa\u00eds.<\/p>\n\n\n\n<p>Partir\u00e1 desde Jos\u00e9 Vicente Zapata y avenida San Mart\u00edn, continuar\u00e1 por esta avenida principal hasta avenida Las Heras. Desde all\u00ed se dirigir\u00e1 hasta Chile, para orientarse hacia Sarmiento. Desde Sarmiento se desplazar\u00e1 hasta Belgrano, donde ser\u00e1 la desconcentraci\u00f3n.<\/p>\n\n\n\n<p>La V\u00eda Blanca de las Reinas fue el fruto de una noche lluviosa. El antecedente se remonta al 25 de marzo de 1939, con el Corso de Fantas\u00eda que recorri\u00f3 la avenida San Mart\u00edn. Una fuerte tormenta impidi\u00f3 la realizaci\u00f3n del espect\u00e1culo central y la elecci\u00f3n de la reina se hizo en el Sal\u00f3n de los Espejos del entonces Plaza Hotel. Este evento clim\u00e1tico determin\u00f3 que el lunes posterior a la elecci\u00f3n se organizara la primera V\u00eda Blanca, que luego se incorpor\u00f3 definitivamente a los actos centrales en la noche previa a la elecci\u00f3n de la reina.<\/p>\n\n\n\n<div style=\"height:30px\" aria-hidden=\"true\" class=\"wp-block-spacer\"><\/div>\n\n\n<div class=\"wp-block-image\">\n<figure class=\"aligncenter size-full is-resized\"><a href=\"https:\/\/enolife.com.ar\/es\/wp-content\/uploads\/2024\/03\/640279c7b9412.jpg\" data-rel=\"penci-gallery-image-content\" ><img loading=\"lazy\" decoding=\"async\" src=\"https:\/\/enolife.com.ar\/es\/wp-content\/uploads\/2024\/03\/640279c7b9412.jpg\" alt=\"\" class=\"wp-image-111522\" width=\"635\" height=\"414\" srcset=\"https:\/\/enolife.com.ar\/es\/wp-content\/uploads\/2024\/03\/640279c7b9412.jpg 767w, https:\/\/enolife.com.ar\/es\/wp-content\/uploads\/2024\/03\/640279c7b9412-300x196.jpg 300w, https:\/\/enolife.com.ar\/es\/wp-content\/uploads\/2024\/03\/640279c7b9412-585x381.jpg 585w\" sizes=\"auto, (max-width: 635px) 100vw, 635px\" \/><\/a><figcaption class=\"wp-element-caption\"><em><strong>V\u00eda Blanca<\/strong><\/em><\/figcaption><\/figure><\/div>\n\n\n<div style=\"height:35px\" aria-hidden=\"true\" class=\"wp-block-spacer\"><\/div>\n\n\n\n<p class=\"has-medium-font-size\"><strong>El Carrusel<\/strong><\/p>\n\n\n\n<p>El s\u00e1bado 2 de marzo, desde las 10, el microcentro mendocino se vestir\u00e1 de m\u00fasica y colores, con un desfile popular. Adem\u00e1s de las candidatas vendimiales, participan centros tradicionalistas, colectividades, reinas invitadas de diversos puntos del pa\u00eds, caporales, murgas y diversas instituciones.<\/p>\n\n\n\n<p>El recorrido comienza en Boulogne Sur Mer y Emilio Civit, partiendo desde los Portones del Parque General San Mart\u00edn para desplazarse hasta Sarmiento, girando luego en direcci\u00f3n a calle Chile hasta Las Heras, por donde toma rumbo a avenida San Mart\u00edn. Desde all\u00ed, contin\u00faa hasta Col\u00f3n, para desconcentrar en calle Belgrano.<\/p>\n\n\n\n<p>Surgi\u00f3 en 1937, un a\u00f1o despu\u00e9s de la primera Fiesta de la Vendimia. Ese a\u00f1o se incorporaron los carros aleg\u00f3ricos, conformando el germen de lo que hoy conocemos como Carrusel. El desfile se realizaba dentro del Parque General San Mart\u00edn y reci\u00e9n en 1939 el desfile sale del parque para ganar las calles c\u00e9ntricas de la ciudad.<\/p>\n\n\n\n<div style=\"height:30px\" aria-hidden=\"true\" class=\"wp-block-spacer\"><\/div>\n\n\n<div class=\"wp-block-image\">\n<figure class=\"aligncenter size-full is-resized\"><a href=\"https:\/\/enolife.com.ar\/es\/wp-content\/uploads\/2024\/03\/via-blanca-reinas-vendimia-5.jpg\" data-rel=\"penci-gallery-image-content\" ><img loading=\"lazy\" decoding=\"async\" src=\"https:\/\/enolife.com.ar\/es\/wp-content\/uploads\/2024\/03\/via-blanca-reinas-vendimia-5.jpg\" alt=\"\" class=\"wp-image-111524\" width=\"638\" height=\"391\" srcset=\"https:\/\/enolife.com.ar\/es\/wp-content\/uploads\/2024\/03\/via-blanca-reinas-vendimia-5.jpg 816w, https:\/\/enolife.com.ar\/es\/wp-content\/uploads\/2024\/03\/via-blanca-reinas-vendimia-5-300x184.jpg 300w, https:\/\/enolife.com.ar\/es\/wp-content\/uploads\/2024\/03\/via-blanca-reinas-vendimia-5-768x471.jpg 768w, https:\/\/enolife.com.ar\/es\/wp-content\/uploads\/2024\/03\/via-blanca-reinas-vendimia-5-585x358.jpg 585w\" sizes=\"auto, (max-width: 638px) 100vw, 638px\" \/><\/a><figcaption class=\"wp-element-caption\"><em><strong>El Carrusel<\/strong><\/em><\/figcaption><\/figure><\/div>\n\n\n<div style=\"height:35px\" aria-hidden=\"true\" class=\"wp-block-spacer\"><\/div>\n\n\n\n<p class=\"has-medium-font-size\"><strong>Acto central de la Fiesta de la Vendimia<\/strong><\/p>\n\n\n\n<p>Durante tres noches, el Teatro Griego Frank Romero Day es el escenario mayor de Mendoza y la casa de la Fiesta Nacional de la Vendimia. All\u00ed, desde las 22, el espect\u00e1culo \u201cCoronados de historia y futuro\u201d tendr\u00e1 su estreno el s\u00e1bado 2 de marzo, noche en la que tambi\u00e9n se llevar\u00e1n a cabo la elecci\u00f3n y la coronaci\u00f3n de la soberana nacional 2024.<\/p>\n\n\n\n<p>En la previa actuar\u00e1n la cantora juninense <strong>Gabriela Fern\u00e1ndez<\/strong> y la banda <strong>La Rienda Folklore<\/strong>. Tambi\u00e9n subir\u00e1 al escenario <strong>Marcos V\u00e1zquez<\/strong>, un bailar\u00edn, orgullo mendocino, recientemente seleccionado como Campe\u00f3n Argentino de Malambo en el Festival Nacional de Malambo Laborde 2024.<\/p>\n\n\n\n<p>La Segunda y Tercera Noche se desarrollar\u00e1n el 3 y 4 de marzo respectivamente, con un cierre musical de lujo a cargo de reconocidos artistas argentinos.<\/p>\n\n\n\n<div style=\"height:30px\" aria-hidden=\"true\" class=\"wp-block-spacer\"><\/div>\n\n\n<div class=\"wp-block-image\">\n<figure class=\"aligncenter size-full is-resized\"><a href=\"https:\/\/enolife.com.ar\/es\/wp-content\/uploads\/2024\/03\/image-2.png\" data-rel=\"penci-gallery-image-content\" ><img loading=\"lazy\" decoding=\"async\" src=\"https:\/\/enolife.com.ar\/es\/wp-content\/uploads\/2024\/03\/image-2.png\" alt=\"\" class=\"wp-image-111527\" width=\"677\" height=\"381\" srcset=\"https:\/\/enolife.com.ar\/es\/wp-content\/uploads\/2024\/03\/image-2.png 905w, https:\/\/enolife.com.ar\/es\/wp-content\/uploads\/2024\/03\/image-2-300x169.png 300w, https:\/\/enolife.com.ar\/es\/wp-content\/uploads\/2024\/03\/image-2-768x433.png 768w, https:\/\/enolife.com.ar\/es\/wp-content\/uploads\/2024\/03\/image-2-585x330.png 585w\" sizes=\"auto, (max-width: 677px) 100vw, 677px\" \/><\/a><figcaption class=\"wp-element-caption\"><em><strong>Acto Central<\/strong><\/em><\/figcaption><\/figure><\/div>\n\n\n<div style=\"height:30px\" aria-hidden=\"true\" class=\"wp-block-spacer\"><\/div>\n\n\n\n<p>El <strong>\u00c1lamo <\/strong>y <strong>Alejo y Valent\u00edn<\/strong> ser\u00e1n los encargados de abrir musicalmente el domingo 3 de marzo. El \u00c1lamo es una banda de rock oriunda de Luj\u00e1n de Cuyo y est\u00e1 integrada por Coco Cabrini (guitarra y voz), Dr. Gato Fern\u00e1ndez (bajo y coros), Lofa P\u00e9rez (teclados), Emi Hern\u00e1ndez (guitarra l\u00edder) y Didier Turello (bater\u00eda).<\/p>\n\n\n\n<p>Alejo y Valent\u00edn es una de las propuestas rockeras mendocinas de mayor crecimiento en los \u00faltimos tiempos. Alejo Llanes y Valent\u00edn Castro -de 22 a\u00f1os- integran su proyecto desde la ni\u00f1ez, son oriundos de Mendoza y han compartido escenario con artistas de la talla de Fito P\u00e1ez.<\/p>\n\n\n\n<p>Finalizada la segunda puesta en escena del espect\u00e1culo art\u00edstico, <strong>Ciro y Los Persas<\/strong> se apoderar\u00e1n del escenario. Andr\u00e9s Ciro Mart\u00ednez y su banda subir\u00e1n al Teatro Griego Frank Romero Day, para desplegar su extenso repertorio con el p\u00fablico. Es considerado como uno de los mejores grupos de rock de Argentina en la actualidad.<\/p>\n\n\n\n<div style=\"height:35px\" aria-hidden=\"true\" class=\"wp-block-spacer\"><\/div>\n\n\n\n<p class=\"has-medium-font-size\"><strong>Segunda repetici\u00f3n<\/strong><\/p>\n\n\n\n<p>El lunes habr\u00e1 una presencia especial sobre el escenario: <strong>Las Navarro <\/strong>presentan Cuyanas, con las voces de <strong>Mabel Quiroga, Celeste Fredes, Andrea Leguizam\u00f3n, Yolanda Navarro y Carla Navarro.<\/strong> Posteriormente ser\u00e1 el momento de <strong>Cuarto Creciente<\/strong>, un grupo mendocino de m\u00fasica folcl\u00f3rica que interpreta distintos ritmos de regiones de la Argentina. Tambi\u00e9n estar\u00e1 <strong>Federico Sosa <\/strong>quien recientemente se consagr\u00f3 ganador del Pre Cosqu\u00edn 2024 en la categor\u00eda solista de malambo. <\/p>\n\n\n\n<p>En tanto, el cierre de la tercera y \u00faltima noche, estar\u00e1 a cargo de la reconocida banda <strong>La Delio Valdez<\/strong>, una de las agrupaciones m\u00e1s populares del momento, mostrando en cada presentaci\u00f3n una Latinoam\u00e9rica en clave musical, combinando lo el\u00e9ctrico y lo ac\u00fastico. En su sonoridad variada se funden recursos de la tradici\u00f3n andina, la salsa, el rock, el jazz y el reggae para dar lugar a un estilo a la vez tradicional y moderno, con un sonido internacional y contempor\u00e1neo donde se reflejan las identidades mestizas de la regi\u00f3n.<\/p>\n\n\n\n<div style=\"height:14px\" aria-hidden=\"true\" class=\"wp-block-spacer\"><\/div>\n\n\n\n<p class=\"has-small-font-size\"><em><strong>Fuente: Subsecretar\u00eda de Comunicaci\u00f3n, Prensa y Protocolo del Gobierno de Mendoza<\/strong><\/em><\/p>\n\n\n\n<div style=\"height:30px\" aria-hidden=\"true\" class=\"wp-block-spacer\"><\/div>\n","protected":false},"excerpt":{"rendered":"<p>Este informe especial previo a los tres principales eventos de la Fiesta de la Vendimia&hellip;<\/p>\n","protected":false},"author":3,"featured_media":111529,"comment_status":"open","ping_status":"open","sticky":false,"template":"","format":"standard","meta":{"footnotes":""},"categories":[11],"tags":[],"class_list":["post-111387","post","type-post","status-publish","format-standard","has-post-thumbnail","hentry","category-enoturismo"],"_links":{"self":[{"href":"https:\/\/enolife.com.ar\/es\/wp-json\/wp\/v2\/posts\/111387","targetHints":{"allow":["GET"]}}],"collection":[{"href":"https:\/\/enolife.com.ar\/es\/wp-json\/wp\/v2\/posts"}],"about":[{"href":"https:\/\/enolife.com.ar\/es\/wp-json\/wp\/v2\/types\/post"}],"author":[{"embeddable":true,"href":"https:\/\/enolife.com.ar\/es\/wp-json\/wp\/v2\/users\/3"}],"replies":[{"embeddable":true,"href":"https:\/\/enolife.com.ar\/es\/wp-json\/wp\/v2\/comments?post=111387"}],"version-history":[{"count":0,"href":"https:\/\/enolife.com.ar\/es\/wp-json\/wp\/v2\/posts\/111387\/revisions"}],"wp:featuredmedia":[{"embeddable":true,"href":"https:\/\/enolife.com.ar\/es\/wp-json\/wp\/v2\/media\/111529"}],"wp:attachment":[{"href":"https:\/\/enolife.com.ar\/es\/wp-json\/wp\/v2\/media?parent=111387"}],"wp:term":[{"taxonomy":"category","embeddable":true,"href":"https:\/\/enolife.com.ar\/es\/wp-json\/wp\/v2\/categories?post=111387"},{"taxonomy":"post_tag","embeddable":true,"href":"https:\/\/enolife.com.ar\/es\/wp-json\/wp\/v2\/tags?post=111387"}],"curies":[{"name":"wp","href":"https:\/\/api.w.org\/{rel}","templated":true}]}}