{"id":111377,"date":"2024-02-29T15:50:07","date_gmt":"2024-02-29T15:50:07","guid":{"rendered":"https:\/\/enolife.com.ar\/es\/?p=111377"},"modified":"2024-03-01T16:11:37","modified_gmt":"2024-03-01T16:11:37","slug":"dolor-por-la-muerte-del-ex-embajador-titular-de-irrigacion-y-referente-peronista-carlos-abihaggle","status":"publish","type":"post","link":"https:\/\/enolife.com.ar\/es\/dolor-por-la-muerte-del-ex-embajador-titular-de-irrigacion-y-referente-peronista-carlos-abihaggle\/","title":{"rendered":"Dolor por la muerte del ex embajador, titular de Irrigaci\u00f3n y referente peronista Carlos Abihaggle"},"content":{"rendered":"\n<h4 class=\"wp-block-heading\"><em><strong>A los 79 a\u00f1os falleci\u00f3 en Mendoza una querida y respetada personalidad, quien desde los cargos p\u00fablicos que le toc\u00f3 desempe\u00f1ar en diversas \u00e9pocas y gobiernos -ministro de Obras P\u00fablicas, titular de Irrigaci\u00f3n, legislador, ex embajador de Argentina en Chile- siempre se mostr\u00f3 abierto a todas las ideas y colaboraciones m\u00e1s alla de su firme convicci\u00f3n justicialista. Actualmente presid\u00eda el Foro Diplom\u00e1tico local. \u00abMendoza primero\u00bb era uno de sus lemas, que ejerc\u00eda en cada congreso y estrado donde le tocara actuar. Colabor\u00f3 en diversas oportunidades con nuestro diario, opinando con sabidur\u00eda y equilibrio sobre temas vitivin\u00edcolas, h\u00eddricos y econ\u00f3micos, sus especialidades. Tambi\u00e9n era un buen ciclista, profundo polemista y fiel amigo de sus amigos, como nos gusta recordarlo.<\/strong><\/em> <\/h4>\n\n\n\n<div style=\"height:35px\" aria-hidden=\"true\" class=\"wp-block-spacer\"><\/div>\n\n\n<a href=\"https:\/\/www.irrigacion.gov.ar\/web\/\" aria-label=\"irrigaci\u00f3n-1700X500\"><img loading=\"lazy\" decoding=\"async\" src=\"https:\/\/enolife.com.ar\/es\/wp-content\/uploads\/2021\/02\/irrigacion-1700X500.gif\" alt=\"\"  width=\"1700\" height=\"500\"   \/><\/a>\n\n\n<div style=\"height:45px\" aria-hidden=\"true\" class=\"wp-block-spacer\"><\/div>\n\n\n\n<p>Edit\u00f3: <strong>Pedro Straniero<\/strong> (<em>pstraniero@enolife.com.ar<\/em>)<\/p>\n\n\n\n<div style=\"height:21px\" aria-hidden=\"true\" class=\"wp-block-spacer\"><\/div>\n\n\n\n<p>Tras una corta enfermedad que lo oblig\u00f3 a permanecer internado varios d\u00edas, falleci\u00f3 en nuestra provincia el contador <strong>Carlos Enrique Abihaggle<\/strong>. Ten\u00eda <strong>79 a\u00f1os<\/strong> y hasta hace muy poco permanec\u00eda activo en todas sus especialidades y actividades: productor vitivin\u00edcola, consultor de empresas en finanzas y recursos h\u00eddricos, docente en la Universidad Nacional de Cuyo, l\u00edder del <strong>Foro<\/strong> que re\u00fane a <strong>diplom\u00e1ticos<\/strong> destacados en Mendoza y columnista en varios de los m\u00e1s influyentes medios de comunicaci\u00f3n locales, entre ellos <strong>Enolife.<\/strong><\/p>\n\n\n\n<p>Si bien no manten\u00eda actividad ni cargos pol\u00edticos, era un referente para muchos de los actuales dirigentes peronistas de la provincia y el pa\u00eds. Seg\u00fan recuerda el diario <strong>Memo<\/strong>, \u00ab<em>Abihaggle fue perseguido y detenido por la dictadura, fue precandidato a gobernador por el Partido Justicialista y ocup\u00f3 importantes cargos en el gobierno de Carlos Menem\u00bb.<\/em><\/p>\n\n\n\n<p>Era un personaje querido de Mendoza, donde viv\u00eda feliz rodeado de su familia. Hasta hace poco sal\u00eda a andar en bicicleta con un grupo de amigos. Y nunca perd\u00eda la humildad ni el gusto por las cosas simples de la vida. Como rescata el diario <strong>MDZ<\/strong>, <em>\u00abera com\u00fan verlo, por ejmplo, en agroferias ofreciendo productos org\u00e1nicos de su propia finca\u00bb.<\/em><\/p>\n\n\n\n<p>Integr\u00f3 el llamado \u00abequipo de los mendocinos\u00bb, integrado por valorados dirigentes y funcionarios peronistas que supieron gobernar la provincia en la d\u00e9cada de 1990, junto a <strong>Jos\u00e9 Octavio Bord\u00f3n, Juan Carlos \u00abChueco\u00bb Mazz\u00f3n, Rodolfo \u00abRolo\u00bb Gabrielli, Carlos La Rosa y Arturo Lafalla<\/strong>, entre otros.<\/p>\n\n\n\n<p>El actual <strong>gobernador radical de Mendoza, Alfredo Cornejo<\/strong>, valor\u00f3 su trayectoria: <em>\u00abLamento profundamente el fallecimiento de Carlos Abihaggle, un dirigente pol\u00edtico con una gran obra como embajador en Chile, diputado nacional, titular de Irrigaci\u00f3n, entre muchos otros roles. Su legado quedar\u00e1 en la historia de Mendoza. Mis condolencias a familiares y amigos\u00bb.<\/em><\/p>\n\n\n\n<p>Su familia comunic\u00f3 que Carlos Abihaggle ser\u00e1 despedido brevemente, <strong>de 16 a 16.30 de hoy 29\/2\/24 en el Parque de Descanso de Mendoza.<\/strong> No habr\u00e1 velorio. Luego, a las 19.30, habr\u00e1 una misa en la parroquia Madre de los Migrantes, Juan Gualberto Godoy 544, Dorrego.<\/p>\n\n\n\n<div style=\"height:28px\" aria-hidden=\"true\" class=\"wp-block-spacer\"><\/div>\n","protected":false},"excerpt":{"rendered":"<p>A los 79 a\u00f1os falleci\u00f3 en Mendoza una querida y respetada personalidad, quien desde los&hellip;<\/p>\n","protected":false},"author":3,"featured_media":111383,"comment_status":"open","ping_status":"open","sticky":false,"template":"","format":"standard","meta":{"footnotes":""},"categories":[14],"tags":[],"class_list":["post-111377","post","type-post","status-publish","format-standard","has-post-thumbnail","hentry","category-news"],"_links":{"self":[{"href":"https:\/\/enolife.com.ar\/es\/wp-json\/wp\/v2\/posts\/111377","targetHints":{"allow":["GET"]}}],"collection":[{"href":"https:\/\/enolife.com.ar\/es\/wp-json\/wp\/v2\/posts"}],"about":[{"href":"https:\/\/enolife.com.ar\/es\/wp-json\/wp\/v2\/types\/post"}],"author":[{"embeddable":true,"href":"https:\/\/enolife.com.ar\/es\/wp-json\/wp\/v2\/users\/3"}],"replies":[{"embeddable":true,"href":"https:\/\/enolife.com.ar\/es\/wp-json\/wp\/v2\/comments?post=111377"}],"version-history":[{"count":0,"href":"https:\/\/enolife.com.ar\/es\/wp-json\/wp\/v2\/posts\/111377\/revisions"}],"wp:featuredmedia":[{"embeddable":true,"href":"https:\/\/enolife.com.ar\/es\/wp-json\/wp\/v2\/media\/111383"}],"wp:attachment":[{"href":"https:\/\/enolife.com.ar\/es\/wp-json\/wp\/v2\/media?parent=111377"}],"wp:term":[{"taxonomy":"category","embeddable":true,"href":"https:\/\/enolife.com.ar\/es\/wp-json\/wp\/v2\/categories?post=111377"},{"taxonomy":"post_tag","embeddable":true,"href":"https:\/\/enolife.com.ar\/es\/wp-json\/wp\/v2\/tags?post=111377"}],"curies":[{"name":"wp","href":"https:\/\/api.w.org\/{rel}","templated":true}]}}