{"id":111342,"date":"2024-02-28T12:12:47","date_gmt":"2024-02-28T12:12:47","guid":{"rendered":"https:\/\/enolife.com.ar\/es\/?p=111342"},"modified":"2024-03-01T16:50:26","modified_gmt":"2024-03-01T16:50:26","slug":"un-juez-anulo-la-ley-que-creo-en-2021-el-distrito-del-vino-de-buenos-aires-por-quejas-de-los-vecinos","status":"publish","type":"post","link":"https:\/\/enolife.com.ar\/es\/un-juez-anulo-la-ley-que-creo-en-2021-el-distrito-del-vino-de-buenos-aires-por-quejas-de-los-vecinos\/","title":{"rendered":"Un juez anul\u00f3 la ley que cre\u00f3 en 2021 el Distrito del Vino de Buenos Aires por quejas de los vecinos"},"content":{"rendered":"\n<h4 class=\"wp-block-heading\"><em><strong>El juez de la ciudad capital de Argentina, Guillermo Mart\u00edn Scheibler, adopt\u00f3 esa decisi\u00f3n tras aceptar una medida de amparo de vecinos de los barrios de Villa Devoto, Villa del Parque y La Paternal, seg\u00fan la cual la norma, destinada a potenciar las actividades de la industria vitivin\u00edcola a partir de la reducci\u00f3n de la carga fiscal,\u00a0no tuvo en cuenta la opini\u00f3n de los vecinos ni convoc\u00f3 a la audiencia p\u00fablica obligatoria antes de ser sancionada. (<em><strong>Foto principal: Fernando Gens<\/strong><\/em>).<\/strong><\/em><\/h4>\n\n\n\n<div style=\"height:35px\" aria-hidden=\"true\" class=\"wp-block-spacer\"><\/div>\n\n\n<a href=\"https:\/\/instagram.com\/labelsolutions?igshid=YmMyMTA2M2Y=\" aria-label=\"Banner Palero 1700&#215;500\"><img loading=\"lazy\" decoding=\"async\" src=\"https:\/\/enolife.com.ar\/es\/wp-content\/uploads\/2021\/09\/Banner-Palero-1700x500-1.gif\" alt=\"\"  width=\"1700\" height=\"500\"   \/><\/a>\n\n\n<div style=\"height:45px\" aria-hidden=\"true\" class=\"wp-block-spacer\"><\/div>\n\n\n\n<p>La ley aprobada en la Legislatura porte\u00f1a en 2021 y reglamentada por el Poder Ejecutivo local para la creaci\u00f3n del <strong>Distrito del Vino en la Ciudad de Buenos Aires<\/strong>,<strong>&nbsp;fue declarada inconstitucional en un fallo de la justicia local<\/strong>, que hizo lugar a un amparo de los vecinos, quienes denunciaron que la norma no se ajust\u00f3 al proceso de participaci\u00f3n ciudadana.<\/p>\n\n\n\n<p>La decisi\u00f3n del juez<strong> Guillermo Mart\u00edn Scheibler; <\/strong>titular del <strong>Juzgado en lo Contencioso, Administrativo y Tributario 13,<\/strong>&nbsp;fue en respuesta a una acci\u00f3n impulsada por la asamblea vecinal y el <strong>Observatorio del Derecho a la Ciudad,<\/strong> que alude al pol\u00edgono destinado a fomentar las actividades vinculadas a la vitivinicultura mediante exenciones impositivas.<\/p>\n\n\n\n<div style=\"height:30px\" aria-hidden=\"true\" class=\"wp-block-spacer\"><\/div>\n\n\n<div class=\"wp-block-image\">\n<figure class=\"aligncenter size-full is-resized\"><img decoding=\"async\" src=\"https:\/\/enolife.com.ar\/es\/wp-content\/uploads\/2024\/02\/6469611fdcbc8_1200.jpg\" alt=\"\" class=\"wp-image-111351\" width=\"-162\" height=\"-91\" srcset=\"https:\/\/enolife.com.ar\/es\/wp-content\/uploads\/2024\/02\/6469611fdcbc8_1200.jpg 888w, https:\/\/enolife.com.ar\/es\/wp-content\/uploads\/2024\/02\/6469611fdcbc8_1200-300x169.jpg 300w, https:\/\/enolife.com.ar\/es\/wp-content\/uploads\/2024\/02\/6469611fdcbc8_1200-768x432.jpg 768w, https:\/\/enolife.com.ar\/es\/wp-content\/uploads\/2024\/02\/6469611fdcbc8_1200-585x329.jpg 585w\" sizes=\"(max-width: 888px) 100vw, 888px\" \/><figcaption class=\"wp-element-caption\"><em><strong>Los vecinos de Villa del Parque, Villa Devoto y Paternal lograron frenar la ley que crea el Distrito del Vino porte\u00f1o \/ Foto: Fernando Gens.<\/strong><\/em><\/figcaption><\/figure><\/div>\n\n\n<div style=\"height:30px\" aria-hidden=\"true\" class=\"wp-block-spacer\"><\/div>\n\n\n\n<p>Seg\u00fan se\u00f1alaron los amparistas,<strong>&nbsp;en su presentaci\u00f3n requirieron que sea declarada la inconstitucionalidad y nulidad <\/strong>de la ley 6.447, sancionada en setiembre del 2021 en la Legislatura&nbsp;para crear el Distrito del Vino en un pol\u00edgono que abarcaba sectores de los barrios de <strong>Villa Devoto, Villa del Parque y La Paternal.<\/strong><\/p>\n\n\n\n<p>Seg\u00fan explicaron,<strong>&nbsp;<\/strong><em>\u201cno se cumpli\u00f3 con la convocatoria y realizaci\u00f3n de la audiencia p\u00fablica obligatoria que dispone el art\u00edculo 63 de la Constituci\u00f3n de la Ciudad\u201d<\/em><strong>,<\/strong>&nbsp;as\u00ed como tampoco se realiz\u00f3 <em>\u201cel procedimiento de doble lectura que establecen los art\u00edculos 89 y 90 de la Constituci\u00f3n de la Ciudad\u201d<\/em> para este tipo de proyectos urbanos.<\/p>\n\n\n\n<div style=\"height:30px\" aria-hidden=\"true\" class=\"wp-block-spacer\"><\/div>\n\n\n<div class=\"wp-block-image\">\n<figure class=\"aligncenter size-full is-resized\"><img loading=\"lazy\" decoding=\"async\" src=\"https:\/\/enolife.com.ar\/es\/wp-content\/uploads\/2024\/02\/6238d02ad174f_450.jpg\" alt=\"\" class=\"wp-image-111352\" width=\"656\" height=\"370\" srcset=\"https:\/\/enolife.com.ar\/es\/wp-content\/uploads\/2024\/02\/6238d02ad174f_450.jpg 450w, https:\/\/enolife.com.ar\/es\/wp-content\/uploads\/2024\/02\/6238d02ad174f_450-300x169.jpg 300w\" sizes=\"auto, (max-width: 656px) 100vw, 656px\" \/><figcaption class=\"wp-element-caption\"><em><strong>La norma ahora declarada inconstitucional por un juez porte\u00f1o, fue sancionada en setiembre de 2021 y desde entonces genera pol\u00e9micas <\/strong><\/em><\/figcaption><\/figure><\/div>\n\n\n<div style=\"height:30px\" aria-hidden=\"true\" class=\"wp-block-spacer\"><\/div>\n\n\n\n<p>Adem\u00e1s, se\u00f1alaron que<strong>&nbsp;<\/strong><em>\u201cse violaron los derechos que surgen de la Democracia Participativa Ambiental,&nbsp;en particular el derecho de todo habitante de la ciudad a participar en la toma de decisiones de pol\u00edticas de planificaci\u00f3n y ambientales\u201d.<\/em><\/p>\n\n\n\n<p>En lo que consideraron <em>\u201cuna sentencia hist\u00f3rica\u201d<\/em>, el magistrado porte\u00f1o hizo lugar a la acci\u00f3n de amparo y declar\u00f3 <em>\u201cla nulidad de la ley 6447, conforme lo dispuesto por el art\u00edculo 90, \u00faltimo p\u00e1rrafo de la Constituci\u00f3n de la Ciudad Aut\u00f3noma de Buenos Aires\u201d.<\/em><\/p>\n\n\n\n<p>El Distrito del Vino fue una iniciativa de la gesti\u00f3n de <strong>Horacio Rodr\u00edguez Larreta<\/strong> para potenciar las actividades relacionadas a la industria vitivin\u00edcola, a partir de la reducci\u00f3n de la carga fiscal y de incentivos crediticios\u00a0a las empresas del sector, a las que invitaba a instalar <em>\u201cpuntos de venta minorista de vinos; vinotecas y cavas; restaurantes y emprendimientos gastron\u00f3micos<\/em>\u201d, entre otros.<\/p>\n\n\n\n<p>La propuesta gener\u00f3 el rechazo de grupos vecinales, sobre todo en Villa Devoto, al punto de forzar a la Legislatura a reducir la superficie del Distrito del Vino en ese barrio y ampliarlo en la zona de La Paternal.<\/p>\n\n\n\n<div style=\"height:18px\" aria-hidden=\"true\" class=\"wp-block-spacer\"><\/div>\n\n\n\n<p class=\"has-small-font-size\"><em><strong>Fuente: Agencia T\u00e9lam<\/strong><\/em><\/p>\n\n\n\n<div style=\"height:21px\" aria-hidden=\"true\" class=\"wp-block-spacer\"><\/div>\n","protected":false},"excerpt":{"rendered":"<p>El juez de la ciudad capital de Argentina, Guillermo Mart\u00edn Scheibler, adopt\u00f3 esa decisi\u00f3n tras&hellip;<\/p>\n","protected":false},"author":3,"featured_media":111354,"comment_status":"open","ping_status":"open","sticky":false,"template":"","format":"standard","meta":{"footnotes":""},"categories":[14],"tags":[],"class_list":["post-111342","post","type-post","status-publish","format-standard","has-post-thumbnail","hentry","category-news"],"_links":{"self":[{"href":"https:\/\/enolife.com.ar\/es\/wp-json\/wp\/v2\/posts\/111342","targetHints":{"allow":["GET"]}}],"collection":[{"href":"https:\/\/enolife.com.ar\/es\/wp-json\/wp\/v2\/posts"}],"about":[{"href":"https:\/\/enolife.com.ar\/es\/wp-json\/wp\/v2\/types\/post"}],"author":[{"embeddable":true,"href":"https:\/\/enolife.com.ar\/es\/wp-json\/wp\/v2\/users\/3"}],"replies":[{"embeddable":true,"href":"https:\/\/enolife.com.ar\/es\/wp-json\/wp\/v2\/comments?post=111342"}],"version-history":[{"count":0,"href":"https:\/\/enolife.com.ar\/es\/wp-json\/wp\/v2\/posts\/111342\/revisions"}],"wp:featuredmedia":[{"embeddable":true,"href":"https:\/\/enolife.com.ar\/es\/wp-json\/wp\/v2\/media\/111354"}],"wp:attachment":[{"href":"https:\/\/enolife.com.ar\/es\/wp-json\/wp\/v2\/media?parent=111342"}],"wp:term":[{"taxonomy":"category","embeddable":true,"href":"https:\/\/enolife.com.ar\/es\/wp-json\/wp\/v2\/categories?post=111342"},{"taxonomy":"post_tag","embeddable":true,"href":"https:\/\/enolife.com.ar\/es\/wp-json\/wp\/v2\/tags?post=111342"}],"curies":[{"name":"wp","href":"https:\/\/api.w.org\/{rel}","templated":true}]}}