{"id":111308,"date":"2024-02-27T13:37:11","date_gmt":"2024-02-27T13:37:11","guid":{"rendered":"https:\/\/enolife.com.ar\/es\/?p=111308"},"modified":"2024-02-29T15:50:25","modified_gmt":"2024-02-29T15:50:25","slug":"popi-spatocco-la-fiesta-de-la-cosecha-sera-una-celebracion-colectiva-del-vino-y-la-musica","status":"publish","type":"post","link":"https:\/\/enolife.com.ar\/es\/popi-spatocco-la-fiesta-de-la-cosecha-sera-una-celebracion-colectiva-del-vino-y-la-musica\/","title":{"rendered":"Popi Spatocco: \u00abLa Fiesta de la Cosecha ser\u00e1 una celebraci\u00f3n colectiva del vino y la m\u00fasica\u00bb"},"content":{"rendered":"\n<h4 class=\"wp-block-heading\"><em><strong>A un d\u00eda de que el vi\u00f1edo del Aeropuerto de Mendoza vibre con la m\u00fasica de la Orquesta Filarm\u00f3nica y los m\u00faltiples estilos de los solistas convocados, el director art\u00edstico del espect\u00e1culo, Popi Spatocco, destaca que este concierto expresa la relaci\u00f3n virtuosa entre el vino y la m\u00fasica. El concierto de ma\u00f1ana 28\/2\/24 desde las 21 tendr\u00e1 como protagonistas, adem\u00e1s, a los cantautores argentinos Kevin Johansen, Nahuel Pennisi y Benito Cerati, junto a un talentoso elenco de int\u00e9rpretes mendocinos.<\/strong><\/em><\/h4>\n\n\n\n<div style=\"height:35px\" aria-hidden=\"true\" class=\"wp-block-spacer\"><\/div>\n\n\n\n\n\n<div style=\"height:45px\" aria-hidden=\"true\" class=\"wp-block-spacer\"><\/div>\n\n\n\n<p>Desde sus inicios, la <strong>Fiesta de la Cosecha<\/strong> de <strong>Mendoza <\/strong>se propuso como una celebraci\u00f3n fuertemente ligada con la identidad cuyana y argentina, que recoge los gestos culturales en torno al vino y la m\u00fasica popular; exalta, valoriza y reactualiza la \u00e9pica de <em>\u00abeso que somos\u00bb<\/em> cuando nos encontramos en un brindis.<br>&nbsp;<br>El director art\u00edstico del espect\u00e1culo -que se realizar\u00e1 el mi\u00e9rcoles 28\/2 en el vi\u00f1edo del <strong>Aeropuerto de Mendoza<\/strong>-, <strong>Popi Spatocco<\/strong>, ha tomado esta idea \u00fanica que alienta a la celebraci\u00f3n y con ella construy\u00f3 un espect\u00e1culo que sonar\u00e1 in\u00e9dito en sus m\u00faltiples estilos y texturas. As\u00ed lo expresa:&nbsp;<em>\u00abLa Fiesta de la Cosecha tiene una larga tradici\u00f3n en la confluencia entre la m\u00fasica popular y la orquestal. Este a\u00f1o la Filarm\u00f3nica de Mendoza va a tener la particularidad de concretar un concierto en el que habr\u00e1 una uni\u00f3n de muchos solistas, de muchos estilos\u00bb<\/em>.<\/p>\n\n\n\n<div style=\"height:14px\" aria-hidden=\"true\" class=\"wp-block-spacer\"><\/div>\n\n\n\n<blockquote class=\"wp-block-quote is-layout-flow wp-block-quote-is-layout-flow\">\n<p>Este concierto se construye entre muchos, con el trabajo de nuestros artistas y la valoraci\u00f3n de esos trabajos art\u00edsticos por parte del pueblo\u00bb.<\/p>\n<cite>Popi Spatocco, director art\u00edstico de la Fiesta de la Cosecha<\/cite><\/blockquote>\n\n\n\n<div style=\"height:16px\" aria-hidden=\"true\" class=\"wp-block-spacer\"><\/div>\n\n\n\n<p>Este concierto, que se ir\u00e1 desarrollando a trav\u00e9s de la interpretaci\u00f3n de los diversos solistas, descansa en la organicidad conceptual que Spatocco (productor, director, compositor, arreglador y pianista; ganador de varios Grammy Latinos y director musical de los discos y conciertos de <strong>Mercedes Sosa<\/strong> durante m\u00e1s de 20 a\u00f1os) ha pensado para su despliegue. <\/p>\n\n\n\n<p>Una expresi\u00f3n \u00fanica que se reflejar\u00e1 en los arreglos orquestales, en el repertorio y orden de las canciones e int\u00e9rpretes, en los momentos distinguidos que construir\u00e1n el ritmo del espect\u00e1culo. Por eso este a\u00f1o, como los anteriores, la Fiesta de la Cosecha volver\u00e1 a configurar eso que la distingue: la celebraci\u00f3n de la identidad com\u00fan. Al respecto, comenta el maestro:<em>&nbsp;\u00abEste concierto es una forma de festejar colectivamente nuestra cultura, que es un hecho colectivo. Entre muchos se construye, con el trabajo de nuestros artistas y la valoraci\u00f3n de esos trabajos art\u00edsticos por parte del pueblo\u00bb.<\/em><br>&nbsp;<br>En cuanto a la relaci\u00f3n entre arte y vino, y c\u00f3mo se expresa de modo \u00fanico en este escenario, dijo:<em>&nbsp;\u00abEs un paralelo con ese trabajo virtuoso que hay en el mundo del vino. Es exactamente lo mismo: trabajar, cosechar y que el resultado de ese trabajo sea disfrutado y valorado por todos. Tanto en la m\u00fasica como en la cultura del vino es exactamente lo mismo. Esa es la idea de esta gran celebraci\u00f3n en la que van a confluir artistas de muy distintos g\u00e9neros -y generaciones-; y tambi\u00e9n van a confluir nuestros grandes compositores que son los que nos explican esto en canciones\u00bb<\/em>.&nbsp;<\/p>\n\n\n\n<div style=\"height:35px\" aria-hidden=\"true\" class=\"wp-block-spacer\"><\/div>\n\n\n\n<p class=\"has-medium-font-size\"><strong>Sobre el espect\u00e1culo<\/strong><\/p>\n\n\n\n<p>La <strong>23\u00b0 edici\u00f3n de la Fiesta de la Cosecha<\/strong> se desarrollar\u00e1 sobre el imponente escenario del vi\u00f1edo del aeropuerto y estar\u00e1 conformada por un concierto en el que la <strong>Orquesta Filarm\u00f3nica de Mendoza<\/strong> desarrollar\u00e1 un programa singularmente exquisito; junto a artistas de diversas procedencias como <strong>Nahuel Pennisi, Kevin Johansen, Benito Cerati, Maggie Cullen, La Bruja Salguero, Los Tabaleros, las cantoras mendocinas Leticia Bibiloni, Melisa Budini, Francisca Figueroa, Ini Ceverino, Mailen Obrador, Aluh\u00e9 Dum\u00e9, Gabriela Fern\u00e1ndez y Julieta Laparra<\/strong>; adem\u00e1s, un ensamble de m\u00fasicos mendocinos de lujo: <strong>Nico Diez, Charly Pereira, Rodrigo Botaccaulli, Laureano Busse, Seba Narvaez y Mariano Colombo.<\/strong><\/p>\n\n\n\n<div style=\"height:20px\" aria-hidden=\"true\" class=\"wp-block-spacer\"><\/div>\n\n\n\n<p class=\"has-background\" style=\"background-color:#abb7c266\"><strong>La Fiesta en detalle<\/strong><br><br><strong>Entradas<\/strong>: pueden adquirirse a trav\u00e9s de la plataforma <strong>Entrada Web<\/strong> (<a href=\"https:\/\/www.entradaweb.com.ar\/evento\/5f3fd645\/step\/1\" title=\"\"><strong>www.entradaweb.com.ar<\/strong><\/a>). Hay dos sectores: A (preferencial) con un valor de $10.000, y B (general) con un valor de $4.000.<br><br><strong>Patio Malbec<\/strong>: el predio se habilitar\u00e1 a las 18 con propuestas gastron\u00f3micas y m\u00fasica en vivo.<br><br><strong>Colectivos gratuitos del Grupo 6<\/strong>: partir\u00e1n desde el control en calle Independencia (Las\u00a0 Heras) hacia el Aeropuerto desde las 19 y hasta las 21 y de vuelta, desde el Aeropuerto hasta el control, desde las 23.30 a las 02.00 del d\u00eda 2\/07. Se podr\u00e1 utilizar el boleto trasbordo desde cualquier l\u00ednea a unidades del grupo mencionado, siempre que tengan como punto terminal el Control o bien que pasen por \u00e9l.<br><br><strong>Descuentos en Cabify:<\/strong>\u00a020% de descuento por 2 viajes por usuario con tope de $600 por viaje.<br>\u00a0<br><strong>M\u00e1s info<\/strong>\u00a0en <a href=\"https:\/\/fiestadelacosecha.com.ar\/\" title=\"\"><strong>www.fiestadelacosecha.com.ar<\/strong><\/a><br><br><strong>IG:<\/strong>\u00a0<a href=\"https:\/\/www.instagram.com\/fiestadelacosecha\/?hl=es\" title=\"\"><strong>Fiesta de la Cosecha<\/strong><\/a><\/p>\n\n\n\n<div style=\"height:20px\" aria-hidden=\"true\" class=\"wp-block-spacer\"><\/div>\n\n\n\n<p>Ya consagrada por el p\u00fablico como una de las grandes celebraciones vendimiales, la Fiesta de la Cosecha est\u00e1 organizada por el <strong>Fondo Vitivin\u00edcola<\/strong>, junto al <strong>Gobierno de Mendoza<\/strong> -a trav\u00e9s de la <strong>Subsecretar\u00eda de Cultura<\/strong>&#8211; y la <strong>Municipalidad de Las Heras<\/strong>. Cuenta con el apoyo de <strong>Aeropuertos Argentina 2000<\/strong> y <strong>Estancia Mendoza<\/strong>, bodega concesionaria del vi\u00f1edo; y el financiamiento del <strong>Consejo Federal de Inversiones<\/strong> y la <strong>Corporaci\u00f3n Vitivin\u00edcola Argentina.<\/strong>&nbsp;<\/p>\n\n\n\n<div style=\"height:21px\" aria-hidden=\"true\" class=\"wp-block-spacer\"><\/div>\n","protected":false},"excerpt":{"rendered":"<p>A un d\u00eda de que el vi\u00f1edo del Aeropuerto de Mendoza vibre con la m\u00fasica&hellip;<\/p>\n","protected":false},"author":3,"featured_media":111337,"comment_status":"open","ping_status":"open","sticky":false,"template":"","format":"standard","meta":{"footnotes":""},"categories":[4],"tags":[],"class_list":["post-111308","post","type-post","status-publish","format-standard","has-post-thumbnail","hentry","category-protagonistas"],"_links":{"self":[{"href":"https:\/\/enolife.com.ar\/es\/wp-json\/wp\/v2\/posts\/111308","targetHints":{"allow":["GET"]}}],"collection":[{"href":"https:\/\/enolife.com.ar\/es\/wp-json\/wp\/v2\/posts"}],"about":[{"href":"https:\/\/enolife.com.ar\/es\/wp-json\/wp\/v2\/types\/post"}],"author":[{"embeddable":true,"href":"https:\/\/enolife.com.ar\/es\/wp-json\/wp\/v2\/users\/3"}],"replies":[{"embeddable":true,"href":"https:\/\/enolife.com.ar\/es\/wp-json\/wp\/v2\/comments?post=111308"}],"version-history":[{"count":0,"href":"https:\/\/enolife.com.ar\/es\/wp-json\/wp\/v2\/posts\/111308\/revisions"}],"wp:featuredmedia":[{"embeddable":true,"href":"https:\/\/enolife.com.ar\/es\/wp-json\/wp\/v2\/media\/111337"}],"wp:attachment":[{"href":"https:\/\/enolife.com.ar\/es\/wp-json\/wp\/v2\/media?parent=111308"}],"wp:term":[{"taxonomy":"category","embeddable":true,"href":"https:\/\/enolife.com.ar\/es\/wp-json\/wp\/v2\/categories?post=111308"},{"taxonomy":"post_tag","embeddable":true,"href":"https:\/\/enolife.com.ar\/es\/wp-json\/wp\/v2\/tags?post=111308"}],"curies":[{"name":"wp","href":"https:\/\/api.w.org\/{rel}","templated":true}]}}