{"id":110977,"date":"2024-02-19T22:13:50","date_gmt":"2024-02-19T22:13:50","guid":{"rendered":"https:\/\/enolife.com.ar\/es\/?p=110977"},"modified":"2024-02-21T14:10:37","modified_gmt":"2024-02-21T14:10:37","slug":"en-el-pueblo-de-trenel-cosechan-uvas-bebe-para-ensayar-como-haran-el-vino-en-2026","status":"publish","type":"post","link":"https:\/\/enolife.com.ar\/es\/en-el-pueblo-de-trenel-cosechan-uvas-bebe-para-ensayar-como-haran-el-vino-en-2026\/","title":{"rendered":"En el pueblo de Trenel cosechan uvas \u00abbeb\u00e9\u00bb para ensayar c\u00f3mo har\u00e1n el vino en 2026"},"content":{"rendered":"\n<h4 class=\"wp-block-heading\"><em><strong>La cooperativa de servicios p\u00fablicos de Trenel, una localidad de 4.000 habitantes al noroeste de La Pampa, Argentina, se prepara para su primera vendimia, cuya uva ser\u00e1 utilizada de manera experimental porque se trata de uvas muy j\u00f3venes sin la necesaria condici\u00f3n para vinificar. Los vi\u00f1edos implantados hace poco m\u00e1s de un a\u00f1o pintan muy bien, pero est\u00e1 previsto que entren en producci\u00f3n en 2025 o 2026. Mientras tanto, en los \u00faltimos meses sumaron otras 2 hect\u00e1reas con 8.000 plantas, que comenzar\u00e1n a entregar uvas en 2026.<\/strong><\/em><\/h4>\n\n\n\n<div style=\"height:35px\" aria-hidden=\"true\" class=\"wp-block-spacer\"><\/div>\n\n\n<a href=\"https:\/\/jmzeballos.com\/\" aria-label=\"ENOLIFE &#8211;  EPOXI\"><img loading=\"lazy\" decoding=\"async\" src=\"https:\/\/enolife.com.ar\/es\/wp-content\/uploads\/2023\/08\/ENOLIFE-EPOXI-1700x500-1-scaled.jpg\" alt=\"\"  srcset=\"https:\/\/enolife.com.ar\/es\/wp-content\/uploads\/2023\/08\/ENOLIFE-EPOXI-1700x500-1-scaled.jpg 2560w, https:\/\/enolife.com.ar\/es\/wp-content\/uploads\/2023\/08\/ENOLIFE-EPOXI-1700x500-1-300x88.jpg 300w, https:\/\/enolife.com.ar\/es\/wp-content\/uploads\/2023\/08\/ENOLIFE-EPOXI-1700x500-1-1024x301.jpg 1024w, https:\/\/enolife.com.ar\/es\/wp-content\/uploads\/2023\/08\/ENOLIFE-EPOXI-1700x500-1-768x226.jpg 768w, https:\/\/enolife.com.ar\/es\/wp-content\/uploads\/2023\/08\/ENOLIFE-EPOXI-1700x500-1-1536x452.jpg 1536w, https:\/\/enolife.com.ar\/es\/wp-content\/uploads\/2023\/08\/ENOLIFE-EPOXI-1700x500-1-2048x602.jpg 2048w, https:\/\/enolife.com.ar\/es\/wp-content\/uploads\/2023\/08\/ENOLIFE-EPOXI-1700x500-1-1170x344.jpg 1170w, https:\/\/enolife.com.ar\/es\/wp-content\/uploads\/2023\/08\/ENOLIFE-EPOXI-1700x500-1-585x172.jpg 585w\" sizes=\"auto, (max-width: 2560px) 100vw, 2560px\" width=\"2560\" height=\"753\"   \/><\/a>\n\n\n<div style=\"height:45px\" aria-hidden=\"true\" class=\"wp-block-spacer\"><\/div>\n\n\n\n<p>El presidente de la Cooperativa de Servicios P\u00fablicos de <strong>Trenel, La Pampa, Horacio Bogetti<\/strong>, celebr\u00f3 la novedad de la primera vendimia y adem\u00e1s destac\u00f3 la llegada de la fibra \u00f3ptica troncal al pueblo, lo que le permite a la cooperativa mejorar sustancialmente la calidad de internet y televisi\u00f3n por cable a trav\u00e9s de su propia red interna.<\/p>\n\n\n\n<div style=\"height:17px\" aria-hidden=\"true\" class=\"wp-block-spacer\"><\/div>\n\n\n\n<blockquote class=\"wp-block-quote is-layout-flow wp-block-quote-is-layout-flow\">\n<p>Por suerte pudimos sortear algunos problemas que tuvimos, como la falta de insumos para curar, porque no hab\u00eda precio y no se consegu\u00edan, pero vamos bien&#8230; Contactamos a un agr\u00f3nomo de Mendoza, que vendr\u00e1 para asesorarnos y ayudarnos a proyectar\u201d.<\/p>\n<cite>Horaico Bogetti, dirigente cooperativista de Trenel<\/cite><\/blockquote>\n\n\n\n<div style=\"height:35px\" aria-hidden=\"true\" class=\"wp-block-spacer\"><\/div>\n\n\n\n<p class=\"has-medium-font-size\"><strong>Se viene la cosecha<\/strong><\/p>\n\n\n\n<p>En un amplio predio ubicado al sur del casco urbano, en la huerta municipal, crecen saludablemente las primeras <strong>4.000 vides.<\/strong> All\u00ed tambi\u00e9n se destaca una incipiente plantaci\u00f3n de frutales y las dos hect\u00e1reas con una nueva tanda de vides, un total de<strong> 8.000 cepas <\/strong>que aportar\u00e1n para la producci\u00f3n en <strong>2026.<\/strong><\/p>\n\n\n\n<p><em>\u201cHa sido una gran inversi\u00f3n y estamos en etapa de aprendizaje\u201d<\/em>, resumi\u00f3 el dirigente. La cooperativa adquiri\u00f3 una fumigadora y pese a algunos problemas clim\u00e1ticos y de provisi\u00f3n de productos necesarios, se avecina una buena cosecha inicial. \u201c<em>Tuvimos problemas con los insumos para curar, no hab\u00eda precio y no se consegu\u00edan, pero estamos bien\u201d,<\/em> sostuvo. Y agreg\u00f3: <em>\u201cHemos tomado contacto con un experto de Mendoza, que vendr\u00e1 para asesorarnos y ayudarnos a proyectar\u201d.<\/em><\/p>\n\n\n\n<p>La cooperativa est\u00e1 trabajando junto al Ministerio de la Producci\u00f3n del gobierno de La Pampa, <em>\u00abque colabora y asesora para desarrollar tambi\u00e9n los vi\u00f1edos de la ruta 4 junto a Arata, Caleuf\u00fa y Pichi Huinca<\/em>\u201d, indic\u00f3 Bogetti.<\/p>\n\n\n\n<p>Lo que se recoja en marzo y abril ser\u00e1 procesado de manera experimental, <em>\u201cprepar\u00e1ndonos para la siguiente vendimia que es la se\u00f1alada para empezar a producir vinos\u201d. Estamos con una fuerte expectativa, creemos que venimos haciendo las cosas bien, pero esto lleva su proceso\u201d<\/em>, sintetiz\u00f3 el cooperativista.<\/p>\n\n\n\n<p>El lugar, adem\u00e1s de las vides, presenta ahora una peque\u00f1a plantaci\u00f3n de frutales. <em>\u201cLo pidi\u00f3 el intendente Horacio Lorenzo, vamos a probar para ver si luego se puede utilizar la fruta para dulces. Necesitamos mejorar la calidad del agua y estamos pensando con el municipio en una planta de \u00f3smosis\u201d<\/em>. En el predio, el municipio desarrolla una huerta que provee a los comedores, el asilo y otras dependencias comunales.<\/p>\n\n\n\n<div style=\"height:30px\" aria-hidden=\"true\" class=\"wp-block-spacer\"><\/div>\n\n\n<div class=\"wp-block-image\">\n<figure class=\"aligncenter size-full is-resized\"><a href=\"https:\/\/enolife.com.ar\/es\/wp-content\/uploads\/2024\/02\/1675050056947.jpg\" data-rel=\"penci-gallery-image-content\" ><img loading=\"lazy\" decoding=\"async\" src=\"https:\/\/enolife.com.ar\/es\/wp-content\/uploads\/2024\/02\/1675050056947.jpg\" alt=\"\" class=\"wp-image-110987\" width=\"619\" height=\"373\" srcset=\"https:\/\/enolife.com.ar\/es\/wp-content\/uploads\/2024\/02\/1675050056947.jpg 830w, https:\/\/enolife.com.ar\/es\/wp-content\/uploads\/2024\/02\/1675050056947-300x181.jpg 300w, https:\/\/enolife.com.ar\/es\/wp-content\/uploads\/2024\/02\/1675050056947-768x463.jpg 768w, https:\/\/enolife.com.ar\/es\/wp-content\/uploads\/2024\/02\/1675050056947-585x352.jpg 585w\" sizes=\"auto, (max-width: 619px) 100vw, 619px\" \/><\/a><figcaption class=\"wp-element-caption\"><em><strong>Vi\u00f1edos de Trenel, enero 2023<\/strong><\/em><\/figcaption><\/figure><\/div>\n\n\n<div style=\"height:35px\" aria-hidden=\"true\" class=\"wp-block-spacer\"><\/div>\n\n\n\n<p class=\"has-medium-font-size\"><strong>Lleg\u00f3 la fibra \u00f3ptica<\/strong><\/p>\n\n\n\n<p>Luego de a\u00f1os de espera, Trenel fue interconectada con la red troncal de fibra \u00f3ptica que gestiona Empatel. <em>\u201cFueron a\u00f1os de gesti\u00f3n, lleg\u00f3 y ya se nota una gran mejora en la calidad&#8230; Estamos ahora analizando de qu\u00e9 manera podemos llegar a los usuarios con mayor capacidad, mejorar la velocidad. La pretensi\u00f3n es siempre dar el mejor servicio posible, pero en este momento de tanta incertidumbre en el pa\u00eds es muy dif\u00edcil proyectar, no hay ninguna claridad en los n\u00fameros\u201d,<\/em> dijo el dirigente.<\/p>\n\n\n\n<p>Y lament\u00f3 que <em>\u201cse venga un incremento tan fuerte en la energ\u00eda, con la tarifa y la quita de subsidios. Eso ser\u00e1 un impacto muy grande para la gente que adem\u00e1s de pagar los servicios tiene que comer. Estamos preocupados tambi\u00e9n en c\u00f3mo puede incidir eso en las cuentas de la cooperativa\u201d.<\/em><\/p>\n\n\n\n<p>Por \u00faltimo, Bogetti dijo que ya acordaron con el municipio que continuar\u00e1n administrando el sistema de desag\u00fces y tratamiento de l\u00edquidos cloacales. El nuevo ducto y la planta de tratamiento permiti\u00f3 independizar el frigor\u00edfico local, la mayor fuente de trabajo de la localidad, del resto del sistema de la localidad. <\/p>\n\n\n\n<div style=\"height:21px\" aria-hidden=\"true\" class=\"wp-block-spacer\"><\/div>\n\n\n\n<p class=\"has-small-font-size\"><em><strong>Fuente: La Arena de La Pampa<\/strong><\/em><\/p>\n\n\n\n<div style=\"height:20px\" aria-hidden=\"true\" class=\"wp-block-spacer\"><\/div>\n","protected":false},"excerpt":{"rendered":"<p>La cooperativa de servicios p\u00fablicos de Trenel, una localidad de 4.000 habitantes al noroeste de&hellip;<\/p>\n","protected":false},"author":3,"featured_media":110988,"comment_status":"open","ping_status":"open","sticky":false,"template":"","format":"standard","meta":{"footnotes":""},"categories":[14],"tags":[],"class_list":["post-110977","post","type-post","status-publish","format-standard","has-post-thumbnail","hentry","category-news"],"_links":{"self":[{"href":"https:\/\/enolife.com.ar\/es\/wp-json\/wp\/v2\/posts\/110977","targetHints":{"allow":["GET"]}}],"collection":[{"href":"https:\/\/enolife.com.ar\/es\/wp-json\/wp\/v2\/posts"}],"about":[{"href":"https:\/\/enolife.com.ar\/es\/wp-json\/wp\/v2\/types\/post"}],"author":[{"embeddable":true,"href":"https:\/\/enolife.com.ar\/es\/wp-json\/wp\/v2\/users\/3"}],"replies":[{"embeddable":true,"href":"https:\/\/enolife.com.ar\/es\/wp-json\/wp\/v2\/comments?post=110977"}],"version-history":[{"count":0,"href":"https:\/\/enolife.com.ar\/es\/wp-json\/wp\/v2\/posts\/110977\/revisions"}],"wp:featuredmedia":[{"embeddable":true,"href":"https:\/\/enolife.com.ar\/es\/wp-json\/wp\/v2\/media\/110988"}],"wp:attachment":[{"href":"https:\/\/enolife.com.ar\/es\/wp-json\/wp\/v2\/media?parent=110977"}],"wp:term":[{"taxonomy":"category","embeddable":true,"href":"https:\/\/enolife.com.ar\/es\/wp-json\/wp\/v2\/categories?post=110977"},{"taxonomy":"post_tag","embeddable":true,"href":"https:\/\/enolife.com.ar\/es\/wp-json\/wp\/v2\/tags?post=110977"}],"curies":[{"name":"wp","href":"https:\/\/api.w.org\/{rel}","templated":true}]}}