{"id":110961,"date":"2024-02-19T14:55:46","date_gmt":"2024-02-19T14:55:46","guid":{"rendered":"https:\/\/enolife.com.ar\/es\/?p=110961"},"modified":"2024-02-21T12:33:20","modified_gmt":"2024-02-21T12:33:20","slug":"el-gobierno-de-mendoza-comprara-la-uva-para-mosto-a-230-el-kg-para-ayudar-a-los-viticultores","status":"publish","type":"post","link":"https:\/\/enolife.com.ar\/es\/el-gobierno-de-mendoza-comprara-la-uva-para-mosto-a-230-el-kg-para-ayudar-a-los-viticultores\/","title":{"rendered":"El gobierno de Mendoza comprar\u00e1 la uva para mosto a $230 el kg para ayudar a los viticultores"},"content":{"rendered":"\n<h4 class=\"wp-block-heading\"><em><strong>El Gobierno intervendr\u00e1 en el mercado de uvas, como ha sido habitual en los \u00faltimos a\u00f1os. Para esta vendimia 2024, se fij\u00f3 el precio de compra de $230 el kilo para mosto, que es un promedio entre los $290 que ped\u00edan algunos productores y los $190 que ofrec\u00edan las bodegas. Adem\u00e1s se ofrecer\u00e1n cr\u00e9ditos para cosecha y acarreo. <\/strong><\/em><\/h4>\n\n\n\n<div style=\"height:35px\" aria-hidden=\"true\" class=\"wp-block-spacer\"><\/div>\n\n\n\n\n\n<div style=\"height:45px\" aria-hidden=\"true\" class=\"wp-block-spacer\"><\/div>\n\n\n\n<p><a href=\"https:\/\/web.whatsapp.com\/send?text=viste%20esto?%20https:\/\/www.mdzol.com\/dinero\/2024\/2\/17\/vargas-arizu-hizo-un-anuncio-esperado-por-productores-hablo-del-pronostico-de-cosecha-del-inv-406540.html\"><\/a>El s\u00e1bado 17\/2, el ministro de Producci\u00f3n del Gobierno de Mendoza, <strong>Rodolfo Vargas Arizu<\/strong>,&nbsp;tras una reuni\u00f3n con su equipo de trabajo y dos de los intendentes del Este de la provincia,&nbsp;<strong>Mario Abed<\/strong>, de Jun\u00edn y&nbsp;<strong>Ra\u00fal Rufeil<\/strong>, de San Mart\u00edn, confirmaron que este a\u00f1o se repetir\u00e1 el habitual operativo de compra de uva para mosto, con la intenci\u00f3n de equilibrar el mercado auxiliando a los viticultores. Tambi\u00e9n anunciaron un programa de financiamiento y cr\u00e9ditos para productores. <\/p>\n\n\n\n<p><em>\u00abYa se ha acordado con la banca privada el acompa\u00f1amiento del sector cooperativo integrado\u00bb,<\/em> asegur\u00f3 Vargas Arizu, y cont\u00f3 que ha instruido al <strong>Fondo de la Transformaci\u00f3n y el Crecimiento<\/strong> del gobierno para que mantenga vigente una l\u00ednea de cr\u00e9dito para cosecha y acarreo para productores que posean menos de 20 hect\u00e1reas, con garant\u00eda de vino.<\/p>\n\n\n\n<div style=\"height:19px\" aria-hidden=\"true\" class=\"wp-block-spacer\"><\/div>\n\n\n\n<h3 class=\"wp-block-heading has-vivid-red-color has-text-color\">El monto acordado por la uva para mosto es de&nbsp;$230 el kilo, un promedio entre los $190 que ofrec\u00edan empresarios y los $290 que ped\u00edan algunos productores.<\/h3>\n\n\n\n<div style=\"height:19px\" aria-hidden=\"true\" class=\"wp-block-spacer\"><\/div>\n\n\n\n<p><em>\u00abAquellos que tienen dificultad para juntar garant\u00edas, papeles y dem\u00e1s, se les garantiza con vino a trav\u00e9s de un fideicomiso que se hace junto con el&nbsp;INV. Ahora hemos acordado por instrucciones del gobernador con los intendentes Mario Abed y Ra\u00fal Rufeil y entre semana lo acordamos con Ricardo Mansur, intendente de Rivadavia. Haremos un operativo a trav\u00e9s de&nbsp;Mendoza Fiduciaria<strong>&nbsp;<\/strong>que se basa en el anticipo de&nbsp;cosecha, acarreo y elaboraci\u00f3n de uvas apta para mosto. Se efect\u00faa el anticipo y se garantiza con el producto, en caso de que el productor desee quedarse con el producto, se le reintegra por un tema de precio. En caso de que quiera que Mendoza Fiduciaria permanezca con el producto, la transferencia de la titularidad de ese producto queda a nombre de Mendoza Fiduciaria. Ya se ha acordado un n\u00famero definido por el ministro junto a los intendentes que es de&nbsp;230 pesos el kilo<strong>&nbsp;<\/strong>en la uva mezcla que es la que se destina a mostos\u00bb<\/em>, dijo a su turno el subsecretario de Agricultura y Ganader\u00eda, <strong>Sergio Moralejo.<\/strong><\/p>\n\n\n\n<div style=\"height:30px\" aria-hidden=\"true\" class=\"wp-block-spacer\"><\/div>\n\n\n<div class=\"wp-block-image\">\n<figure class=\"aligncenter is-resized\"><img loading=\"lazy\" decoding=\"async\" src=\"https:\/\/media.diariouno.com.ar\/p\/dcbeba831f1dec36e55bad4492e4bf8b\/adjuntos\/298\/imagenes\/009\/296\/0009296393\/1200x0\/smart\/abed-vargas-arizu-moralejo-cosecha-y-acarreo-2024jpg.jpg\" alt=\"Alfredo Draque (director de Agricultura), Sergio Moralejo (subsecretario de Agricultura y Ganader\u00eda), Mario Abed (intendente de Jun\u00edn), Rodolfo Vargas Arizu (ministro de Producci\u00f3n), Ra\u00fal Rufeil (intendente de San Mart\u00edn) y Hernan Norando (gerente General Mendoza Fiduciaria).\" width=\"607\" height=\"354\" title=\"Alfredo Draque (director de Agricultura), Sergio Moralejo (subsecretario de Agricultura y Ganader\u00eda), Mario Abed (intendente de Jun\u00edn), Rodolfo Vargas Arizu (ministro de Producci\u00f3n), Ra\u00fal Rufeil (intendente de San Mart\u00edn) y Hernan Norando (gerente General Mendoza Fiduciaria).\"\/><figcaption class=\"wp-element-caption\"><em><strong>Alfredo Draque (director de Agricultura), Sergio Moralejo (subsecretario de Agricultura y Ganader\u00eda), Mario Abed (intendente de Jun\u00edn), Rodolfo Vargas Arizu (ministro de Producci\u00f3n), Ra\u00fal Rufeil (intendente de San Mart\u00edn) y Hernan Norando (gerente General Mendoza Fiduciaria).<\/strong><\/em><\/figcaption><\/figure><\/div>\n\n\n<div style=\"height:30px\" aria-hidden=\"true\" class=\"wp-block-spacer\"><\/div>\n\n\n\n<p>El ministro Vargas Arizu ampli\u00f3 sobre los cr\u00e9ditos para cosecha y acarreo: <em>\u00abSe trata de<strong>&nbsp;<\/strong>cr\u00e9ditos del Banco Naci\u00f3n<strong>&nbsp;<\/strong>para las cooperativas que se organizan alrededor de Fecovita. Para ellas se han conseguido&nbsp;$6.400 millones\u00bb<\/em>. Este beneficio podr\u00eda llegar a unos 5.000 productores.<\/p>\n\n\n\n<p>En tanto que para aquellos&nbsp;<strong>productores menores<\/strong>, que no est\u00e1n asociados en Fecovita, el Gobierno de Mendoza brindar\u00e1 una&nbsp;<strong>asistencia a trav\u00e9s del Fondo para la Transformaci\u00f3n<\/strong>.<\/p>\n\n\n\n<p>La tasa de inter\u00e9s es T.N.A. fija del 99%; y los montos m\u00e1ximos a financiar son: para cosecha y acarreo de uva com\u00fan,<strong>&nbsp;$3.500\/qq<\/strong>; y para la uva varietal,<strong>&nbsp;$4.500\/qq<\/strong>. La devoluci\u00f3n ser\u00e1 en dos cuotas con vencimiento el 15 de noviembre de 2024 y 15 de enero de 2025. Sobre la garant\u00eda, adem\u00e1s de la hipotecaria, la prendaria sobre automotores y la fianza extendida por Sociedad de Garant\u00eda Rec\u00edproca; se establece la posibilidad de hacerla mediante un fideicomiso de Garant\u00eda de Vino y Mosto.&nbsp;<strong>El porcentaje de aforo a exigir en los casos de garant\u00eda fiduciaria ser\u00e1 del 20%<\/strong>.<\/p>\n\n\n\n<p>Los interesados en recabar m\u00e1s informaci\u00f3n sobre los cr\u00e9ditos, pueden solicitarla online en la p\u00e1gina oficial del Fondo de la Transformaci\u00f3n<strong>: <a href=\"https:\/\/www.ftyc.gob.ar\/cosecha-y-acarreo-de-uva-2024\/\" title=\"\">https:\/\/www.ftyc.gob.ar\/cosecha-y-acarreo-de-uva-2024\/<\/a><\/strong><\/p>\n\n\n\n<div style=\"height:27px\" aria-hidden=\"true\" class=\"wp-block-spacer\"><\/div>\n","protected":false},"excerpt":{"rendered":"<p>El Gobierno intervendr\u00e1 en el mercado de uvas, como ha sido habitual en los \u00faltimos&hellip;<\/p>\n","protected":false},"author":3,"featured_media":110969,"comment_status":"open","ping_status":"open","sticky":false,"template":"","format":"standard","meta":{"footnotes":""},"categories":[14],"tags":[],"class_list":["post-110961","post","type-post","status-publish","format-standard","has-post-thumbnail","hentry","category-news"],"_links":{"self":[{"href":"https:\/\/enolife.com.ar\/es\/wp-json\/wp\/v2\/posts\/110961","targetHints":{"allow":["GET"]}}],"collection":[{"href":"https:\/\/enolife.com.ar\/es\/wp-json\/wp\/v2\/posts"}],"about":[{"href":"https:\/\/enolife.com.ar\/es\/wp-json\/wp\/v2\/types\/post"}],"author":[{"embeddable":true,"href":"https:\/\/enolife.com.ar\/es\/wp-json\/wp\/v2\/users\/3"}],"replies":[{"embeddable":true,"href":"https:\/\/enolife.com.ar\/es\/wp-json\/wp\/v2\/comments?post=110961"}],"version-history":[{"count":0,"href":"https:\/\/enolife.com.ar\/es\/wp-json\/wp\/v2\/posts\/110961\/revisions"}],"wp:featuredmedia":[{"embeddable":true,"href":"https:\/\/enolife.com.ar\/es\/wp-json\/wp\/v2\/media\/110969"}],"wp:attachment":[{"href":"https:\/\/enolife.com.ar\/es\/wp-json\/wp\/v2\/media?parent=110961"}],"wp:term":[{"taxonomy":"category","embeddable":true,"href":"https:\/\/enolife.com.ar\/es\/wp-json\/wp\/v2\/categories?post=110961"},{"taxonomy":"post_tag","embeddable":true,"href":"https:\/\/enolife.com.ar\/es\/wp-json\/wp\/v2\/tags?post=110961"}],"curies":[{"name":"wp","href":"https:\/\/api.w.org\/{rel}","templated":true}]}}