{"id":110938,"date":"2024-02-18T22:14:33","date_gmt":"2024-02-18T22:14:33","guid":{"rendered":"https:\/\/enolife.com.ar\/es\/?p=110938"},"modified":"2024-02-19T21:47:03","modified_gmt":"2024-02-19T21:47:03","slug":"las-reinas-de-la-vendimia-aprenderan-cultura-vitivinicola-y-degustacion-de-vinos-en-la-enoteca","status":"publish","type":"post","link":"https:\/\/enolife.com.ar\/es\/las-reinas-de-la-vendimia-aprenderan-cultura-vitivinicola-y-degustacion-de-vinos-en-la-enoteca\/","title":{"rendered":"Las reinas de la Vendimia aprender\u00e1n cultura vitivin\u00edcola y degustaci\u00f3n de vinos en la Enoteca"},"content":{"rendered":"\n<h4 class=\"wp-block-heading\"><em><strong>Las soberanas vendimiales de todos los departamentos de Mendoza participar\u00e1n de una capacitaci\u00f3n sobre cultura vitivin\u00edcola y degustaci\u00f3n de vinos que les ofrecer\u00e1 el Fondo Vitivin\u00edcola, el viernes 23 de febrero, a las 11, en La Enoteca Centro Tem\u00e1tico del Vino (Peltier 611, Ciudad). La actividad es libre y abierta a todo el p\u00fablico, que podr\u00e1 conocer y saludar a las soberanas. Tambi\u00e9n, quienes lo deseen, puede recorrer una muestra hist\u00f3rica de vendimia, afiches, utiler\u00edas, etc\u00e9tera, a un costo de $2.000, de lunes a viernes a las 10.40, 11.50, 13, 14.35 y 15.40 hs.  <\/strong><\/em><\/h4>\n\n\n\n<div style=\"height:35px\" aria-hidden=\"true\" class=\"wp-block-spacer\"><\/div>\n\n\n<a href=\"https:\/\/ar.verallia.com\/\" aria-label=\"VERALLIA 1700 x 500\"><img loading=\"lazy\" decoding=\"async\" src=\"https:\/\/enolife.com.ar\/es\/wp-content\/uploads\/2021\/04\/VERALLIA-1700-x-500.jpg\" alt=\"\"  srcset=\"https:\/\/enolife.com.ar\/es\/wp-content\/uploads\/2021\/04\/VERALLIA-1700-x-500.jpg 1700w, https:\/\/enolife.com.ar\/es\/wp-content\/uploads\/2021\/04\/VERALLIA-1700-x-500-300x88.jpg 300w, https:\/\/enolife.com.ar\/es\/wp-content\/uploads\/2021\/04\/VERALLIA-1700-x-500-1024x301.jpg 1024w, https:\/\/enolife.com.ar\/es\/wp-content\/uploads\/2021\/04\/VERALLIA-1700-x-500-768x226.jpg 768w, https:\/\/enolife.com.ar\/es\/wp-content\/uploads\/2021\/04\/VERALLIA-1700-x-500-1536x452.jpg 1536w, https:\/\/enolife.com.ar\/es\/wp-content\/uploads\/2021\/04\/VERALLIA-1700-x-500-1170x344.jpg 1170w, https:\/\/enolife.com.ar\/es\/wp-content\/uploads\/2021\/04\/VERALLIA-1700-x-500-585x172.jpg 585w\" sizes=\"auto, (max-width: 1700px) 100vw, 1700px\" width=\"1700\" height=\"500\"   \/><\/a>\n\n\n<div style=\"height:45px\" aria-hidden=\"true\" class=\"wp-block-spacer\"><\/div>\n\n\n\n<p>El objetivo de esta formaci\u00f3n es que todas las candidatas al cetro vendimial adquieran los conocimientos necesarios para constituirse en embajadoras de la cultura vitivin\u00edcola, sus referencias hist\u00f3ricas, identitarias y sociales. Y, los mendocinos y turistas podr\u00e1n encontrarse con ellas para acercarles su afecto el d\u00eda de la degustaci\u00f3n. La capacitaci\u00f3n estar\u00e1 a cargo de la experta en enoturismo y sommelier <strong>Lorena Fain Binda.<\/strong><\/p>\n\n\n\n<p>De este modo, La Enoteca, como espacio referencial de la cultura de la vi\u00f1a y el vino de <strong>Mendoza<\/strong> se convierte en territorio para disfrutar y vivir las instancias previas a los actos centrales del festejo. Es que para la ocasi\u00f3n no solo recibir\u00e1 la visita de las candidatas al cetro vendimial 2024, sino que adem\u00e1s ofrecer\u00e1 a los visitantes una exposici\u00f3n de la utiler\u00eda costumbrista que ha vestido los escenarios del Frank Romero Day en a\u00f1os anteriores.<\/p>\n\n\n\n<p>Quienes se acerquen a saludar a sus representantes tambi\u00e9n podr\u00e1n disfrutar de un recorrido que permite conocer y vivenciar el arte desplegado en esta gran fiesta de los mendocinos. Se trata de una muestra de objetos de arte y utiler\u00eda que han formado parte de la Fiesta de la Vendimia.<\/p>\n\n\n\n<p>Parte de esta historia que identifica a los mendocinos estar\u00e1 expuesta en la muestra de utiler\u00eda que se desplegar\u00e1 en <strong>La Enoteca <\/strong>y que podr\u00e1 visitarse de lunes a viernes con recorridos que parten a las 10.40, 11.50, 13, 14.35 y 15.40. No se requiere reserva previa y el valor es de $2.500 y $2.000 para mendocinos; $1.500 para jubilados y estudiantes; gratis para ni\u00f1os de hasta 12 a\u00f1os.<\/p>\n\n\n\n<p class=\"has-background\" style=\"background-color:#abb7c238\"><strong>Para mayor informaci\u00f3n sobre estas visitas, comunicarse al WhatsApp al +54 9 261 659 5405, por mail a  <a href=\"visitasguiadas@laenoteca.com.ar\" title=\"\">visitasguiadas@laenoteca.com.ar <\/a>y <a href=\"https:\/\/www.instagram.com\/laenoteca1902\/?hl=es-la\" title=\"\">@laenoteca1902<\/a><\/strong><\/p>\n\n\n\n<div style=\"height:30px\" aria-hidden=\"true\" class=\"wp-block-spacer\"><\/div>\n","protected":false},"excerpt":{"rendered":"<p>Las soberanas vendimiales de todos los departamentos de Mendoza participar\u00e1n de una capacitaci\u00f3n sobre cultura&hellip;<\/p>\n","protected":false},"author":3,"featured_media":110960,"comment_status":"open","ping_status":"open","sticky":false,"template":"","format":"standard","meta":{"footnotes":""},"categories":[47],"tags":[],"class_list":["post-110938","post","type-post","status-publish","format-standard","has-post-thumbnail","hentry","category-agenda"],"_links":{"self":[{"href":"https:\/\/enolife.com.ar\/es\/wp-json\/wp\/v2\/posts\/110938","targetHints":{"allow":["GET"]}}],"collection":[{"href":"https:\/\/enolife.com.ar\/es\/wp-json\/wp\/v2\/posts"}],"about":[{"href":"https:\/\/enolife.com.ar\/es\/wp-json\/wp\/v2\/types\/post"}],"author":[{"embeddable":true,"href":"https:\/\/enolife.com.ar\/es\/wp-json\/wp\/v2\/users\/3"}],"replies":[{"embeddable":true,"href":"https:\/\/enolife.com.ar\/es\/wp-json\/wp\/v2\/comments?post=110938"}],"version-history":[{"count":0,"href":"https:\/\/enolife.com.ar\/es\/wp-json\/wp\/v2\/posts\/110938\/revisions"}],"wp:featuredmedia":[{"embeddable":true,"href":"https:\/\/enolife.com.ar\/es\/wp-json\/wp\/v2\/media\/110960"}],"wp:attachment":[{"href":"https:\/\/enolife.com.ar\/es\/wp-json\/wp\/v2\/media?parent=110938"}],"wp:term":[{"taxonomy":"category","embeddable":true,"href":"https:\/\/enolife.com.ar\/es\/wp-json\/wp\/v2\/categories?post=110938"},{"taxonomy":"post_tag","embeddable":true,"href":"https:\/\/enolife.com.ar\/es\/wp-json\/wp\/v2\/tags?post=110938"}],"curies":[{"name":"wp","href":"https:\/\/api.w.org\/{rel}","templated":true}]}}