{"id":110915,"date":"2024-02-17T14:32:58","date_gmt":"2024-02-17T14:32:58","guid":{"rendered":"https:\/\/enolife.com.ar\/es\/?p=110915"},"modified":"2024-02-19T14:56:10","modified_gmt":"2024-02-19T14:56:10","slug":"vinateros-de-mendoza-y-san-juan-haran-el-velorio-del-vino-el-21-2-por-el-bajo-precio-de-la-uva","status":"publish","type":"post","link":"https:\/\/enolife.com.ar\/es\/vinateros-de-mendoza-y-san-juan-haran-el-velorio-del-vino-el-21-2-por-el-bajo-precio-de-la-uva\/","title":{"rendered":"Vi\u00f1ateros de Mendoza y San Juan har\u00e1n el \u00abvelorio del vino\u00bb el 21\/2 por el bajo precio de la uva"},"content":{"rendered":"\n<h4 class=\"wp-block-heading\"><em><strong>Productores del Norte y el Este de Mendoza, junto a vi\u00f1ateros del sur de San Juan, decidieron realizar una original protesta para reclamar que las bodegas les paguen mejores precios por la uva que est\u00e1n cosechando. Ser\u00e1 un \u00abcaravanazo\u00bb con \u00abvelorio de la Vendimia\u00bb, en el que llevar\u00e1n un f\u00e9retro lleno de uva por las rutas y calles mendocinas, partiendo del lugar de concentraci\u00f3n en Ruta Nacional 7 y Costa Canal Montecaseros de San Mart\u00edn, Mendoza, el mi\u00e9rcoles 21\/2 a las 11 horas. Seg\u00fan comunicaron, las empresas quieren pagarles $160 por kilo de uva criolla, en dos veces, cuando seg\u00fan sus c\u00e1lculos y costos, esa uva b\u00e1sica, mayoritaria en el Este mendocino, vale $350 el kilo.<\/strong><\/em><\/h4>\n\n\n\n<div style=\"height:35px\" aria-hidden=\"true\" class=\"wp-block-spacer\"><\/div>\n\n\n<a href=\"https:\/\/www.facebook.com\/SindicatoContratitas\/\" aria-label=\"banner contratistas 1700&#215;500\"><img loading=\"lazy\" decoding=\"async\" src=\"https:\/\/enolife.com.ar\/es\/wp-content\/uploads\/2020\/08\/banner-contratistas-1700x500-1.jpg\" alt=\"\"  srcset=\"https:\/\/enolife.com.ar\/es\/wp-content\/uploads\/2020\/08\/banner-contratistas-1700x500-1.jpg 1700w, https:\/\/enolife.com.ar\/es\/wp-content\/uploads\/2020\/08\/banner-contratistas-1700x500-1-300x88.jpg 300w, https:\/\/enolife.com.ar\/es\/wp-content\/uploads\/2020\/08\/banner-contratistas-1700x500-1-1024x301.jpg 1024w, https:\/\/enolife.com.ar\/es\/wp-content\/uploads\/2020\/08\/banner-contratistas-1700x500-1-768x226.jpg 768w, https:\/\/enolife.com.ar\/es\/wp-content\/uploads\/2020\/08\/banner-contratistas-1700x500-1-1536x452.jpg 1536w, https:\/\/enolife.com.ar\/es\/wp-content\/uploads\/2020\/08\/banner-contratistas-1700x500-1-1170x344.jpg 1170w, https:\/\/enolife.com.ar\/es\/wp-content\/uploads\/2020\/08\/banner-contratistas-1700x500-1-585x172.jpg 585w\" sizes=\"auto, (max-width: 1700px) 100vw, 1700px\" width=\"1700\" height=\"500\"   \/><\/a>\n\n\n<div style=\"height:45px\" aria-hidden=\"true\" class=\"wp-block-spacer\"><\/div>\n\n\n\n<p>En una asamblea realizada en Jun\u00edn, Mendoza, en la que participaron referentes y representantes de cooperativas de Lavalle, Rivadavia, San Mart\u00edn, Jun\u00edn y&nbsp; Maip\u00fa, con el acompa\u00f1amiento de la Federaci\u00f3n Agraria de Mendoza, decidieron realizar distintas acciones de protesta <em>\u00abde no mejorar las condiciones de precios y para torcer la inacci\u00f3n del gobierno\u00bb<\/em>, seg\u00fan manifestaron.<\/p>\n\n\n\n<p>Los<strong>&nbsp;viticultores<\/strong>&nbsp;expresan un profundo malestar frente a las remuneraciones que perciben por sus uvas y vinos, consider\u00e1ndolas insuficientes para cubrir los costos de producci\u00f3n y sustento. La situaci\u00f3n se agrava ante lo que consideran una falta de respuestas y pol\u00edticas efectivas por parte de los gobiernos provinciales de&nbsp;<strong>Mendoza<\/strong>&nbsp;y&nbsp;<strong>San Juan<\/strong>.<\/p>\n\n\n\n<p>El \u00abcaravanazo\u00bb busca ser un llamado de atenci\u00f3n hacia las autoridades y la sociedad en general sobre las dificultades que enfrenta el sector&nbsp;<strong>vitivin\u00edcola<\/strong>, fundamental para la econom\u00eda y la cultura de ambas provincias. <\/p>\n\n\n\n<div style=\"height:25px\" aria-hidden=\"true\" class=\"wp-block-spacer\"><\/div>\n\n\n\n<p class=\"has-medium-font-size\"><strong>\u00abVamos a llevar un f\u00e9retro con uva\u00bb<\/strong>&nbsp;&nbsp;<\/p>\n\n\n\n<p>Entrevistado por el diario Mendoza Post, el productor&nbsp;<strong>Luis Ca\u00f1a<\/strong> cont\u00f3 que el pr\u00f3ximo mi\u00e9rcoles 21 de febrero, a partir de las 11, realizar\u00e1n un caravanazo denominado<strong>&nbsp;\u00abVelorio de Vendimia\u00bb<\/strong>. La concentraci\u00f3n ser\u00e1 en Ruta 7 y&nbsp; Costa Canal Montecaseros, desde donde recorrer\u00e1n&nbsp; los departamentos del Este. <em>\u00abVamos a llevar un f\u00e9retro con uva\u00bb<\/em> destac\u00f3, al tiempo que&nbsp;no descart\u00f3 repetir la medida durante la<strong> V\u00eda Blanca&nbsp;<\/strong>de las reinas si no obtienen resultados favorables.<\/p>\n\n\n\n<p><em>\u00abHemos tenido apoyo tambi\u00e9n de San Juan. Me llamaron desde&nbsp; la Asociaci\u00f3n de Vi\u00f1ateros Independientes de San Juan; su&nbsp; presidente Jos\u00e9 Ramos me dijo que iba a participar con algunos productores,&nbsp; que vendr\u00e1n&nbsp; a Mendoza, y que tambi\u00e9n van a tratar de hacer alguna acci\u00f3n en&nbsp; su provincia\u00bb<\/em>, se\u00f1al\u00f3.&nbsp;&nbsp;<\/p>\n\n\n\n<p>Ca\u00f1a indic\u00f3 a la periodista <strong>Evangelina Arg\u00fcello<\/strong>, del Mendoza Post, que <em>\u00abel precio que est\u00e1 pagando la industria son 160 pesos de una sola variedad, que es la que m\u00e1s cantidad hay en el Este Mendocino, que es la uva&nbsp; criolla o mezcla. Est\u00e1n ofreciendo 160 pesos, 50% de contado y el resto financiado en dos meses. Seg\u00fan lo que se habl\u00f3 en reuniones anteriores&nbsp; en el INTA, respecto del costo de producci\u00f3n,&nbsp; lo que estamos pidiendo nosotros es 35 centavos de d\u00f3lar ($350 aproximadamente). No es que el productor quiera d\u00f3lares, el problema es la incertidumbre y la inflaci\u00f3n, por eso es que lo hemos puesto en precio de d\u00f3lar, por si hay una variaci\u00f3n, para poderla financiar\u00bb.<\/em><\/p>\n\n\n\n<p><em>\u00abCuando sali\u00f3 el costo de producci\u00f3n,&nbsp; eran 290 pesos; hoy,&nbsp; el d\u00f3lar oficial ya subi\u00f3 y son 298 pesos aproximadamente el kilo de uva, que es lo que pedimos nosotros, pero&nbsp; la industria&nbsp; ofrece $160 financiados sin actualizaci\u00f3n.&nbsp; Entonces,&nbsp; queremos ver de qu\u00e9 forma podemos achicar esa brecha\u00bb, <\/em>agreg\u00f3.&nbsp;<\/p>\n\n\n\n<p>Y finaliz\u00f3 Ca\u00f1a: <em>\u00abLe pido al Gobierno que por lo menos haga lo que hicieron los \u00faltimos 20 a\u00f1os, que fue el operativo de compra de uvas. No estoy pidiendo nada nuevo. Este mismo gobierno, en sus cuatro a\u00f1os anteriores lo hizo. Y, si tomamos el radicalismo, lo hizo en los ocho a\u00f1os de gesti\u00f3n. Y as\u00ed tambi\u00e9n lo hicieron los anteriores gobiernos. Desde la \u00e9poca de la ministra Laura Montero, siempre hubo intervenci\u00f3n del Estado. Hay que recordar que es el eslab\u00f3n d\u00e9bil de la cadena y del negocio. Estamos compitiendo, los productores, con unos pulpos monopolios de mucho poder y formadores de precios. Entonces, espero que les aparezca alguna otra idea, que no sea la que yo estoy planteando. Pero algo tienen que hacer\u00bb<\/em>.<\/p>\n\n\n\n<div style=\"height:15px\" aria-hidden=\"true\" class=\"wp-block-spacer\"><\/div>\n\n\n\n<p class=\"has-small-font-size\"><em><strong>Fuentes: Mendoza Post y Diario de Cuyo de San Juan<\/strong><\/em><\/p>\n\n\n\n<div style=\"height:20px\" aria-hidden=\"true\" class=\"wp-block-spacer\"><\/div>\n","protected":false},"excerpt":{"rendered":"<p>Productores del Norte y el Este de Mendoza, junto a vi\u00f1ateros del sur de San&hellip;<\/p>\n","protected":false},"author":3,"featured_media":110933,"comment_status":"open","ping_status":"open","sticky":false,"template":"","format":"standard","meta":{"footnotes":""},"categories":[14],"tags":[],"class_list":["post-110915","post","type-post","status-publish","format-standard","has-post-thumbnail","hentry","category-news"],"_links":{"self":[{"href":"https:\/\/enolife.com.ar\/es\/wp-json\/wp\/v2\/posts\/110915","targetHints":{"allow":["GET"]}}],"collection":[{"href":"https:\/\/enolife.com.ar\/es\/wp-json\/wp\/v2\/posts"}],"about":[{"href":"https:\/\/enolife.com.ar\/es\/wp-json\/wp\/v2\/types\/post"}],"author":[{"embeddable":true,"href":"https:\/\/enolife.com.ar\/es\/wp-json\/wp\/v2\/users\/3"}],"replies":[{"embeddable":true,"href":"https:\/\/enolife.com.ar\/es\/wp-json\/wp\/v2\/comments?post=110915"}],"version-history":[{"count":0,"href":"https:\/\/enolife.com.ar\/es\/wp-json\/wp\/v2\/posts\/110915\/revisions"}],"wp:featuredmedia":[{"embeddable":true,"href":"https:\/\/enolife.com.ar\/es\/wp-json\/wp\/v2\/media\/110933"}],"wp:attachment":[{"href":"https:\/\/enolife.com.ar\/es\/wp-json\/wp\/v2\/media?parent=110915"}],"wp:term":[{"taxonomy":"category","embeddable":true,"href":"https:\/\/enolife.com.ar\/es\/wp-json\/wp\/v2\/categories?post=110915"},{"taxonomy":"post_tag","embeddable":true,"href":"https:\/\/enolife.com.ar\/es\/wp-json\/wp\/v2\/tags?post=110915"}],"curies":[{"name":"wp","href":"https:\/\/api.w.org\/{rel}","templated":true}]}}